{"id":107,"date":"2013-03-27T13:46:36","date_gmt":"2013-03-27T12:46:36","guid":{"rendered":"http:\/\/sven-teuber.info\/wordpress\/?p=107"},"modified":"2013-03-27T16:50:07","modified_gmt":"2013-03-27T15:50:07","slug":"new-pictures-27-03-2013","status":"publish","type":"post","link":"https:\/\/sven-teuber.info\/wordpress\/new-pictures-27-03-2013\/","title":{"rendered":"New Pictures 27.03.2013"},"content":{"rendered":"<p>Anbei eine Sammlung von neuen Fotos, die in diesem Monat entstanden sind. Einige davon sind in die\u00a0<a href=\"http:\/\/www.sven-teuber.info\/galerie.htm\"><em>Galerien<\/em><\/a> neu eingef\u00fcgt worden.<br \/>\nDie ersten drei Fotos folgen dem Ansatz der Reduktion der zu verwendeten Motive. Das Motiv<em><\/em> sollte dabei auf das Minimum reduziert werden und sich dem Raum unterordnen.<br \/>\nDie nachfolgenden Bilder sind in Budapest entstanden. Zwei davon sind ein Mix von Fotografie und Malerei. Die anderen Bilder aus Budapest sind Architekturaufnahmen, die einer geometrischen Grundstruktur folgen und die Panoramaaufnahme eines Verwaltungsgeb\u00e4udes mit Kunstoffverkleidungselementen, in denen sich gelbe sowie die verblassten roten Fassadenteile im Kontrast zu den Betonelementen des Geb\u00e4udes stehen.<br \/>\nDie Naturaufnahmen stammen aus der K\u00f6lner Umgebung und aus dem Japanischen Garten in Leverkusen. Die Urbane mit ihren k\u00fcnstlich geschaffenen Naturr\u00e4umen folgen einer Ordnung, die der menschlichen\u00a0Aesthetik entspringt. Im Widerspruch dazu steht die vermeidliche Weite der Parkanlage mit dem Arrangement des Japanischen Gartens.<\/p>\n<p>[nggallery id=4]<\/p>\n","protected":false},"excerpt":{"rendered":"<p>Anbei eine Sammlung von neuen Fotos, die in diesem Monat entstanden sind. Einige davon sind in die\u00a0Galerien neu eingef\u00fcgt worden. Die ersten drei Fotos folgen dem Ansatz der Reduktion der zu verwendeten Motive. Das Motiv sollte dabei auf das Minimum &hellip; <a href=\"https:\/\/sven-teuber.info\/wordpress\/new-pictures-27-03-2013\/\">Weiterlesen <span class=\"meta-nav\">&rarr;<\/span><\/a><\/p>\n","protected":false},"author":2,"featured_media":0,"comment_status":"open","ping_status":"closed","sticky":false,"template":"","format":"standard","meta":{"_crdt_document":"","jetpack_post_was_ever_published":false,"_jetpack_newsletter_access":"","_jetpack_dont_email_post_to_subs":false,"_jetpack_newsletter_tier_id":0,"_jetpack_memberships_contains_paywalled_content":false,"_jetpack_memberships_contains_paid_content":false,"footnotes":"","jetpack_publicize_message":"","jetpack_publicize_feature_enabled":true,"jetpack_social_post_already_shared":false,"jetpack_social_options":{"image_generator_settings":{"template":"highway","default_image_id":0,"font":"","enabled":false},"version":2}},"categories":[8,10,2],"tags":[],"class_list":["post-107","post","type-post","status-publish","format-standard","hentry","category-foto-stretch","category-peinture","category-photographie"],"jetpack_publicize_connections":[],"jetpack_featured_media_url":"","jetpack_sharing_enabled":true,"jetpack_shortlink":"https:\/\/wp.me\/p3CWBT-1J","jetpack-related-posts":[{"id":6739,"url":"https:\/\/sven-teuber.info\/wordpress\/lasswell-formel-fuer-starke-fotos\/","url_meta":{"origin":107,"position":0},"title":"Lasswell-Formel f\u00fcr starke Fotos","author":"steuber","date":"2. Oktober 2025","format":false,"excerpt":"\u00a0 Die Lasswell-Formel ist ein klassisches Kommunikationsmodell, das sich brillant auf die konzeptionelle Fotografie \u00fcbertragen l\u00e4sst. Als Fotograf nutze ich sie als mentale Checkliste, um meine Bildideen von vornherein aussagekr\u00e4ftiger und zielgerichteter zu planen und dann zu Fotografieren.Statt einfach nur \"ein sch\u00f6nes Bild\" zu machen, helfe ich mir mit diesen\u2026","rel":"","context":"In &quot;Allgemein&quot;","block_context":{"text":"Allgemein","link":"https:\/\/sven-teuber.info\/wordpress\/category\/allgemein\/"},"img":{"alt_text":"","src":"https:\/\/i0.wp.com\/sven-teuber.info\/wordpress\/wp-content\/uploads\/2018\/03\/137E787D-E321-488E-A01C-84DA1C9E39BD.jpeg?resize=350%2C200&ssl=1","width":350,"height":200,"srcset":"https:\/\/i0.wp.com\/sven-teuber.info\/wordpress\/wp-content\/uploads\/2018\/03\/137E787D-E321-488E-A01C-84DA1C9E39BD.jpeg?resize=350%2C200&ssl=1 1x, https:\/\/i0.wp.com\/sven-teuber.info\/wordpress\/wp-content\/uploads\/2018\/03\/137E787D-E321-488E-A01C-84DA1C9E39BD.jpeg?resize=525%2C300&ssl=1 1.5x, https:\/\/i0.wp.com\/sven-teuber.info\/wordpress\/wp-content\/uploads\/2018\/03\/137E787D-E321-488E-A01C-84DA1C9E39BD.jpeg?resize=700%2C400&ssl=1 2x, https:\/\/i0.wp.com\/sven-teuber.info\/wordpress\/wp-content\/uploads\/2018\/03\/137E787D-E321-488E-A01C-84DA1C9E39BD.jpeg?resize=1050%2C600&ssl=1 3x, https:\/\/i0.wp.com\/sven-teuber.info\/wordpress\/wp-content\/uploads\/2018\/03\/137E787D-E321-488E-A01C-84DA1C9E39BD.jpeg?resize=1400%2C800&ssl=1 4x"},"classes":[]},{"id":5749,"url":"https:\/\/sven-teuber.info\/wordpress\/all-your-base\/","url_meta":{"origin":107,"position":1},"title":"All Your Base","author":"steuber","date":"26. November 2022","format":false,"excerpt":"Die Projektionen der AYB die auf der Fassade der Liebig 257 zu sehen waren nutze ich zur Inspiration. Ich entschied mich drei ausgew\u00e4hlte Fotos zu verwenden, die ich gemacht hatte, um damit weiter zu arbeiten. Die Idee die Zahl 3 weiter zu verwenden um diese \u00fcber drei Themenfelder Thematisch aufzugreifen,\u2026","rel":"","context":"In &quot;Allgemein&quot;","block_context":{"text":"Allgemein","link":"https:\/\/sven-teuber.info\/wordpress\/category\/allgemein\/"},"img":{"alt_text":"","src":"https:\/\/i0.wp.com\/sven-teuber.info\/wordpress\/wp-content\/uploads\/2022\/11\/ALL-YOUR-BASE_D.jpg?resize=350%2C200&ssl=1","width":350,"height":200,"srcset":"https:\/\/i0.wp.com\/sven-teuber.info\/wordpress\/wp-content\/uploads\/2022\/11\/ALL-YOUR-BASE_D.jpg?resize=350%2C200&ssl=1 1x, https:\/\/i0.wp.com\/sven-teuber.info\/wordpress\/wp-content\/uploads\/2022\/11\/ALL-YOUR-BASE_D.jpg?resize=525%2C300&ssl=1 1.5x, https:\/\/i0.wp.com\/sven-teuber.info\/wordpress\/wp-content\/uploads\/2022\/11\/ALL-YOUR-BASE_D.jpg?resize=700%2C400&ssl=1 2x, https:\/\/i0.wp.com\/sven-teuber.info\/wordpress\/wp-content\/uploads\/2022\/11\/ALL-YOUR-BASE_D.jpg?resize=1050%2C600&ssl=1 3x, https:\/\/i0.wp.com\/sven-teuber.info\/wordpress\/wp-content\/uploads\/2022\/11\/ALL-YOUR-BASE_D.jpg?resize=1400%2C800&ssl=1 4x"},"classes":[]},{"id":2483,"url":"https:\/\/sven-teuber.info\/wordpress\/vorankuendigung-15-1116-11-artclub-koeln\/","url_meta":{"origin":107,"position":2},"title":"NDIVIDUALMARKT &#8211; Kunstmesse der W\u00fcnsche 15.11\/16.11 Artclub K\u00f6ln","author":"steuber","date":"3. November 2014","format":false,"excerpt":"VORANK\u00dcNDIGUNG Liebe Kunstfreunde und Kunstk\u00e4ufer, wir bitten Sie sehr freundlich um Ihre gesch\u00e4tzte Aufmerksamkeit. Der artclub hat eine ganz neue Art von Kunstmesse erfunden: \u201eINDIVIDUALMARKT - Kunstmesse der W\u00fcnsche Die erste Kunstmesse der Welt, auf der es keine fertigen Kunstwerke zu kaufen gibt. Sa, 15. 11., von 15 bis 20\u2026","rel":"","context":"In &quot;Allgemein&quot;","block_context":{"text":"Allgemein","link":"https:\/\/sven-teuber.info\/wordpress\/category\/allgemein\/"},"img":{"alt_text":"artclubPRESSE135KI1114","src":"https:\/\/i0.wp.com\/sven-teuber.info\/wordpress\/wp-content\/uploads\/2014\/11\/artclubPRESSE135KI1114.jpg?resize=350%2C200","width":350,"height":200,"srcset":"https:\/\/i0.wp.com\/sven-teuber.info\/wordpress\/wp-content\/uploads\/2014\/11\/artclubPRESSE135KI1114.jpg?resize=350%2C200 1x, https:\/\/i0.wp.com\/sven-teuber.info\/wordpress\/wp-content\/uploads\/2014\/11\/artclubPRESSE135KI1114.jpg?resize=525%2C300 1.5x"},"classes":[]},{"id":3405,"url":"https:\/\/sven-teuber.info\/wordpress\/dada-kocht\/","url_meta":{"origin":107,"position":3},"title":"DADA Kocht und morgen geht es los, 100 Jahre Dada","author":"steuber","date":"4. Februar 2016","format":"image","excerpt":"Analoge Fotografie, Mixt Technik auf Foto-Barytpapier. Konzept und Idee, anschlie\u00dfend sind die Fotos mit einer analogen Kamera gemacht worden und der Film wurde in der Dunkelkammer entwickelt. Vorbereitungen: Versuchsreihe f\u00fcr die Belichtung der drei Motive erstellt und Papierschablonen ausgeschnitten sowie Fixierlochungen in einem Hilfsrahmen f\u00fcr die Papierschablonen angebracht. Abwedelwerkzeuge f\u00fcr\u2026","rel":"","context":"In &quot;Foto-stretch&quot;","block_context":{"text":"Foto-stretch","link":"https:\/\/sven-teuber.info\/wordpress\/category\/foto-stretch\/"},"img":{"alt_text":"","src":"","width":0,"height":0},"classes":[]},{"id":2641,"url":"https:\/\/sven-teuber.info\/wordpress\/kabarettist-dieter-nuhr-praesentiert-fotokunst-in-essen\/","url_meta":{"origin":107,"position":4},"title":"Kabarettist Dieter Nuhr pr\u00e4sentiert Fotokunst in Essen","author":"steuber","date":"19. Januar 2015","format":false,"excerpt":"Dieter Nuhr ist nicht nur ein kom\u00f6diantischer K\u00fcnstler. Dieter Nuhr ist bekannt f\u00fcr seine witzigen Shows als Kabarettist. In Essen zeigt er nun Fotos, die er auf Reisen gemacht hat. Die Bilder sind ernst. Der Kabarettist Dieter Nuhr pr\u00e4sentiert von Ende Januar an in der Ausstellung \"Fremdes Terrain\" in Essen\u2026","rel":"","context":"In &quot;Allgemein&quot;","block_context":{"text":"Allgemein","link":"https:\/\/sven-teuber.info\/wordpress\/category\/allgemein\/"},"img":{"alt_text":"","src":"","width":0,"height":0},"classes":[]},{"id":4569,"url":"https:\/\/sven-teuber.info\/wordpress\/la-fiesta-de-los-muertos\/","url_meta":{"origin":107,"position":5},"title":"Ausstellung, LA FIESTA DE LOS MUERTOS","author":"steuber","date":"21. September 2018","format":false,"excerpt":"ST Titel: Santa Muerte, 2018 ARISTOKRASS GALERIE Huhnsgasse 46 | 50676 K\u00f6ln | www.aristokrass.com | info@aristokrass.com\u00d6FFNNUNGSZEITEN: Mi.-Sa. | 16-20 Uhr LA FIESTA DE LOS MUERTOS AUSSTELLUNG vom 19.10.18 - 24.11.18Vernissage am 19.10.18 ab 19 Uhr In der neuen Ausstellungsreihe \u201eLA FIESTA DE LOS MUERTOS\u201c von ARISTOKRASS wird die Galerie ARISTOKRASS\u2026","rel":"","context":"In &quot;Photographie&quot;","block_context":{"text":"Photographie","link":"https:\/\/sven-teuber.info\/wordpress\/category\/photographie\/"},"img":{"alt_text":"","src":"https:\/\/i0.wp.com\/sven-teuber.info\/wordpress\/wp-content\/uploads\/2018\/09\/Santa-Muerte.jpg?resize=350%2C200&ssl=1","width":350,"height":200},"classes":[]}],"jetpack_likes_enabled":true,"_links":{"self":[{"href":"https:\/\/sven-teuber.info\/wordpress\/wp-json\/wp\/v2\/posts\/107","targetHints":{"allow":["GET"]}}],"collection":[{"href":"https:\/\/sven-teuber.info\/wordpress\/wp-json\/wp\/v2\/posts"}],"about":[{"href":"https:\/\/sven-teuber.info\/wordpress\/wp-json\/wp\/v2\/types\/post"}],"author":[{"embeddable":true,"href":"https:\/\/sven-teuber.info\/wordpress\/wp-json\/wp\/v2\/users\/2"}],"replies":[{"embeddable":true,"href":"https:\/\/sven-teuber.info\/wordpress\/wp-json\/wp\/v2\/comments?post=107"}],"version-history":[{"count":14,"href":"https:\/\/sven-teuber.info\/wordpress\/wp-json\/wp\/v2\/posts\/107\/revisions"}],"predecessor-version":[{"id":112,"href":"https:\/\/sven-teuber.info\/wordpress\/wp-json\/wp\/v2\/posts\/107\/revisions\/112"}],"wp:attachment":[{"href":"https:\/\/sven-teuber.info\/wordpress\/wp-json\/wp\/v2\/media?parent=107"}],"wp:term":[{"taxonomy":"category","embeddable":true,"href":"https:\/\/sven-teuber.info\/wordpress\/wp-json\/wp\/v2\/categories?post=107"},{"taxonomy":"post_tag","embeddable":true,"href":"https:\/\/sven-teuber.info\/wordpress\/wp-json\/wp\/v2\/tags?post=107"}],"curies":[{"name":"wp","href":"https:\/\/api.w.org\/{rel}","templated":true}]}}