{"id":170,"date":"2013-05-21T09:27:03","date_gmt":"2013-05-21T08:27:03","guid":{"rendered":"http:\/\/sven-teuber.info\/wordpress\/?p=170"},"modified":"2013-05-21T09:27:03","modified_gmt":"2013-05-21T08:27:03","slug":"artclub-einladung-vernissage-fr-24-5","status":"publish","type":"post","link":"https:\/\/sven-teuber.info\/wordpress\/artclub-einladung-vernissage-fr-24-5\/","title":{"rendered":"Artclub &#8211; Einladung Vernissage Fr. 24.5."},"content":{"rendered":"<p>Liebe Kunstfreunde,<\/p>\n<p>zur Er\u00f6ffnung der Ausstellungen laden wir herzlich ein:<br \/>\n<b><br \/>\nVernissage Fr. 24.5., von 19 &#8211; 23 Uhr<\/b><\/p>\n<p><b>&#8222;<i>Farbraum<\/i>&#8220; <\/b><\/p>\n<p>Die ganze Vielfalt der Kunst versammelt sich im artclub.<br \/>\nDie Gemeinschaftsausstellung ist bis zum 23.6. zu sehen.<br \/>\nT\u00e4glich ge\u00f6ffnet, Mo. &#8211; So. 15 &#8211; 20 Uhr<br \/>\n<span style=\"font-family: Arial;\"><b><br \/>\nArtclub<\/b><br \/>\n<b>GALERIE + ARCHIV AKTIV + K\u00dcNSTLERCLUB + VERANSTALTUNGSRAUM<\/b><br \/>\nMelchiorstr. 14\u00a0\u00a0 &#8211;\u00a0 50670 K\u00f6ln &#8211; Agnesviertel\u00a0 &#8211; Gegen\u00fcber &#8222;Alte Feuerwache&#8220;<br \/>\nMail: <a href=\"mailto:mail@artclub-Galerie.de\">mail@artclub-Galerie.de<\/a>\u00a0\u00a0\u00a0\u00a0 Web:\u00a0 <a href=\"http:\/\/www.artclub-galerie.de\">www.artclub-galerie.de<\/a><br \/>\n<\/span><\/p>\n","protected":false},"excerpt":{"rendered":"<p>Liebe Kunstfreunde, zur Er\u00f6ffnung der Ausstellungen laden wir herzlich ein: Vernissage Fr. 24.5., von 19 &#8211; 23 Uhr &#8222;Farbraum&#8220; Die ganze Vielfalt der Kunst versammelt sich im artclub. Die Gemeinschaftsausstellung ist bis zum 23.6. zu sehen. T\u00e4glich ge\u00f6ffnet, Mo. &#8211; &hellip; <a href=\"https:\/\/sven-teuber.info\/wordpress\/artclub-einladung-vernissage-fr-24-5\/\">Weiterlesen <span class=\"meta-nav\">&rarr;<\/span><\/a><\/p>\n","protected":false},"author":2,"featured_media":0,"comment_status":"open","ping_status":"closed","sticky":false,"template":"","format":"standard","meta":{"_crdt_document":"","jetpack_post_was_ever_published":false,"_jetpack_newsletter_access":"","_jetpack_dont_email_post_to_subs":false,"_jetpack_newsletter_tier_id":0,"_jetpack_memberships_contains_paywalled_content":false,"_jetpack_memberships_contains_paid_content":false,"footnotes":"","jetpack_publicize_message":"","jetpack_publicize_feature_enabled":true,"jetpack_social_post_already_shared":false,"jetpack_social_options":{"image_generator_settings":{"template":"highway","default_image_id":0,"font":"","enabled":false},"version":2}},"categories":[4],"tags":[],"class_list":["post-170","post","type-post","status-publish","format-standard","hentry","category-exhibition"],"jetpack_publicize_connections":[],"jetpack_featured_media_url":"","jetpack_sharing_enabled":true,"jetpack_shortlink":"https:\/\/wp.me\/p3CWBT-2K","jetpack-related-posts":[{"id":3315,"url":"https:\/\/sven-teuber.info\/wordpress\/vernissage-fr-22-1-von-19-23-uhr-artclub-koeln\/","url_meta":{"origin":170,"position":0},"title":"Vernissage Fr. 22.1., von 19 &#8211; 23 Uhr, Artclub K\u00f6ln","author":"steuber","date":"18. Januar 2016","format":"status","excerpt":"Vernissage Fr. 22.1., von 19 - 23 Uhr, Artclub K\u00f6ln Liebe Kunstfreundinnen und Kunstfreunde, hiermit laden wir herzlich zur Ausstellungser\u00f6ffnung von vier neuen Ausstellungen: Vernissage Fr. 22.1., von 19 - 23 Uhr Er\u00f6ffnung der neuen artclub-Gemeinschaftsausstellung unter dem Titel \"Diverse Diversit\u00e4t\". Die Ausstellung ist dem K\u00fcnstler Joseph Beuys gewidmet, zum\u2026","rel":"","context":"In &quot;Allgemein&quot;","block_context":{"text":"Allgemein","link":"https:\/\/sven-teuber.info\/wordpress\/category\/allgemein\/"},"img":{"alt_text":"","src":"","width":0,"height":0},"classes":[]},{"id":576,"url":"https:\/\/sven-teuber.info\/wordpress\/naechste-austellung-im-artclub-koeln-randgebiete\/","url_meta":{"origin":170,"position":1},"title":"N\u00e4chste Austellung im Artclub K\u00f6ln: &#8222;Randgebiete&#8220;","author":"steuber","date":"12. August 2013","format":false,"excerpt":"Die n\u00e4chste Ausstellung tr\u00e4gt den Titel: \"Randgebiete\" die Vernissage ist am Fr. 23.8. und die Finissage ist am So 22.9. Bitte vormerken! artclub GALERIE + ARCHIV AKTIV + K\u00dcNSTLERCLUB + VERANSTALTUNGSRAUM Melchiorstr. 14\u00a0\u00a0 -\u00a0 50670 K\u00f6ln - Agnesviertel\u00a0 - Gegen\u00fcber \"Alte Feuerwache\" Mail: mail@artclub-Galerie.de\u00a0\u00a0\u00a0\u00a0 Web:\u00a0 www.artclub-galerie.de \u00a0","rel":"","context":"In &quot;Allgemein&quot;","block_context":{"text":"Allgemein","link":"https:\/\/sven-teuber.info\/wordpress\/category\/allgemein\/"},"img":{"alt_text":"","src":"","width":0,"height":0},"classes":[]},{"id":2478,"url":"https:\/\/sven-teuber.info\/wordpress\/artclub-gemeinschaftsausstellung-power-of-art\/","url_meta":{"origin":170,"position":2},"title":"Artclub-Gemeinschaftsausstellung &#8222;Power of Art&#8220;","author":"steuber","date":"2. November 2014","format":"aside","excerpt":"artclub GALERIE + ARCHIV AKTIV + K\u00dcNSTLERCLUB + VERANSTALTUNGSRAUM Melchiorstr. 14\u00a0\u00a0 -\u00a0 50670 K\u00f6ln - Agnesviertel\u00a0 - Gegen\u00fcber \"Alte Feuerwache\" Mail: mail@artclub-Galerie.de\u00a0\u00a0\u00a0\u00a0 Web:\u00a0 www.artclub-galerie.de .......................................................................................... Liebe Kunstfreunde, hiermit laden wir herzlich zur musikalischen Er\u00f6ffnung: Vernissage Sa. 8.11. von 19 - 23 Uhr Im Rahmen der artclub-Gemeinschaftsausstellung \"Power of Art\" werden\u2026","rel":"","context":"In &quot;Events&quot;","block_context":{"text":"Events","link":"https:\/\/sven-teuber.info\/wordpress\/category\/events\/"},"img":{"alt_text":"","src":"","width":0,"height":0},"classes":[]},{"id":574,"url":"https:\/\/sven-teuber.info\/wordpress\/theater-mfc-meine-fresse-club\/","url_meta":{"origin":170,"position":3},"title":"Theater: &#8222;MFC &#8211; Meine Fresse Club&#8220;","author":"steuber","date":"12. August 2013","format":false,"excerpt":"Liebe Freunde des anarchischen Theaters, hiermit laden wir herzlich ein: Fr., 16.8. - Einlass 20:30 Uhr - UKB \u20ac 7.-- \/ erm. 5.-- \"MFC - Meine Fresse Club\" Die verr\u00fcckte \"Theater\"-Truppe um und mit Walter Stehling wird wieder ihr Bestes geben. Das Publikum wird am\u00fcsiert und irritiert, aber immer respektiert.\u2026","rel":"","context":"In &quot;Allgemein&quot;","block_context":{"text":"Allgemein","link":"https:\/\/sven-teuber.info\/wordpress\/category\/allgemein\/"},"img":{"alt_text":"","src":"","width":0,"height":0},"classes":[]},{"id":2318,"url":"https:\/\/sven-teuber.info\/wordpress\/einladung-zu-speedart-portraits-in-der-koelner-galerie-artclub\/","url_meta":{"origin":170,"position":4},"title":"Einladung zu Speedart Portraits in der K\u00f6lner Galerie artclub","author":"steuber","date":"29. August 2014","format":false,"excerpt":"Liebe Freunde der Kunst, einigen von Euch ist das Kunstevent \"Speedart-Portraits\" der Galerie artclub bereits bekannt: An zwei aufeinander folgenden Tagen - Fr. d. 05.09.\/ Sa. 06.09. pr\u00e4sentiert der K\u00f6lner artclub ausgew\u00e4hlte K\u00fcnstler, die mit einem ihrer Werke dem Publikum in einer Kurzpr\u00e4sentation vorgestellt werden. Der K\u00fcnstler wird von dem\u2026","rel":"","context":"In &quot;Allgemein&quot;","block_context":{"text":"Allgemein","link":"https:\/\/sven-teuber.info\/wordpress\/category\/allgemein\/"},"img":{"alt_text":"","src":"","width":0,"height":0},"classes":[]},{"id":2216,"url":"https:\/\/sven-teuber.info\/wordpress\/vernissage-artclub-koeln\/","url_meta":{"origin":170,"position":5},"title":"Vernissage Artclub K\u00f6ln 20.06.14, 19:00 bis 23:00, Melchiorstr. 14, 50670 K\u00f6ln","author":"steuber","date":"16. Juni 2014","format":"image","excerpt":"Liebe Kunstfreunde und -Freundinnen, ich m\u00f6chte Euch zu der Vernissage \u201eSinnsucht\u201c am Freitag, den 20.06.14 im Artclub K\u00f6ln, 19 \u2013 23:00 Uhr einladen. Im Rahmen meiner Einzelausstellung sind gro\u00dfformatige Fotoarbeiten zu sehen und es gibt ein Special zu dem Thema \u201eDie Philosophie des Geldes\u201c. Es werden noch zwei weitere K\u00fcnstler\u2026","rel":"","context":"In &quot;Events&quot;","block_context":{"text":"Events","link":"https:\/\/sven-teuber.info\/wordpress\/category\/events\/"},"img":{"alt_text":"Artclub-K","src":"https:\/\/i0.wp.com\/sven-teuber.info\/wordpress\/wp-content\/uploads\/2014\/06\/Artclub-K.jpg?resize=350%2C200","width":350,"height":200,"srcset":"https:\/\/i0.wp.com\/sven-teuber.info\/wordpress\/wp-content\/uploads\/2014\/06\/Artclub-K.jpg?resize=350%2C200 1x, https:\/\/i0.wp.com\/sven-teuber.info\/wordpress\/wp-content\/uploads\/2014\/06\/Artclub-K.jpg?resize=525%2C300 1.5x, https:\/\/i0.wp.com\/sven-teuber.info\/wordpress\/wp-content\/uploads\/2014\/06\/Artclub-K.jpg?resize=700%2C400 2x"},"classes":[]}],"jetpack_likes_enabled":true,"_links":{"self":[{"href":"https:\/\/sven-teuber.info\/wordpress\/wp-json\/wp\/v2\/posts\/170","targetHints":{"allow":["GET"]}}],"collection":[{"href":"https:\/\/sven-teuber.info\/wordpress\/wp-json\/wp\/v2\/posts"}],"about":[{"href":"https:\/\/sven-teuber.info\/wordpress\/wp-json\/wp\/v2\/types\/post"}],"author":[{"embeddable":true,"href":"https:\/\/sven-teuber.info\/wordpress\/wp-json\/wp\/v2\/users\/2"}],"replies":[{"embeddable":true,"href":"https:\/\/sven-teuber.info\/wordpress\/wp-json\/wp\/v2\/comments?post=170"}],"version-history":[{"count":1,"href":"https:\/\/sven-teuber.info\/wordpress\/wp-json\/wp\/v2\/posts\/170\/revisions"}],"predecessor-version":[{"id":171,"href":"https:\/\/sven-teuber.info\/wordpress\/wp-json\/wp\/v2\/posts\/170\/revisions\/171"}],"wp:attachment":[{"href":"https:\/\/sven-teuber.info\/wordpress\/wp-json\/wp\/v2\/media?parent=170"}],"wp:term":[{"taxonomy":"category","embeddable":true,"href":"https:\/\/sven-teuber.info\/wordpress\/wp-json\/wp\/v2\/categories?post=170"},{"taxonomy":"post_tag","embeddable":true,"href":"https:\/\/sven-teuber.info\/wordpress\/wp-json\/wp\/v2\/tags?post=170"}],"curies":[{"name":"wp","href":"https:\/\/api.w.org\/{rel}","templated":true}]}}