{"id":178,"date":"2013-05-25T18:18:27","date_gmt":"2013-05-25T17:18:27","guid":{"rendered":"http:\/\/sven-teuber.info\/wordpress\/?p=178"},"modified":"2013-05-25T18:24:39","modified_gmt":"2013-05-25T17:24:39","slug":"kranhauser-koln","status":"publish","type":"post","link":"https:\/\/sven-teuber.info\/wordpress\/kranhauser-koln\/","title":{"rendered":"Kranh\u00e4user K\u00f6ln \/ Cologne"},"content":{"rendered":"<p>Kranh\u00e4user in Cologne<\/p>\n<p><a href=\"https:\/\/i0.wp.com\/sven-teuber.info\/wordpress\/wp-content\/uploads\/2013\/05\/Kranh%C3%A4user-Cologne-A.jpg?ssl=1\" rel=\"lightbox[178]\"><img data-recalc-dims=\"1\" loading=\"lazy\" decoding=\"async\" data-attachment-id=\"179\" data-permalink=\"https:\/\/sven-teuber.info\/wordpress\/kranhauser-koln\/kranhauser-cologne-a\/\" data-orig-file=\"https:\/\/i0.wp.com\/sven-teuber.info\/wordpress\/wp-content\/uploads\/2013\/05\/Kranh%C3%A4user-Cologne-A.jpg?fit=640%2C480&amp;ssl=1\" data-orig-size=\"640,480\" data-comments-opened=\"1\" data-image-meta=\"{&quot;aperture&quot;:&quot;0&quot;,&quot;credit&quot;:&quot;&quot;,&quot;camera&quot;:&quot;&quot;,&quot;caption&quot;:&quot;&quot;,&quot;created_timestamp&quot;:&quot;0&quot;,&quot;copyright&quot;:&quot;&quot;,&quot;focal_length&quot;:&quot;0&quot;,&quot;iso&quot;:&quot;0&quot;,&quot;shutter_speed&quot;:&quot;0&quot;,&quot;title&quot;:&quot;&quot;}\" data-image-title=\"Kranh\u00e4user-Cologne-A\" data-image-description=\"\" data-image-caption=\"\" data-large-file=\"https:\/\/i0.wp.com\/sven-teuber.info\/wordpress\/wp-content\/uploads\/2013\/05\/Kranh%C3%A4user-Cologne-A.jpg?fit=584%2C438&amp;ssl=1\" class=\"wp-image-179 alignright\" title=\"Kranh\u00e4user-Cologne\" alt=\"\" src=\"https:\/\/i0.wp.com\/sven-teuber.info\/wordpress\/wp-content\/uploads\/2013\/05\/Kranh%C3%A4user-Cologne-A.jpg?resize=584%2C438&#038;ssl=1\" width=\"584\" height=\"438\" srcset=\"https:\/\/i0.wp.com\/sven-teuber.info\/wordpress\/wp-content\/uploads\/2013\/05\/Kranh%C3%A4user-Cologne-A.jpg?w=640&amp;ssl=1 640w, https:\/\/i0.wp.com\/sven-teuber.info\/wordpress\/wp-content\/uploads\/2013\/05\/Kranh%C3%A4user-Cologne-A.jpg?resize=300%2C225&amp;ssl=1 300w, https:\/\/i0.wp.com\/sven-teuber.info\/wordpress\/wp-content\/uploads\/2013\/05\/Kranh%C3%A4user-Cologne-A.jpg?resize=624%2C468&amp;ssl=1 624w\" sizes=\"auto, (max-width: 584px) 100vw, 584px\" \/><\/a><\/p>\n<p>&nbsp;<\/p>\n<p>Date: 2013\/05<br \/>\nOrginal \/ individual item\u00a0Painture,<br \/>\nDimensions height<br \/>\n80cm x width 120 cm<\/p>\n","protected":false},"excerpt":{"rendered":"<p>Kranh\u00e4user in Cologne &nbsp; Date: 2013\/05 Orginal \/ individual item\u00a0Painture, Dimensions height 80cm x width 120 cm<\/p>\n","protected":false},"author":2,"featured_media":0,"comment_status":"open","ping_status":"closed","sticky":false,"template":"","format":"image","meta":{"_crdt_document":"","jetpack_post_was_ever_published":false,"_jetpack_newsletter_access":"","_jetpack_dont_email_post_to_subs":false,"_jetpack_newsletter_tier_id":0,"_jetpack_memberships_contains_paywalled_content":false,"_jetpack_memberships_contains_paid_content":false,"footnotes":"","jetpack_publicize_message":"","jetpack_publicize_feature_enabled":true,"jetpack_social_post_already_shared":false,"jetpack_social_options":{"image_generator_settings":{"template":"highway","default_image_id":0,"font":"","enabled":false},"version":2}},"categories":[10],"tags":[],"class_list":["post-178","post","type-post","status-publish","format-image","hentry","category-peinture","post_format-post-format-image"],"jetpack_publicize_connections":[],"jetpack_featured_media_url":"","jetpack_sharing_enabled":true,"jetpack_shortlink":"https:\/\/wp.me\/p3CWBT-2S","jetpack-related-posts":[{"id":6277,"url":"https:\/\/sven-teuber.info\/wordpress\/koerner-strasse-in-koeln-ehrenfeld\/","url_meta":{"origin":178,"position":0},"title":"K\u00f6rner Stra\u00dfe in K\u00f6ln Ehrenfeld","author":"steuber","date":"21. Juni 2024","format":false,"excerpt":"Entdeckungen auf der K\u00f6rner Stra\u00dfe in K\u00f6ln Ehrenfeld: Ein fotografisches Abenteuer Die K\u00f6rner Stra\u00dfe in Ehrenfeld ist ein Paradies f\u00fcr Fotografen und Kunstliebhaber der StreetArt. Besonders w\u00e4hrend der Ausstellung STUDIO COLOGNE (24. Mai - 23. Juni 2024) verwandelt sich die charmante Stra\u00dfe in eine lebendige Galerie. Die historische Architektur der\u2026","rel":"","context":"In &quot;Allgemein&quot;","block_context":{"text":"Allgemein","link":"https:\/\/sven-teuber.info\/wordpress\/category\/allgemein\/"},"img":{"alt_text":"","src":"https:\/\/i0.wp.com\/sven-teuber.info\/wordpress\/wp-content\/uploads\/2024\/06\/MG_3869-A-200x300.jpg?resize=350%2C200&ssl=1","width":350,"height":200},"classes":[]},{"id":2126,"url":"https:\/\/sven-teuber.info\/wordpress\/artclub-aktionskuenstler-parzival-auf-der-art-cologne\/","url_meta":{"origin":178,"position":1},"title":"Artclub, Aktionsk\u00fcnstler Parzival auf der Art Cologne","author":"steuber","date":"13. April 2014","format":false,"excerpt":"Zur Kunstaktion: Bei der Aktion wird der Mensch in analoger Form zur Schnittstelle zur digitalen Welt. Ich selbst hatte nicht mal ein Handy und keinerlei digitales Ger\u00e4t am K\u00f6rper, blieb also komplett analog und schaltete mich \"nur\" auf diesem Weg in die digitale Welt ein - um den artclub so\u2026","rel":"","context":"In &quot;Allgemein&quot;","block_context":{"text":"Allgemein","link":"https:\/\/sven-teuber.info\/wordpress\/category\/allgemein\/"},"img":{"alt_text":"","src":"","width":0,"height":0},"classes":[]},{"id":88,"url":"https:\/\/sven-teuber.info\/wordpress\/some-unforgettable-impressions-on-february-2013\/","url_meta":{"origin":178,"position":2},"title":"Some unforgettable impressions on February 2013","author":"steuber","date":"1. M\u00e4rz 2013","format":"image","excerpt":"Rhenish lignite mining region: Heider Bergsee, in the vicinity of H\u00fcrth \/ Cologne.\u00a0 From the terrace of \"Haus am See\" in Cologne The reduction to the essentials,\u00a0body contours and colours","rel":"","context":"In &quot;Photographie&quot;","block_context":{"text":"Photographie","link":"https:\/\/sven-teuber.info\/wordpress\/category\/photographie\/"},"img":{"alt_text":"See","src":"https:\/\/i0.wp.com\/sven-teuber.info\/wordpress\/wp-content\/uploads\/2013\/02\/P1020528-Bearbeitet.jpg?resize=350%2C200","width":350,"height":200,"srcset":"https:\/\/i0.wp.com\/sven-teuber.info\/wordpress\/wp-content\/uploads\/2013\/02\/P1020528-Bearbeitet.jpg?resize=350%2C200 1x, https:\/\/i0.wp.com\/sven-teuber.info\/wordpress\/wp-content\/uploads\/2013\/02\/P1020528-Bearbeitet.jpg?resize=525%2C300 1.5x, https:\/\/i0.wp.com\/sven-teuber.info\/wordpress\/wp-content\/uploads\/2013\/02\/P1020528-Bearbeitet.jpg?resize=700%2C400 2x"},"classes":[]},{"id":2792,"url":"https:\/\/sven-teuber.info\/wordpress\/artclub-best-of-art-and-culture-in-cologne\/","url_meta":{"origin":178,"position":3},"title":"Artclub best of ART and culture in Cologne","author":"","date":"25. Februar 2015","format":"gallery","excerpt":"MM-Cityguide K\u00f6ln\u00a0\/\u00a0Januar MARCO POLO Touristikf\u00fchrer\u00a0\/\u00a0Januar The culture trip\u00a0\/\u00a0Januar\u00a0\u00a0\u00a0zur Originalseite About artclub artclub Melchiorstra\u00dfe 14 in 50670 K\u00f6ln Ge\u00f6ffnet: Montag bis Sonntag von 15.00 bis 20.00 Uhr \u00a0","rel":"","context":"In &quot;Allgemein&quot;","block_context":{"text":"Allgemein","link":"https:\/\/sven-teuber.info\/wordpress\/category\/allgemein\/"},"img":{"alt_text":"presse_2015_01","src":"https:\/\/i0.wp.com\/sven-teuber.info\/wordpress\/wp-content\/uploads\/2015\/02\/presse_2015_01.jpg?resize=350%2C200","width":350,"height":200,"srcset":"https:\/\/i0.wp.com\/sven-teuber.info\/wordpress\/wp-content\/uploads\/2015\/02\/presse_2015_01.jpg?resize=350%2C200 1x, https:\/\/i0.wp.com\/sven-teuber.info\/wordpress\/wp-content\/uploads\/2015\/02\/presse_2015_01.jpg?resize=525%2C300 1.5x, https:\/\/i0.wp.com\/sven-teuber.info\/wordpress\/wp-content\/uploads\/2015\/02\/presse_2015_01.jpg?resize=700%2C400 2x"},"classes":[]},{"id":5948,"url":"https:\/\/sven-teuber.info\/wordpress\/koerner-strasse-koeln\/","url_meta":{"origin":178,"position":4},"title":"K\u00f6rner Stra\u00dfe K\u00f6ln","author":"steuber","date":"13. Mai 2023","format":false,"excerpt":"Die K\u00f6rnerstra\u00dfe ist eine bunte und lebendige Einkaufsstra\u00dfe im Herzen von K\u00f6ln Ehrenfeld, die nicht nur mit charmanten Gesch\u00e4ften, Caf\u00e9s und Restaurants lockt, sondern auch mit einer vielf\u00e4ltigen und kreativen Stra\u00dfenkunstszene. Ob Graffiti, Sticker, Poster oder Skulpturen \u2013 an jeder Ecke gibt es etwas zu entdecken, das die Stra\u00dfe zu\u2026","rel":"","context":"In &quot;Allgemein&quot;","block_context":{"text":"Allgemein","link":"https:\/\/sven-teuber.info\/wordpress\/category\/allgemein\/"},"img":{"alt_text":"","src":"https:\/\/i0.wp.com\/sven-teuber.info\/wordpress\/wp-content\/uploads\/2023\/05\/PXL_20230513_125827691-01-1-scaled.jpeg?resize=350%2C200","width":350,"height":200,"srcset":"https:\/\/i0.wp.com\/sven-teuber.info\/wordpress\/wp-content\/uploads\/2023\/05\/PXL_20230513_125827691-01-1-scaled.jpeg?resize=350%2C200 1x, https:\/\/i0.wp.com\/sven-teuber.info\/wordpress\/wp-content\/uploads\/2023\/05\/PXL_20230513_125827691-01-1-scaled.jpeg?resize=525%2C300 1.5x, https:\/\/i0.wp.com\/sven-teuber.info\/wordpress\/wp-content\/uploads\/2023\/05\/PXL_20230513_125827691-01-1-scaled.jpeg?resize=700%2C400 2x, https:\/\/i0.wp.com\/sven-teuber.info\/wordpress\/wp-content\/uploads\/2023\/05\/PXL_20230513_125827691-01-1-scaled.jpeg?resize=1050%2C600 3x, https:\/\/i0.wp.com\/sven-teuber.info\/wordpress\/wp-content\/uploads\/2023\/05\/PXL_20230513_125827691-01-1-scaled.jpeg?resize=1400%2C800 4x"},"classes":[]},{"id":40,"url":"https:\/\/sven-teuber.info\/wordpress\/knapsack\/","url_meta":{"origin":178,"position":5},"title":"Knapsack","author":"steuber","date":"9. Februar 2013","format":false,"excerpt":"[singlepic id=2 w=100 h=75 float=left] Series of industrial photographs near Cologne, H\u00fcrth. For more informations visit Wikipedia.","rel":"","context":"In &quot;Photographie&quot;","block_context":{"text":"Photographie","link":"https:\/\/sven-teuber.info\/wordpress\/category\/photographie\/"},"img":{"alt_text":"","src":"","width":0,"height":0},"classes":[]}],"jetpack_likes_enabled":true,"_links":{"self":[{"href":"https:\/\/sven-teuber.info\/wordpress\/wp-json\/wp\/v2\/posts\/178","targetHints":{"allow":["GET"]}}],"collection":[{"href":"https:\/\/sven-teuber.info\/wordpress\/wp-json\/wp\/v2\/posts"}],"about":[{"href":"https:\/\/sven-teuber.info\/wordpress\/wp-json\/wp\/v2\/types\/post"}],"author":[{"embeddable":true,"href":"https:\/\/sven-teuber.info\/wordpress\/wp-json\/wp\/v2\/users\/2"}],"replies":[{"embeddable":true,"href":"https:\/\/sven-teuber.info\/wordpress\/wp-json\/wp\/v2\/comments?post=178"}],"version-history":[{"count":5,"href":"https:\/\/sven-teuber.info\/wordpress\/wp-json\/wp\/v2\/posts\/178\/revisions"}],"predecessor-version":[{"id":184,"href":"https:\/\/sven-teuber.info\/wordpress\/wp-json\/wp\/v2\/posts\/178\/revisions\/184"}],"wp:attachment":[{"href":"https:\/\/sven-teuber.info\/wordpress\/wp-json\/wp\/v2\/media?parent=178"}],"wp:term":[{"taxonomy":"category","embeddable":true,"href":"https:\/\/sven-teuber.info\/wordpress\/wp-json\/wp\/v2\/categories?post=178"},{"taxonomy":"post_tag","embeddable":true,"href":"https:\/\/sven-teuber.info\/wordpress\/wp-json\/wp\/v2\/tags?post=178"}],"curies":[{"name":"wp","href":"https:\/\/api.w.org\/{rel}","templated":true}]}}