{"id":1798,"date":"2013-09-16T20:00:08","date_gmt":"2013-09-16T19:00:08","guid":{"rendered":"http:\/\/sven-teuber.info\/wordpress\/?p=1798"},"modified":"2013-09-16T20:00:08","modified_gmt":"2013-09-16T19:00:08","slug":"between-0-and-1","status":"publish","type":"post","link":"https:\/\/sven-teuber.info\/wordpress\/between-0-and-1\/","title":{"rendered":"Between 0 and 1"},"content":{"rendered":"<p><a href=\"https:\/\/i0.wp.com\/sven-teuber.info\/wordpress\/wp-content\/uploads\/2013\/09\/No_6.jpg?ssl=1\" rel=\"lightbox[1798]\"><img data-recalc-dims=\"1\" loading=\"lazy\" decoding=\"async\" data-attachment-id=\"1788\" data-permalink=\"https:\/\/sven-teuber.info\/wordpress\/street-art-zombie-walk-strasbourg-sept-2013\/no_6\/\" data-orig-file=\"https:\/\/i0.wp.com\/sven-teuber.info\/wordpress\/wp-content\/uploads\/2013\/09\/No_6.jpg?fit=480%2C640&amp;ssl=1\" data-orig-size=\"480,640\" data-comments-opened=\"1\" data-image-meta=\"{&quot;aperture&quot;:&quot;0&quot;,&quot;credit&quot;:&quot;&quot;,&quot;camera&quot;:&quot;&quot;,&quot;caption&quot;:&quot;&quot;,&quot;created_timestamp&quot;:&quot;0&quot;,&quot;copyright&quot;:&quot;Sven Teuber&quot;,&quot;focal_length&quot;:&quot;0&quot;,&quot;iso&quot;:&quot;0&quot;,&quot;shutter_speed&quot;:&quot;0&quot;,&quot;title&quot;:&quot;&quot;}\" data-image-title=\"No_6\" data-image-description=\"\" data-image-caption=\"\" data-large-file=\"https:\/\/i0.wp.com\/sven-teuber.info\/wordpress\/wp-content\/uploads\/2013\/09\/No_6.jpg?fit=480%2C640&amp;ssl=1\" class=\"alignleft size-full wp-image-1788\" alt=\"No_6\" src=\"https:\/\/i0.wp.com\/sven-teuber.info\/wordpress\/wp-content\/uploads\/2013\/09\/No_6.jpg?resize=480%2C640&#038;ssl=1\" width=\"480\" height=\"640\" srcset=\"https:\/\/i0.wp.com\/sven-teuber.info\/wordpress\/wp-content\/uploads\/2013\/09\/No_6.jpg?w=480&amp;ssl=1 480w, https:\/\/i0.wp.com\/sven-teuber.info\/wordpress\/wp-content\/uploads\/2013\/09\/No_6.jpg?resize=225%2C300&amp;ssl=1 225w\" sizes=\"auto, (max-width: 480px) 100vw, 480px\" \/><\/a><\/p>\n","protected":false},"excerpt":{"rendered":"","protected":false},"author":2,"featured_media":0,"comment_status":"open","ping_status":"closed","sticky":false,"template":"","format":"standard","meta":{"_crdt_document":"","jetpack_post_was_ever_published":false,"_jetpack_newsletter_access":"","_jetpack_dont_email_post_to_subs":false,"_jetpack_newsletter_tier_id":0,"_jetpack_memberships_contains_paywalled_content":false,"_jetpack_memberships_contains_paid_content":false,"footnotes":"","jetpack_publicize_message":"","jetpack_publicize_feature_enabled":true,"jetpack_social_post_already_shared":true,"jetpack_social_options":{"image_generator_settings":{"template":"highway","default_image_id":0,"font":"","enabled":false},"version":2}},"categories":[1],"tags":[],"class_list":["post-1798","post","type-post","status-publish","format-standard","hentry","category-allgemein"],"jetpack_publicize_connections":[],"jetpack_featured_media_url":"","jetpack_sharing_enabled":true,"jetpack_shortlink":"https:\/\/wp.me\/p3CWBT-t0","jetpack-related-posts":[{"id":5729,"url":"https:\/\/sven-teuber.info\/wordpress\/portfolio-and-presentation-of-my-digital-art-work-2022\/","url_meta":{"origin":1798,"position":0},"title":"Portfolio and presentation of my digital art work 2022","author":"steuber","date":"12. November 2022","format":false,"excerpt":"Sven Teuber [ST] ist ein K\u00fcnstler Cyborg f\u00fcr Digitale Kunst, der eine hybride Kunstfigur verk\u00f6rpert, die aus einem menschlichen K\u00fcnstler und einer k\u00fcnstlichen Intelligenz besteht. Seine Kunstwerke entstehen aus einer eigen dynamischen Beziehung zwischen Menschen und Maschine und sind keine reinen Produkte der k\u00fcnstlichen Intelligenz, sondern entstehen aus der Verschmelzung\u2026","rel":"","context":"In &quot;Allgemein&quot;","block_context":{"text":"Allgemein","link":"https:\/\/sven-teuber.info\/wordpress\/category\/allgemein\/"},"img":{"alt_text":"","src":"","width":0,"height":0},"classes":[]},{"id":6593,"url":"https:\/\/sven-teuber.info\/wordpress\/das-zone-system-von-ansel-adams-theorie-technik-und-praxis\/","url_meta":{"origin":1798,"position":1},"title":"Das Zone System von Ansel Adams: Theorie, Technik und Praxis","author":"steuber","date":"18. August 2025","format":false,"excerpt":"1. Einleitung: Bedeutung des SystemsDas von Ansel Adams (1902\u20131984) und Fred Archer in den 1930er Jahren entwickelte Zone System stellt eines der einflussreichsten Konzepte in der Geschichte der Fotografie dar. Es wurde als methodisches Hilfsmittel geschaffen, um die L\u00fccke zwischen subjektiver Wahrnehmung und objektiver Belichtungstechnik zu schlie\u00dfen. Adams formulierte: \u201eThe\u2026","rel":"","context":"In &quot;Allgemein&quot;","block_context":{"text":"Allgemein","link":"https:\/\/sven-teuber.info\/wordpress\/category\/allgemein\/"},"img":{"alt_text":"","src":"","width":0,"height":0},"classes":[]},{"id":2783,"url":"https:\/\/sven-teuber.info\/wordpress\/virginie-hocq-au-theatre-de-paris-29-1-31-03-15\/","url_meta":{"origin":1798,"position":2},"title":"Virginie HOCQ au Th\u00e9atre de Paris 29.1 &#8211; 31.03.15","author":"","date":"24. Februar 2015","format":"quote","excerpt":"","rel":"","context":"In &quot;Allgemein&quot;","block_context":{"text":"Allgemein","link":"https:\/\/sven-teuber.info\/wordpress\/category\/allgemein\/"},"img":{"alt_text":"","src":"","width":0,"height":0},"classes":[]},{"id":4058,"url":"https:\/\/sven-teuber.info\/wordpress\/st-2017-titel-alternative-facts\/","url_meta":{"origin":1798,"position":3},"title":"ST, 2017, Titel: &#8222;Alternative facts&#8220;.","author":"steuber","date":"5. Februar 2017","format":"chat","excerpt":"WikiLeaks Documents Reveal Sinister Relations Between Erdogan and ISIS \"Back in November 2015, when the world (or at least parts of it) was trying to answer one simple question: where does ISIS get its money, we first provided the answer in \"Meet The Man Who Funds ISIS: Bilal Erdogan, The\u2026","rel":"","context":"In &quot;Politik&quot;","block_context":{"text":"Politik","link":"https:\/\/sven-teuber.info\/wordpress\/category\/politik\/"},"img":{"alt_text":"","src":"https:\/\/i0.wp.com\/sven-teuber.info\/wordpress\/wp-content\/uploads\/2017\/02\/Alternative-Fakten-Erdogan.jpg?resize=350%2C200","width":350,"height":200,"srcset":"https:\/\/i0.wp.com\/sven-teuber.info\/wordpress\/wp-content\/uploads\/2017\/02\/Alternative-Fakten-Erdogan.jpg?resize=350%2C200 1x, https:\/\/i0.wp.com\/sven-teuber.info\/wordpress\/wp-content\/uploads\/2017\/02\/Alternative-Fakten-Erdogan.jpg?resize=525%2C300 1.5x, https:\/\/i0.wp.com\/sven-teuber.info\/wordpress\/wp-content\/uploads\/2017\/02\/Alternative-Fakten-Erdogan.jpg?resize=700%2C400 2x, https:\/\/i0.wp.com\/sven-teuber.info\/wordpress\/wp-content\/uploads\/2017\/02\/Alternative-Fakten-Erdogan.jpg?resize=1050%2C600 3x, https:\/\/i0.wp.com\/sven-teuber.info\/wordpress\/wp-content\/uploads\/2017\/02\/Alternative-Fakten-Erdogan.jpg?resize=1400%2C800 4x"},"classes":[]},{"id":2872,"url":"https:\/\/sven-teuber.info\/wordpress\/june-17-27-venice-international-experimental-cinema-and-performance-art-festival\/","url_meta":{"origin":1798,"position":4},"title":"June 17-27: Venice International Experimental Cinema and Performance Art Festival","author":"steuber","date":"12. Juni 2015","format":"video","excerpt":"The event\u00a0is organized and curated by Luca Curci (director of It\u2019s LIQUID and International ArtExpo) and Andrea Chinellato (director of Ca\u2019 Zanardi and Venice Art House). The festival\u2019s program will include video art screenings, movies\u2019 projections, live performances and meetings with artists involved. The festival is focused on the relationship\u2026","rel":"","context":"In &quot;Events&quot;","block_context":{"text":"Events","link":"https:\/\/sven-teuber.info\/wordpress\/category\/events\/"},"img":{"alt_text":"film_festival_003-open-web","src":"https:\/\/i0.wp.com\/www.itsliquid.com\/wp-content\/uploads\/2015\/06\/film_festival_003-open-web.jpg?resize=350%2C200","width":350,"height":200,"srcset":"https:\/\/i0.wp.com\/www.itsliquid.com\/wp-content\/uploads\/2015\/06\/film_festival_003-open-web.jpg?resize=350%2C200 1x, https:\/\/i0.wp.com\/www.itsliquid.com\/wp-content\/uploads\/2015\/06\/film_festival_003-open-web.jpg?resize=525%2C300 1.5x"},"classes":[]},{"id":2916,"url":"https:\/\/sven-teuber.info\/wordpress\/architecture-images\/","url_meta":{"origin":1798,"position":5},"title":"Architecture images","author":"steuber","date":"16. Juli 2015","format":"image","excerpt":"Several new photos are available in the category architecture ST shows different perspectives of a building in disintegration. The conceptual approach of this image is different from an organic whole to a clear structure, see below images No. 1, 2 and 4. In the composition of the image No. 3,\u2026","rel":"","context":"In &quot;Allgemein&quot;","block_context":{"text":"Allgemein","link":"https:\/\/sven-teuber.info\/wordpress\/category\/allgemein\/"},"img":{"alt_text":"Olivet_Final_02","src":"https:\/\/i0.wp.com\/sven-teuber.info\/wordpress\/wp-content\/uploads\/2015\/07\/Olivet_Final_02.jpg?resize=350%2C200","width":350,"height":200,"srcset":"https:\/\/i0.wp.com\/sven-teuber.info\/wordpress\/wp-content\/uploads\/2015\/07\/Olivet_Final_02.jpg?resize=350%2C200 1x, https:\/\/i0.wp.com\/sven-teuber.info\/wordpress\/wp-content\/uploads\/2015\/07\/Olivet_Final_02.jpg?resize=525%2C300 1.5x"},"classes":[]}],"jetpack_likes_enabled":true,"_links":{"self":[{"href":"https:\/\/sven-teuber.info\/wordpress\/wp-json\/wp\/v2\/posts\/1798","targetHints":{"allow":["GET"]}}],"collection":[{"href":"https:\/\/sven-teuber.info\/wordpress\/wp-json\/wp\/v2\/posts"}],"about":[{"href":"https:\/\/sven-teuber.info\/wordpress\/wp-json\/wp\/v2\/types\/post"}],"author":[{"embeddable":true,"href":"https:\/\/sven-teuber.info\/wordpress\/wp-json\/wp\/v2\/users\/2"}],"replies":[{"embeddable":true,"href":"https:\/\/sven-teuber.info\/wordpress\/wp-json\/wp\/v2\/comments?post=1798"}],"version-history":[{"count":1,"href":"https:\/\/sven-teuber.info\/wordpress\/wp-json\/wp\/v2\/posts\/1798\/revisions"}],"predecessor-version":[{"id":1800,"href":"https:\/\/sven-teuber.info\/wordpress\/wp-json\/wp\/v2\/posts\/1798\/revisions\/1800"}],"wp:attachment":[{"href":"https:\/\/sven-teuber.info\/wordpress\/wp-json\/wp\/v2\/media?parent=1798"}],"wp:term":[{"taxonomy":"category","embeddable":true,"href":"https:\/\/sven-teuber.info\/wordpress\/wp-json\/wp\/v2\/categories?post=1798"},{"taxonomy":"post_tag","embeddable":true,"href":"https:\/\/sven-teuber.info\/wordpress\/wp-json\/wp\/v2\/tags?post=1798"}],"curies":[{"name":"wp","href":"https:\/\/api.w.org\/{rel}","templated":true}]}}