{"id":2201,"date":"2014-06-16T21:00:18","date_gmt":"2014-06-16T20:00:18","guid":{"rendered":"http:\/\/sven-teuber.info\/wordpress\/?p=2201"},"modified":"2014-06-16T20:50:25","modified_gmt":"2014-06-16T19:50:25","slug":"12-kunstparcours-2014-erftstadt-06-07-11-bis-1800","status":"publish","type":"post","link":"https:\/\/sven-teuber.info\/wordpress\/12-kunstparcours-2014-erftstadt-06-07-11-bis-1800\/","title":{"rendered":"12 Kunstparcours 2014, Erftstadt, 06.07, 11 bis 18:00"},"content":{"rendered":"<p><a href=\"http:\/\/www.flyeralarm.com\/de\/shop\/preview\/flash\/orderId\/141558179\/hash\/a6ac460d7ac65edef7fb01a29c52b04cf64df630\"><img data-recalc-dims=\"1\" loading=\"lazy\" decoding=\"async\" data-attachment-id=\"2202\" data-permalink=\"https:\/\/sven-teuber.info\/wordpress\/12-kunstparcours-2014-erftstadt-06-07-11-bis-1800\/erftstadt-a\/\" data-orig-file=\"https:\/\/i0.wp.com\/sven-teuber.info\/wordpress\/wp-content\/uploads\/2014\/06\/Erftstadt-A.jpg?fit=666%2C329&amp;ssl=1\" data-orig-size=\"666,329\" data-comments-opened=\"1\" data-image-meta=\"{&quot;aperture&quot;:&quot;0&quot;,&quot;credit&quot;:&quot;&quot;,&quot;camera&quot;:&quot;&quot;,&quot;caption&quot;:&quot;&quot;,&quot;created_timestamp&quot;:&quot;0&quot;,&quot;copyright&quot;:&quot;&quot;,&quot;focal_length&quot;:&quot;0&quot;,&quot;iso&quot;:&quot;0&quot;,&quot;shutter_speed&quot;:&quot;0&quot;,&quot;title&quot;:&quot;&quot;}\" data-image-title=\"Erftstadt-A\" data-image-description=\"\" data-image-caption=\"\" data-large-file=\"https:\/\/i0.wp.com\/sven-teuber.info\/wordpress\/wp-content\/uploads\/2014\/06\/Erftstadt-A.jpg?fit=584%2C288&amp;ssl=1\" class=\"aligncenter size-full wp-image-2202\" src=\"https:\/\/i0.wp.com\/sven-teuber.info\/wordpress\/wp-content\/uploads\/2014\/06\/Erftstadt-A.jpg?resize=584%2C288&#038;ssl=1\" alt=\"Erftstadt-A\" width=\"584\" height=\"288\" srcset=\"https:\/\/i0.wp.com\/sven-teuber.info\/wordpress\/wp-content\/uploads\/2014\/06\/Erftstadt-A.jpg?w=666&amp;ssl=1 666w, https:\/\/i0.wp.com\/sven-teuber.info\/wordpress\/wp-content\/uploads\/2014\/06\/Erftstadt-A.jpg?resize=300%2C148&amp;ssl=1 300w, https:\/\/i0.wp.com\/sven-teuber.info\/wordpress\/wp-content\/uploads\/2014\/06\/Erftstadt-A.jpg?resize=485%2C240&amp;ssl=1 485w\" sizes=\"auto, (max-width: 584px) 100vw, 584px\" \/><\/a> <a href=\"http:\/\/www.flyeralarm.com\/de\/shop\/preview\/flash\/orderId\/141558179\/hash\/a6ac460d7ac65edef7fb01a29c52b04cf64df630\"><img data-recalc-dims=\"1\" loading=\"lazy\" decoding=\"async\" data-attachment-id=\"2203\" data-permalink=\"https:\/\/sven-teuber.info\/wordpress\/12-kunstparcours-2014-erftstadt-06-07-11-bis-1800\/erftstadt-b\/\" data-orig-file=\"https:\/\/i0.wp.com\/sven-teuber.info\/wordpress\/wp-content\/uploads\/2014\/06\/Erftstadt-B.jpg?fit=692%2C353&amp;ssl=1\" data-orig-size=\"692,353\" data-comments-opened=\"1\" data-image-meta=\"{&quot;aperture&quot;:&quot;0&quot;,&quot;credit&quot;:&quot;&quot;,&quot;camera&quot;:&quot;&quot;,&quot;caption&quot;:&quot;&quot;,&quot;created_timestamp&quot;:&quot;0&quot;,&quot;copyright&quot;:&quot;&quot;,&quot;focal_length&quot;:&quot;0&quot;,&quot;iso&quot;:&quot;0&quot;,&quot;shutter_speed&quot;:&quot;0&quot;,&quot;title&quot;:&quot;&quot;}\" data-image-title=\"Erftstadt-B\" data-image-description=\"\" data-image-caption=\"\" data-large-file=\"https:\/\/i0.wp.com\/sven-teuber.info\/wordpress\/wp-content\/uploads\/2014\/06\/Erftstadt-B.jpg?fit=584%2C298&amp;ssl=1\" class=\"aligncenter size-full wp-image-2203\" src=\"https:\/\/i0.wp.com\/sven-teuber.info\/wordpress\/wp-content\/uploads\/2014\/06\/Erftstadt-B.jpg?resize=584%2C298&#038;ssl=1\" alt=\"Erftstadt-B\" width=\"584\" height=\"298\" srcset=\"https:\/\/i0.wp.com\/sven-teuber.info\/wordpress\/wp-content\/uploads\/2014\/06\/Erftstadt-B.jpg?w=692&amp;ssl=1 692w, https:\/\/i0.wp.com\/sven-teuber.info\/wordpress\/wp-content\/uploads\/2014\/06\/Erftstadt-B.jpg?resize=300%2C153&amp;ssl=1 300w, https:\/\/i0.wp.com\/sven-teuber.info\/wordpress\/wp-content\/uploads\/2014\/06\/Erftstadt-B.jpg?resize=470%2C240&amp;ssl=1 470w\" sizes=\"auto, (max-width: 584px) 100vw, 584px\" \/><\/a><\/p>\n","protected":false},"excerpt":{"rendered":"","protected":false},"author":2,"featured_media":0,"comment_status":"open","ping_status":"open","sticky":false,"template":"","format":"image","meta":{"_crdt_document":"","jetpack_post_was_ever_published":false,"_jetpack_newsletter_access":"","_jetpack_dont_email_post_to_subs":false,"_jetpack_newsletter_tier_id":0,"_jetpack_memberships_contains_paywalled_content":false,"_jetpack_memberships_contains_paid_content":false,"footnotes":"","jetpack_publicize_message":"","jetpack_publicize_feature_enabled":true,"jetpack_social_post_already_shared":true,"jetpack_social_options":{"image_generator_settings":{"template":"highway","default_image_id":0,"font":"","enabled":false},"version":2}},"categories":[23,4,3],"tags":[],"class_list":["post-2201","post","type-post","status-publish","format-image","hentry","category-events","category-exhibition","category-for-your-information","post_format-post-format-image"],"jetpack_publicize_connections":[],"jetpack_featured_media_url":"","jetpack_sharing_enabled":true,"jetpack_shortlink":"https:\/\/wp.me\/p3CWBT-zv","jetpack-related-posts":[{"id":6663,"url":"https:\/\/sven-teuber.info\/wordpress\/chorweiler-art-09-11-2025-11-18-uhr\/","url_meta":{"origin":2201,"position":0},"title":"Chorweiler ART \/ 09.11.2025, 11-18 Uhr","author":"steuber","date":"15. Oktober 2025","format":false,"excerpt":"","rel":"","context":"In &quot;Allgemein&quot;","block_context":{"text":"Allgemein","link":"https:\/\/sven-teuber.info\/wordpress\/category\/allgemein\/"},"img":{"alt_text":"","src":"https:\/\/i0.wp.com\/sven-teuber.info\/wordpress\/wp-content\/uploads\/2025\/10\/Screenshot_20251019-192655.png?resize=350%2C200&ssl=1","width":350,"height":200,"srcset":"https:\/\/i0.wp.com\/sven-teuber.info\/wordpress\/wp-content\/uploads\/2025\/10\/Screenshot_20251019-192655.png?resize=350%2C200&ssl=1 1x, https:\/\/i0.wp.com\/sven-teuber.info\/wordpress\/wp-content\/uploads\/2025\/10\/Screenshot_20251019-192655.png?resize=525%2C300&ssl=1 1.5x, https:\/\/i0.wp.com\/sven-teuber.info\/wordpress\/wp-content\/uploads\/2025\/10\/Screenshot_20251019-192655.png?resize=700%2C400&ssl=1 2x, https:\/\/i0.wp.com\/sven-teuber.info\/wordpress\/wp-content\/uploads\/2025\/10\/Screenshot_20251019-192655.png?resize=1050%2C600&ssl=1 3x"},"classes":[]},{"id":6217,"url":"https:\/\/sven-teuber.info\/wordpress\/einladung-zur-eierplaetzchen-roadshow-2024-8-9-juni-galerie-smend-koeln\/","url_meta":{"origin":2201,"position":1},"title":"Einladung zur EIERPL\u00c4TZCHEN-ROADSHOW 2024, 8-9 Juni, Galerie Smend, K\u00f6ln","author":"steuber","date":"31. Mai 2024","format":false,"excerpt":"Einladung zur EIERPL\u00c4TZCHEN-ROADSHOW 2024 Einladung zur Ausstellung: \"Eierpl\u00e4tzchen-Roadshow\" in der Galerie Smend Ort: Galerie Smend, Mainzer Str. 37, 50678 K\u00f6ln\u00d6ffnungszeiten: 8. Juni 2024: 14:00 - 22:00 Uhr 9. Juni 2024: 14:00 - 20:00 Uhr Parallel dazu finden spannende Aktionen und Live-Painting statt:Ort: Eierpl\u00e4tzchen (Kreisverkehr Teutoburger Str.\/Mainzer Str.) und Galerie SmendZeiten:\u2026","rel":"","context":"In &quot;Allgemein&quot;","block_context":{"text":"Allgemein","link":"https:\/\/sven-teuber.info\/wordpress\/category\/allgemein\/"},"img":{"alt_text":"","src":"https:\/\/i0.wp.com\/sven-teuber.info\/wordpress\/wp-content\/uploads\/2024\/05\/roadschow-rueckseite-Kopie.jpg?resize=350%2C200&ssl=1","width":350,"height":200,"srcset":"https:\/\/i0.wp.com\/sven-teuber.info\/wordpress\/wp-content\/uploads\/2024\/05\/roadschow-rueckseite-Kopie.jpg?resize=350%2C200&ssl=1 1x, https:\/\/i0.wp.com\/sven-teuber.info\/wordpress\/wp-content\/uploads\/2024\/05\/roadschow-rueckseite-Kopie.jpg?resize=525%2C300&ssl=1 1.5x, https:\/\/i0.wp.com\/sven-teuber.info\/wordpress\/wp-content\/uploads\/2024\/05\/roadschow-rueckseite-Kopie.jpg?resize=700%2C400&ssl=1 2x"},"classes":[]},{"id":2802,"url":"https:\/\/sven-teuber.info\/wordpress\/ausstellung-dosenfutter-vernissage-17-03-ab-1800-buergeramt-kalk\/","url_meta":{"origin":2201,"position":2},"title":"Ausstellung &#8222;Dosenfutter&#8220;. Kunst im Bezirksrathaus Kalk bis 26 Mai","author":"steuber","date":"2. M\u00e4rz 2015","format":false,"excerpt":"Ab dem 17. M\u00e4rz verl\u00e4ngert bis zum 26. Mai 2015 stellt der K\u00fcnstler Sven Teuber aus H\u00fcrth seine Werke im B\u00fcrgeramt Kalk aus. (\u00d6ffnungszeiten: Mo.-Do.: 8 bis 12 und 14 bis 18 Uhr; Fr.: 8 bis 12 Uhr) 51103 K\u00f6ln, Kalker Hauptstr. 247 - 273 Vernissage 17.03.15, beginn 18:00 Uhr\u2026","rel":"","context":"In &quot;Allgemein&quot;","block_context":{"text":"Allgemein","link":"https:\/\/sven-teuber.info\/wordpress\/category\/allgemein\/"},"img":{"alt_text":"Dossenfutter-K\u00f6ln","src":"https:\/\/i0.wp.com\/sven-teuber.info\/wordpress\/wp-content\/uploads\/2015\/03\/Dossenfutter-K%C3%B6ln.jpg?resize=350%2C200","width":350,"height":200,"srcset":"https:\/\/i0.wp.com\/sven-teuber.info\/wordpress\/wp-content\/uploads\/2015\/03\/Dossenfutter-K%C3%B6ln.jpg?resize=350%2C200 1x, https:\/\/i0.wp.com\/sven-teuber.info\/wordpress\/wp-content\/uploads\/2015\/03\/Dossenfutter-K%C3%B6ln.jpg?resize=525%2C300 1.5x, https:\/\/i0.wp.com\/sven-teuber.info\/wordpress\/wp-content\/uploads\/2015\/03\/Dossenfutter-K%C3%B6ln.jpg?resize=700%2C400 2x"},"classes":[]},{"id":6951,"url":"https:\/\/sven-teuber.info\/wordpress\/vernissage-eierplaetzchen-roadshow-18-04-19-04\/","url_meta":{"origin":2201,"position":3},"title":"Vernissage EIERPL\u00c4TZCHEN-ROADSHOW 18.04-19.04","author":"steuber","date":"3. April 2026","format":false,"excerpt":"Sehr geehrte Damen und Herren, liebe Kunstfreunde,wir laden ein zur Kunstausstellung: EIERPL\u00c4TZCHEN-ROADSHOWDie K\u00fcnstler des Eierpl\u00e4tzchen-Montmartres stellen aus:Vernissage\u00a018.04.2026.: 19.00 UhrGalerie Smend, Mainzer Str.37, 50678 K\u00f6ln\u00d6ffnungszeiten\u00a018.04.2026.: 14-22 Uhr,\u00a019.04.2026: 14-19\u00a0UhrParallel stattfindende Aktionen und Livepainting\u00a0am\u00a018.04.2026.: 14-19\u00a0Uhr,\u00a019.04.2026.: 14-19\u00a0Uhrauf dem Eierpl\u00e4tzchen (Kreisverkehr Teutoburger Str.\/Mainzer Str.)und in der Galerie Mainzer Str.37Beteiligte K\u00fcnstler:Peter M\u00fcck,Volker Paffenholz,Manfred F\u00fcrth,Reinhard Scheithauer,Elena Zibler,Maren\u2026","rel":"","context":"In &quot;Allgemein&quot;","block_context":{"text":"Allgemein","link":"https:\/\/sven-teuber.info\/wordpress\/category\/allgemein\/"},"img":{"alt_text":"","src":"","width":0,"height":0},"classes":[]},{"id":6423,"url":"https:\/\/sven-teuber.info\/wordpress\/ausstellung-fort-x-15-jahre-crossart-international\/","url_meta":{"origin":2201,"position":4},"title":"Ausstellung Fort X 15 Jahre Crossart International","author":"steuber","date":"21. November 2024","format":false,"excerpt":"Wir m\u00f6chten mit Euch feiern 15 Jahre K\u00fcnstlernetzwerk crossart international Jubil\u00e4umsausstellung mit vorweihnachtlichem Kunstbasar. Alle sind eingeladen Samstag 30.11.24: 14-20 Uhr Sonntag 1.12.24: 14-18 Uhr Fort X, Neusser Wall 33, 50670 K\u00f6ln Am 2. Oktober 2009 wurde crossart international vom K\u00f6lner K\u00fcnstler Peter M\u00fcck gegr\u00fcndet. Etwa zur gleichen Zeit bezog\u2026","rel":"","context":"In &quot;Allgemein&quot;","block_context":{"text":"Allgemein","link":"https:\/\/sven-teuber.info\/wordpress\/category\/allgemein\/"},"img":{"alt_text":"","src":"https:\/\/i0.wp.com\/sven-teuber.info\/wordpress\/wp-content\/uploads\/2024\/11\/insta7420869036430298927-1.jpg?resize=350%2C200&ssl=1","width":350,"height":200,"srcset":"https:\/\/i0.wp.com\/sven-teuber.info\/wordpress\/wp-content\/uploads\/2024\/11\/insta7420869036430298927-1.jpg?resize=350%2C200&ssl=1 1x, https:\/\/i0.wp.com\/sven-teuber.info\/wordpress\/wp-content\/uploads\/2024\/11\/insta7420869036430298927-1.jpg?resize=525%2C300&ssl=1 1.5x, https:\/\/i0.wp.com\/sven-teuber.info\/wordpress\/wp-content\/uploads\/2024\/11\/insta7420869036430298927-1.jpg?resize=700%2C400&ssl=1 2x"},"classes":[]},{"id":5991,"url":"https:\/\/sven-teuber.info\/wordpress\/einladung-zur-kunstmeile-23-09-maria-hilf-str-koeln\/","url_meta":{"origin":2201,"position":5},"title":"Einladung zur Kunstmeile 2+3.09 Maria-Hilf-Str. K\u00f6ln","author":"steuber","date":"17. August 2023","format":false,"excerpt":"Das Merowinger Nachbarschaftsfest. Knapp 20 K\u00fcnstler verwandeln die Maria-Hilf-Str. am 2.+3. September in eine Kunstmeile. Dort kann man den K\u00fcnstlern bei der Arbeit \u00fcber die Schulter schauen und das eine oder andere originalle Werk ergattern. Nat\u00fcrlich beteiligen sich die K\u00fcnstler an der Tombola, spenden Geld-und Sachpreise und kaufen flei\u00dfig Lose.\u2026","rel":"","context":"In &quot;Allgemein&quot;","block_context":{"text":"Allgemein","link":"https:\/\/sven-teuber.info\/wordpress\/category\/allgemein\/"},"img":{"alt_text":"","src":"https:\/\/i0.wp.com\/sven-teuber.info\/wordpress\/wp-content\/uploads\/2023\/08\/IMG-20230730-WA0004.jpg?resize=350%2C200&ssl=1","width":350,"height":200,"srcset":"https:\/\/i0.wp.com\/sven-teuber.info\/wordpress\/wp-content\/uploads\/2023\/08\/IMG-20230730-WA0004.jpg?resize=350%2C200&ssl=1 1x, https:\/\/i0.wp.com\/sven-teuber.info\/wordpress\/wp-content\/uploads\/2023\/08\/IMG-20230730-WA0004.jpg?resize=525%2C300&ssl=1 1.5x, https:\/\/i0.wp.com\/sven-teuber.info\/wordpress\/wp-content\/uploads\/2023\/08\/IMG-20230730-WA0004.jpg?resize=700%2C400&ssl=1 2x"},"classes":[]}],"jetpack_likes_enabled":true,"_links":{"self":[{"href":"https:\/\/sven-teuber.info\/wordpress\/wp-json\/wp\/v2\/posts\/2201","targetHints":{"allow":["GET"]}}],"collection":[{"href":"https:\/\/sven-teuber.info\/wordpress\/wp-json\/wp\/v2\/posts"}],"about":[{"href":"https:\/\/sven-teuber.info\/wordpress\/wp-json\/wp\/v2\/types\/post"}],"author":[{"embeddable":true,"href":"https:\/\/sven-teuber.info\/wordpress\/wp-json\/wp\/v2\/users\/2"}],"replies":[{"embeddable":true,"href":"https:\/\/sven-teuber.info\/wordpress\/wp-json\/wp\/v2\/comments?post=2201"}],"version-history":[{"count":1,"href":"https:\/\/sven-teuber.info\/wordpress\/wp-json\/wp\/v2\/posts\/2201\/revisions"}],"predecessor-version":[{"id":2204,"href":"https:\/\/sven-teuber.info\/wordpress\/wp-json\/wp\/v2\/posts\/2201\/revisions\/2204"}],"wp:attachment":[{"href":"https:\/\/sven-teuber.info\/wordpress\/wp-json\/wp\/v2\/media?parent=2201"}],"wp:term":[{"taxonomy":"category","embeddable":true,"href":"https:\/\/sven-teuber.info\/wordpress\/wp-json\/wp\/v2\/categories?post=2201"},{"taxonomy":"post_tag","embeddable":true,"href":"https:\/\/sven-teuber.info\/wordpress\/wp-json\/wp\/v2\/tags?post=2201"}],"curies":[{"name":"wp","href":"https:\/\/api.w.org\/{rel}","templated":true}]}}