{"id":2216,"date":"2014-06-16T20:43:33","date_gmt":"2014-06-16T19:43:33","guid":{"rendered":"http:\/\/sven-teuber.info\/wordpress\/?p=2216"},"modified":"2014-06-16T20:47:45","modified_gmt":"2014-06-16T19:47:45","slug":"vernissage-artclub-koeln","status":"publish","type":"post","link":"https:\/\/sven-teuber.info\/wordpress\/vernissage-artclub-koeln\/","title":{"rendered":"Vernissage Artclub K\u00f6ln 20.06.14, 19:00 bis 23:00, Melchiorstr. 14, 50670 K\u00f6ln"},"content":{"rendered":"<p>Liebe Kunstfreunde und -Freundinnen,<br \/>\nich m\u00f6chte Euch zu der Vernissage \u201eSinnsucht\u201c am Freitag, den 20.06.14 im Artclub K\u00f6ln, 19 \u2013 23:00 Uhr einladen.<\/p>\n<p><a href=\"https:\/\/i0.wp.com\/sven-teuber.info\/wordpress\/wp-content\/uploads\/2014\/06\/Artclub-K.jpg?ssl=1\" rel=\"lightbox[2216]\"><img data-recalc-dims=\"1\" loading=\"lazy\" decoding=\"async\" data-attachment-id=\"2220\" data-permalink=\"https:\/\/sven-teuber.info\/wordpress\/vernissage-artclub-koeln\/artclub-k\/\" data-orig-file=\"https:\/\/i0.wp.com\/sven-teuber.info\/wordpress\/wp-content\/uploads\/2014\/06\/Artclub-K.jpg?fit=800%2C564&amp;ssl=1\" data-orig-size=\"800,564\" data-comments-opened=\"1\" data-image-meta=\"{&quot;aperture&quot;:&quot;0&quot;,&quot;credit&quot;:&quot;&quot;,&quot;camera&quot;:&quot;&quot;,&quot;caption&quot;:&quot;&quot;,&quot;created_timestamp&quot;:&quot;0&quot;,&quot;copyright&quot;:&quot;&quot;,&quot;focal_length&quot;:&quot;0&quot;,&quot;iso&quot;:&quot;0&quot;,&quot;shutter_speed&quot;:&quot;0&quot;,&quot;title&quot;:&quot;&quot;}\" data-image-title=\"Artclub-K\" data-image-description=\"\" data-image-caption=\"\" data-large-file=\"https:\/\/i0.wp.com\/sven-teuber.info\/wordpress\/wp-content\/uploads\/2014\/06\/Artclub-K.jpg?fit=584%2C412&amp;ssl=1\" class=\"aligncenter size-full wp-image-2220\" src=\"https:\/\/i0.wp.com\/sven-teuber.info\/wordpress\/wp-content\/uploads\/2014\/06\/Artclub-K.jpg?resize=584%2C412&#038;ssl=1\" alt=\"Artclub-K\" width=\"584\" height=\"412\" srcset=\"https:\/\/i0.wp.com\/sven-teuber.info\/wordpress\/wp-content\/uploads\/2014\/06\/Artclub-K.jpg?w=800&amp;ssl=1 800w, https:\/\/i0.wp.com\/sven-teuber.info\/wordpress\/wp-content\/uploads\/2014\/06\/Artclub-K.jpg?resize=300%2C211&amp;ssl=1 300w, https:\/\/i0.wp.com\/sven-teuber.info\/wordpress\/wp-content\/uploads\/2014\/06\/Artclub-K.jpg?resize=340%2C240&amp;ssl=1 340w\" sizes=\"auto, (max-width: 584px) 100vw, 584px\" \/><\/a>Im Rahmen meiner Einzelausstellung sind gro\u00dfformatige Fotoarbeiten zu sehen und es gibt ein Special zu dem Thema<br \/>\n\u201eDie Philosophie des Geldes\u201c.<br \/>\nEs werden noch zwei weitere K\u00fcnstler im Artclub ausstellen:<br \/>\n\u201eGudrun BERGMANN im Basement und J\u00f6rg KESEBERG im Kabinett \u201c.<br \/>\nIch w\u00fcrde mich freuen, Euch bei diesem Anlass wieder zu sehen.<\/p>\n<p>Mit einem lieben Gru\u00df<br \/>\n<a href=\"http:\/\/www.sven-teuber.info\/\">Sven Teuber<\/a><\/p>\n","protected":false},"excerpt":{"rendered":"<p>Liebe Kunstfreunde und -Freundinnen, ich m\u00f6chte Euch zu der Vernissage \u201eSinnsucht\u201c am Freitag, den 20.06.14 im Artclub K\u00f6ln, 19 \u2013 23:00 Uhr einladen. Im Rahmen meiner Einzelausstellung sind gro\u00dfformatige Fotoarbeiten zu sehen und es gibt ein Special zu dem Thema &hellip; <a href=\"https:\/\/sven-teuber.info\/wordpress\/vernissage-artclub-koeln\/\">Weiterlesen <span class=\"meta-nav\">&rarr;<\/span><\/a><\/p>\n","protected":false},"author":2,"featured_media":0,"comment_status":"open","ping_status":"open","sticky":false,"template":"","format":"image","meta":{"_crdt_document":"","jetpack_post_was_ever_published":false,"_jetpack_newsletter_access":"","_jetpack_dont_email_post_to_subs":false,"_jetpack_newsletter_tier_id":0,"_jetpack_memberships_contains_paywalled_content":false,"_jetpack_memberships_contains_paid_content":false,"footnotes":"","jetpack_publicize_message":"","jetpack_publicize_feature_enabled":true,"jetpack_social_post_already_shared":true,"jetpack_social_options":{"image_generator_settings":{"template":"highway","default_image_id":0,"font":"","enabled":false},"version":2}},"categories":[23,4],"tags":[],"class_list":["post-2216","post","type-post","status-publish","format-image","hentry","category-events","category-exhibition","post_format-post-format-image"],"jetpack_publicize_connections":[],"jetpack_featured_media_url":"","jetpack_sharing_enabled":true,"jetpack_shortlink":"https:\/\/wp.me\/p3CWBT-zK","jetpack-related-posts":[{"id":3315,"url":"https:\/\/sven-teuber.info\/wordpress\/vernissage-fr-22-1-von-19-23-uhr-artclub-koeln\/","url_meta":{"origin":2216,"position":0},"title":"Vernissage Fr. 22.1., von 19 &#8211; 23 Uhr, Artclub K\u00f6ln","author":"steuber","date":"18. Januar 2016","format":"status","excerpt":"Vernissage Fr. 22.1., von 19 - 23 Uhr, Artclub K\u00f6ln Liebe Kunstfreundinnen und Kunstfreunde, hiermit laden wir herzlich zur Ausstellungser\u00f6ffnung von vier neuen Ausstellungen: Vernissage Fr. 22.1., von 19 - 23 Uhr Er\u00f6ffnung der neuen artclub-Gemeinschaftsausstellung unter dem Titel \"Diverse Diversit\u00e4t\". Die Ausstellung ist dem K\u00fcnstler Joseph Beuys gewidmet, zum\u2026","rel":"","context":"In &quot;Allgemein&quot;","block_context":{"text":"Allgemein","link":"https:\/\/sven-teuber.info\/wordpress\/category\/allgemein\/"},"img":{"alt_text":"","src":"","width":0,"height":0},"classes":[]},{"id":2478,"url":"https:\/\/sven-teuber.info\/wordpress\/artclub-gemeinschaftsausstellung-power-of-art\/","url_meta":{"origin":2216,"position":1},"title":"Artclub-Gemeinschaftsausstellung &#8222;Power of Art&#8220;","author":"steuber","date":"2. November 2014","format":"aside","excerpt":"artclub GALERIE + ARCHIV AKTIV + K\u00dcNSTLERCLUB + VERANSTALTUNGSRAUM Melchiorstr. 14\u00a0\u00a0 -\u00a0 50670 K\u00f6ln - Agnesviertel\u00a0 - Gegen\u00fcber \"Alte Feuerwache\" Mail: mail@artclub-Galerie.de\u00a0\u00a0\u00a0\u00a0 Web:\u00a0 www.artclub-galerie.de .......................................................................................... Liebe Kunstfreunde, hiermit laden wir herzlich zur musikalischen Er\u00f6ffnung: Vernissage Sa. 8.11. von 19 - 23 Uhr Im Rahmen der artclub-Gemeinschaftsausstellung \"Power of Art\" werden\u2026","rel":"","context":"In &quot;Events&quot;","block_context":{"text":"Events","link":"https:\/\/sven-teuber.info\/wordpress\/category\/events\/"},"img":{"alt_text":"","src":"","width":0,"height":0},"classes":[]},{"id":170,"url":"https:\/\/sven-teuber.info\/wordpress\/artclub-einladung-vernissage-fr-24-5\/","url_meta":{"origin":2216,"position":2},"title":"Artclub &#8211; Einladung Vernissage Fr. 24.5.","author":"steuber","date":"21. Mai 2013","format":false,"excerpt":"Liebe Kunstfreunde, zur Er\u00f6ffnung der Ausstellungen laden wir herzlich ein: Vernissage Fr. 24.5., von 19 - 23 Uhr \"Farbraum\" Die ganze Vielfalt der Kunst versammelt sich im artclub. Die Gemeinschaftsausstellung ist bis zum 23.6. zu sehen. T\u00e4glich ge\u00f6ffnet, Mo. - So. 15 - 20 Uhr Artclub GALERIE + ARCHIV AKTIV\u2026","rel":"","context":"In &quot;Exhibition&quot;","block_context":{"text":"Exhibition","link":"https:\/\/sven-teuber.info\/wordpress\/category\/exhibition\/"},"img":{"alt_text":"","src":"","width":0,"height":0},"classes":[]},{"id":1,"url":"https:\/\/sven-teuber.info\/wordpress\/hallo-welt\/","url_meta":{"origin":2216,"position":3},"title":"Neue Ausstellung Artclub, Januar 2013","author":"steuber","date":"20. Dezember 2012","format":false,"excerpt":"04.01.2013 20:00 \u2013 23:00, Vernissage mit dem Titel \u201c6 Jahre Artclub\u201d Finissage der Austellung ist der 03.03.2013 Adresse: Artclub Melchiorstra\u00dfe 14 in 50670 K\u00f6ln Ge\u00f6ffnet: Montag bis Sonntag von 15.00 bis 20.00 Uh","rel":"","context":"In &quot;Exhibition&quot;","block_context":{"text":"Exhibition","link":"https:\/\/sven-teuber.info\/wordpress\/category\/exhibition\/"},"img":{"alt_text":"","src":"","width":0,"height":0},"classes":[]},{"id":2318,"url":"https:\/\/sven-teuber.info\/wordpress\/einladung-zu-speedart-portraits-in-der-koelner-galerie-artclub\/","url_meta":{"origin":2216,"position":4},"title":"Einladung zu Speedart Portraits in der K\u00f6lner Galerie artclub","author":"steuber","date":"29. August 2014","format":false,"excerpt":"Liebe Freunde der Kunst, einigen von Euch ist das Kunstevent \"Speedart-Portraits\" der Galerie artclub bereits bekannt: An zwei aufeinander folgenden Tagen - Fr. d. 05.09.\/ Sa. 06.09. pr\u00e4sentiert der K\u00f6lner artclub ausgew\u00e4hlte K\u00fcnstler, die mit einem ihrer Werke dem Publikum in einer Kurzpr\u00e4sentation vorgestellt werden. Der K\u00fcnstler wird von dem\u2026","rel":"","context":"In &quot;Allgemein&quot;","block_context":{"text":"Allgemein","link":"https:\/\/sven-teuber.info\/wordpress\/category\/allgemein\/"},"img":{"alt_text":"","src":"","width":0,"height":0},"classes":[]},{"id":576,"url":"https:\/\/sven-teuber.info\/wordpress\/naechste-austellung-im-artclub-koeln-randgebiete\/","url_meta":{"origin":2216,"position":5},"title":"N\u00e4chste Austellung im Artclub K\u00f6ln: &#8222;Randgebiete&#8220;","author":"steuber","date":"12. August 2013","format":false,"excerpt":"Die n\u00e4chste Ausstellung tr\u00e4gt den Titel: \"Randgebiete\" die Vernissage ist am Fr. 23.8. und die Finissage ist am So 22.9. Bitte vormerken! artclub GALERIE + ARCHIV AKTIV + K\u00dcNSTLERCLUB + VERANSTALTUNGSRAUM Melchiorstr. 14\u00a0\u00a0 -\u00a0 50670 K\u00f6ln - Agnesviertel\u00a0 - Gegen\u00fcber \"Alte Feuerwache\" Mail: mail@artclub-Galerie.de\u00a0\u00a0\u00a0\u00a0 Web:\u00a0 www.artclub-galerie.de \u00a0","rel":"","context":"In &quot;Allgemein&quot;","block_context":{"text":"Allgemein","link":"https:\/\/sven-teuber.info\/wordpress\/category\/allgemein\/"},"img":{"alt_text":"","src":"","width":0,"height":0},"classes":[]}],"jetpack_likes_enabled":true,"_links":{"self":[{"href":"https:\/\/sven-teuber.info\/wordpress\/wp-json\/wp\/v2\/posts\/2216","targetHints":{"allow":["GET"]}}],"collection":[{"href":"https:\/\/sven-teuber.info\/wordpress\/wp-json\/wp\/v2\/posts"}],"about":[{"href":"https:\/\/sven-teuber.info\/wordpress\/wp-json\/wp\/v2\/types\/post"}],"author":[{"embeddable":true,"href":"https:\/\/sven-teuber.info\/wordpress\/wp-json\/wp\/v2\/users\/2"}],"replies":[{"embeddable":true,"href":"https:\/\/sven-teuber.info\/wordpress\/wp-json\/wp\/v2\/comments?post=2216"}],"version-history":[{"count":3,"href":"https:\/\/sven-teuber.info\/wordpress\/wp-json\/wp\/v2\/posts\/2216\/revisions"}],"predecessor-version":[{"id":2221,"href":"https:\/\/sven-teuber.info\/wordpress\/wp-json\/wp\/v2\/posts\/2216\/revisions\/2221"}],"wp:attachment":[{"href":"https:\/\/sven-teuber.info\/wordpress\/wp-json\/wp\/v2\/media?parent=2216"}],"wp:term":[{"taxonomy":"category","embeddable":true,"href":"https:\/\/sven-teuber.info\/wordpress\/wp-json\/wp\/v2\/categories?post=2216"},{"taxonomy":"post_tag","embeddable":true,"href":"https:\/\/sven-teuber.info\/wordpress\/wp-json\/wp\/v2\/tags?post=2216"}],"curies":[{"name":"wp","href":"https:\/\/api.w.org\/{rel}","templated":true}]}}