{"id":2234,"date":"2014-07-03T20:00:15","date_gmt":"2014-07-03T19:00:15","guid":{"rendered":"http:\/\/sven-teuber.info\/wordpress\/?p=2234"},"modified":"2014-07-04T19:37:39","modified_gmt":"2014-07-04T18:37:39","slug":"ausstellung-13-juli-bis-31-august-in-der-burggalerie-waischenfeld","status":"publish","type":"post","link":"https:\/\/sven-teuber.info\/wordpress\/ausstellung-13-juli-bis-31-august-in-der-burggalerie-waischenfeld\/","title":{"rendered":"Ausstellung 13 Juli bis 31 August, in der Burggalerie Waischenfeld"},"content":{"rendered":"<p><a href=\"https:\/\/i0.wp.com\/sven-teuber.info\/wordpress\/wp-content\/uploads\/2014\/07\/Flyer-Vorn-Final.jpg?ssl=1\" rel=\"lightbox[2234]\"><img data-recalc-dims=\"1\" loading=\"lazy\" decoding=\"async\" data-attachment-id=\"2233\" data-permalink=\"https:\/\/sven-teuber.info\/wordpress\/ausstellung-13-juli-bis-31-august-in-der-burggalerie-waischenfeld\/flyer-vorn-final-2\/\" data-orig-file=\"https:\/\/i0.wp.com\/sven-teuber.info\/wordpress\/wp-content\/uploads\/2014\/07\/Flyer-Vorn-Final.jpg?fit=640%2C905&amp;ssl=1\" data-orig-size=\"640,905\" data-comments-opened=\"1\" data-image-meta=\"{&quot;aperture&quot;:&quot;0&quot;,&quot;credit&quot;:&quot;&quot;,&quot;camera&quot;:&quot;&quot;,&quot;caption&quot;:&quot;&quot;,&quot;created_timestamp&quot;:&quot;0&quot;,&quot;copyright&quot;:&quot;&quot;,&quot;focal_length&quot;:&quot;0&quot;,&quot;iso&quot;:&quot;0&quot;,&quot;shutter_speed&quot;:&quot;0&quot;,&quot;title&quot;:&quot;&quot;}\" data-image-title=\"Flyer-Vorn-Final\" data-image-description=\"\" data-image-caption=\"\" data-large-file=\"https:\/\/i0.wp.com\/sven-teuber.info\/wordpress\/wp-content\/uploads\/2014\/07\/Flyer-Vorn-Final.jpg?fit=584%2C826&amp;ssl=1\" class=\"aligncenter wp-image-2233 size-full\" src=\"https:\/\/i0.wp.com\/sven-teuber.info\/wordpress\/wp-content\/uploads\/2014\/07\/Flyer-Vorn-Final.jpg?resize=584%2C826&#038;ssl=1\" alt=\"Flyer-Vorn-Final\" width=\"584\" height=\"826\" srcset=\"https:\/\/i0.wp.com\/sven-teuber.info\/wordpress\/wp-content\/uploads\/2014\/07\/Flyer-Vorn-Final.jpg?w=640&amp;ssl=1 640w, https:\/\/i0.wp.com\/sven-teuber.info\/wordpress\/wp-content\/uploads\/2014\/07\/Flyer-Vorn-Final.jpg?resize=212%2C300&amp;ssl=1 212w, https:\/\/i0.wp.com\/sven-teuber.info\/wordpress\/wp-content\/uploads\/2014\/07\/Flyer-Vorn-Final.jpg?resize=169%2C240&amp;ssl=1 169w\" sizes=\"auto, (max-width: 584px) 100vw, 584px\" \/><\/a><br \/>\nDie Kunstausstellungen in diesen R\u00e4umen mit K\u00fcnstlern aus nah und fern haben sich l\u00e4ngst zum beliebten Treffpunkt unter Kennern und Liebhabern in der Kunstszene etabliert.<\/p>\n<p>Die mittelalterliche Burganlage beherbergt die Kunstgalerie im 1. OG. Drei R\u00e4ume werden hier f\u00fcr Ausstellungen von der Stadt zur Verf\u00fcgung gestellt.<br \/>\nVeranstalter der Kunstausstellungen ist der F\u00f6rderverein Kunstforum Waischenfeld e. V.<\/p>\n<p><a href=\"https:\/\/i0.wp.com\/sven-teuber.info\/wordpress\/wp-content\/uploads\/2014\/07\/Flyer-R%C3%BCckseite-Final.jpg?ssl=1\" rel=\"lightbox[2234]\"><img data-recalc-dims=\"1\" loading=\"lazy\" decoding=\"async\" data-attachment-id=\"2232\" data-permalink=\"https:\/\/sven-teuber.info\/wordpress\/ausstellung-13-juli-bis-31-august-in-der-burggalerie-waischenfeld\/flyer-rueckseite-final\/\" data-orig-file=\"https:\/\/i0.wp.com\/sven-teuber.info\/wordpress\/wp-content\/uploads\/2014\/07\/Flyer-R%C3%BCckseite-Final.jpg?fit=614%2C869&amp;ssl=1\" data-orig-size=\"614,869\" data-comments-opened=\"1\" data-image-meta=\"{&quot;aperture&quot;:&quot;0&quot;,&quot;credit&quot;:&quot;&quot;,&quot;camera&quot;:&quot;&quot;,&quot;caption&quot;:&quot;&quot;,&quot;created_timestamp&quot;:&quot;0&quot;,&quot;copyright&quot;:&quot;&quot;,&quot;focal_length&quot;:&quot;0&quot;,&quot;iso&quot;:&quot;0&quot;,&quot;shutter_speed&quot;:&quot;0&quot;,&quot;title&quot;:&quot;&quot;}\" data-image-title=\"Flyer-R\u00fcckseite-Final\" data-image-description=\"\" data-image-caption=\"\" data-large-file=\"https:\/\/i0.wp.com\/sven-teuber.info\/wordpress\/wp-content\/uploads\/2014\/07\/Flyer-R%C3%BCckseite-Final.jpg?fit=584%2C827&amp;ssl=1\" class=\"aligncenter size-full wp-image-2232\" src=\"https:\/\/i0.wp.com\/sven-teuber.info\/wordpress\/wp-content\/uploads\/2014\/07\/Flyer-R%C3%BCckseite-Final.jpg?resize=584%2C827&#038;ssl=1\" alt=\"Flyer-R\u00fcckseite-Final\" width=\"584\" height=\"827\" srcset=\"https:\/\/i0.wp.com\/sven-teuber.info\/wordpress\/wp-content\/uploads\/2014\/07\/Flyer-R%C3%BCckseite-Final.jpg?w=614&amp;ssl=1 614w, https:\/\/i0.wp.com\/sven-teuber.info\/wordpress\/wp-content\/uploads\/2014\/07\/Flyer-R%C3%BCckseite-Final.jpg?resize=211%2C300&amp;ssl=1 211w, https:\/\/i0.wp.com\/sven-teuber.info\/wordpress\/wp-content\/uploads\/2014\/07\/Flyer-R%C3%BCckseite-Final.jpg?resize=169%2C240&amp;ssl=1 169w\" sizes=\"auto, (max-width: 584px) 100vw, 584px\" \/><\/a>Hoch \u00fcber den D\u00e4chern des Luftkurortes Waischenfeld gr\u00fc\u00dft das Wahrzeichen der Stadt, der Steinerne Beutel. Von hier oben \u00f6ffnet sich ein herrlicher Blick auf das malerische Wiesenttal.<\/p>\n<p>Besuchen Sie die Burganlage hoch \u00fcber Waischenfeld, die von m\u00e4chtigen Mauern und wehrhaften T\u00fcrmen umschlossen ist und treten Sie ein, in einen der sch\u00f6nsten Bierg\u00e4rten der Fr\u00e4nkischen Schweiz. Mit alten schattigen Lindenb\u00e4umen, Wasserzisterne, Freiluftkegelbahn, Backofen (dient jetzt als Ausschank) und einer Freilichtb\u00fchne ausgestattet, ist dieser sch\u00f6ne Platz als Ort f\u00fcr Theaterauff\u00fchrungen und Konzerte aller Art sehr beliebt.<\/p>\n<p>Anfahrt \u00fcber Waischenfeld bitte durch den Ort fahren &#8211; <strong>Richtung Nackendorf<\/strong>. Nach dem Campingplatz, <strong>links abbiegen Richtung Heroldsberg\/Hubenberg<\/strong>, nach 500m, links Zufahrt zur Burg Waischenfeld.<\/p>\n<p><strong>Bitte vermeiden<\/strong> Sie den direkten Zufahrt \u00fcber die Schlo\u00dfberg in Waischenfeld. (sehr steile, enge Stra\u00dfe)<\/p>\n<p>Wir freuen uns auf Ihren Besuch.<\/p>\n","protected":false},"excerpt":{"rendered":"<p>Die Kunstausstellungen in diesen R\u00e4umen mit K\u00fcnstlern aus nah und fern haben sich l\u00e4ngst zum beliebten Treffpunkt unter Kennern und Liebhabern in der Kunstszene etabliert. Die mittelalterliche Burganlage beherbergt die Kunstgalerie im 1. OG. Drei R\u00e4ume werden hier f\u00fcr Ausstellungen &hellip; <a href=\"https:\/\/sven-teuber.info\/wordpress\/ausstellung-13-juli-bis-31-august-in-der-burggalerie-waischenfeld\/\">Weiterlesen <span class=\"meta-nav\">&rarr;<\/span><\/a><\/p>\n","protected":false},"author":2,"featured_media":0,"comment_status":"open","ping_status":"open","sticky":false,"template":"","format":"standard","meta":{"_crdt_document":"","jetpack_post_was_ever_published":false,"_jetpack_newsletter_access":"","_jetpack_dont_email_post_to_subs":false,"_jetpack_newsletter_tier_id":0,"_jetpack_memberships_contains_paywalled_content":false,"_jetpack_memberships_contains_paid_content":false,"footnotes":"","jetpack_publicize_message":"","jetpack_publicize_feature_enabled":true,"jetpack_social_post_already_shared":true,"jetpack_social_options":{"image_generator_settings":{"template":"highway","default_image_id":0,"font":"","enabled":false},"version":2}},"categories":[1,23,4],"tags":[],"class_list":["post-2234","post","type-post","status-publish","format-standard","hentry","category-allgemein","category-events","category-exhibition"],"jetpack_publicize_connections":[],"jetpack_featured_media_url":"","jetpack_sharing_enabled":true,"jetpack_shortlink":"https:\/\/wp.me\/p3CWBT-A2","jetpack-related-posts":[{"id":2830,"url":"https:\/\/sven-teuber.info\/wordpress\/kunstausstellung-blick-wechsel-im-loehrerhof-huerth\/","url_meta":{"origin":2234,"position":0},"title":"Kunstausstellung &#8222;Blick-Wechsel&#8220; im L\u00f6hrerhof, H\u00fcrth","author":"steuber","date":"9. April 2015","format":false,"excerpt":"","rel":"","context":"In &quot;Allgemein&quot;","block_context":{"text":"Allgemein","link":"https:\/\/sven-teuber.info\/wordpress\/category\/allgemein\/"},"img":{"alt_text":"","src":"","width":0,"height":0},"classes":[]},{"id":5548,"url":"https:\/\/sven-teuber.info\/wordpress\/ausstellung-einfach-kunst-vernissage-7-2-2022-crossart-international\/","url_meta":{"origin":2234,"position":1},"title":"Ausstellung: &#8222;Einfach Kunst&#8220; Vernissage 7.2.2022, Crossart International","author":"steuber","date":"28. Dezember 2021","format":false,"excerpt":"Sehr geehrte Damen und Herren, liebe Kunstfreund*innen wir laden ein zur Kunstausstellung: EINFACH KUNST ! Gruppenausstellung K\u00fcnstlernetzwerk crossart internationalVernissage: 07.02.2022, 19 Uhrmit Vorstellung der teilnehmenden K\u00fcnstler*innen: Nina Marxen, Anne Palitza, Adi Topo, Susanne Fritsch, Rudolf Kaplan, Dirk Bachem, Sven Teuber, Robelis Rodriguez Mijares, Adam Sochaj, Ilse Wurzel, Kathrin Broden, Peter\u2026","rel":"","context":"In &quot;Allgemein&quot;","block_context":{"text":"Allgemein","link":"https:\/\/sven-teuber.info\/wordpress\/category\/allgemein\/"},"img":{"alt_text":"","src":"https:\/\/i0.wp.com\/sven-teuber.info\/wordpress\/wp-content\/uploads\/2021\/12\/Einfach-kunst-.jpg?resize=350%2C200&ssl=1","width":350,"height":200,"srcset":"https:\/\/i0.wp.com\/sven-teuber.info\/wordpress\/wp-content\/uploads\/2021\/12\/Einfach-kunst-.jpg?resize=350%2C200&ssl=1 1x, https:\/\/i0.wp.com\/sven-teuber.info\/wordpress\/wp-content\/uploads\/2021\/12\/Einfach-kunst-.jpg?resize=525%2C300&ssl=1 1.5x, https:\/\/i0.wp.com\/sven-teuber.info\/wordpress\/wp-content\/uploads\/2021\/12\/Einfach-kunst-.jpg?resize=700%2C400&ssl=1 2x, https:\/\/i0.wp.com\/sven-teuber.info\/wordpress\/wp-content\/uploads\/2021\/12\/Einfach-kunst-.jpg?resize=1050%2C600&ssl=1 3x, https:\/\/i0.wp.com\/sven-teuber.info\/wordpress\/wp-content\/uploads\/2021\/12\/Einfach-kunst-.jpg?resize=1400%2C800&ssl=1 4x"},"classes":[]},{"id":5926,"url":"https:\/\/sven-teuber.info\/wordpress\/eierplaetzchen-roadshow-vernissage\/","url_meta":{"origin":2234,"position":2},"title":"EIERPL\u00c4TZCHEN-ROADSHOW Vernissage","author":"steuber","date":"18. April 2023","format":false,"excerpt":"Sehr geehrte Damen und Herren, liebe Kunstfreunde, wir laden ein zur Kunstausstellung:Die K\u00fcnstler des Eierpl\u00e4tzchen-Montmartres stellen aus:Vernissage 6.5.23: 19.30 Uhr Galerie Smend, Mainzer Str.37, 50678 K\u00f6ln\u00d6ffnungszeiten 6.5.23: 14-22 Uhr, 7.5.23: 14-20 UhrParallel stattfindende Aktionen und Livepainting am 6.5.23: 14-22 Uhr, 7-5.23: 14-20 Uhr auf dem Eierpl\u00e4tzchen (Kreisverkehr Teutoburger Str.\/Mainzer Str.)\u2026","rel":"","context":"In &quot;Allgemein&quot;","block_context":{"text":"Allgemein","link":"https:\/\/sven-teuber.info\/wordpress\/category\/allgemein\/"},"img":{"alt_text":"","src":"https:\/\/i0.wp.com\/sven-teuber.info\/wordpress\/wp-content\/uploads\/2023\/04\/Plakat-roadschow-Vorderseite.jpg?resize=350%2C200&ssl=1","width":350,"height":200,"srcset":"https:\/\/i0.wp.com\/sven-teuber.info\/wordpress\/wp-content\/uploads\/2023\/04\/Plakat-roadschow-Vorderseite.jpg?resize=350%2C200&ssl=1 1x, https:\/\/i0.wp.com\/sven-teuber.info\/wordpress\/wp-content\/uploads\/2023\/04\/Plakat-roadschow-Vorderseite.jpg?resize=525%2C300&ssl=1 1.5x, https:\/\/i0.wp.com\/sven-teuber.info\/wordpress\/wp-content\/uploads\/2023\/04\/Plakat-roadschow-Vorderseite.jpg?resize=700%2C400&ssl=1 2x, https:\/\/i0.wp.com\/sven-teuber.info\/wordpress\/wp-content\/uploads\/2023\/04\/Plakat-roadschow-Vorderseite.jpg?resize=1050%2C600&ssl=1 3x, https:\/\/i0.wp.com\/sven-teuber.info\/wordpress\/wp-content\/uploads\/2023\/04\/Plakat-roadschow-Vorderseite.jpg?resize=1400%2C800&ssl=1 4x"},"classes":[]},{"id":6951,"url":"https:\/\/sven-teuber.info\/wordpress\/vernissage-eierplaetzchen-roadshow-18-04-19-04\/","url_meta":{"origin":2234,"position":3},"title":"Vernissage EIERPL\u00c4TZCHEN-ROADSHOW 18.04-19.04","author":"steuber","date":"3. April 2026","format":false,"excerpt":"Sehr geehrte Damen und Herren, liebe Kunstfreunde,wir laden ein zur Kunstausstellung: EIERPL\u00c4TZCHEN-ROADSHOWDie K\u00fcnstler des Eierpl\u00e4tzchen-Montmartres stellen aus:Vernissage\u00a018.04.2026.: 19.00 UhrGalerie Smend, Mainzer Str.37, 50678 K\u00f6ln\u00d6ffnungszeiten\u00a018.04.2026.: 14-22 Uhr,\u00a019.04.2026: 14-19\u00a0UhrParallel stattfindende Aktionen und Livepainting\u00a0am\u00a018.04.2026.: 14-19\u00a0Uhr,\u00a019.04.2026.: 14-19\u00a0Uhrauf dem Eierpl\u00e4tzchen (Kreisverkehr Teutoburger Str.\/Mainzer Str.)und in der Galerie Mainzer Str.37Beteiligte K\u00fcnstler:Peter M\u00fcck,Volker Paffenholz,Manfred F\u00fcrth,Reinhard Scheithauer,Elena Zibler,Maren\u2026","rel":"","context":"In &quot;Allgemein&quot;","block_context":{"text":"Allgemein","link":"https:\/\/sven-teuber.info\/wordpress\/category\/allgemein\/"},"img":{"alt_text":"","src":"","width":0,"height":0},"classes":[]},{"id":578,"url":"https:\/\/sven-teuber.info\/wordpress\/kunstinstallation-lichter-bilder-als-projektion\/","url_meta":{"origin":2234,"position":4},"title":"Kunstinstallation &#8222;Lichter, Bilder als Projektion&#8220;","author":"steuber","date":"12. August 2013","format":false,"excerpt":"Projektvorstellung: Lichter, Bilder als Projektion. Wie kann man verschiedene Inhalte, Bilder und Lichter projizieren? Mit vielen Beamer und \/ oder Diaprojektoren? Es geht aber vielleicht auch anders. Auf einem geschlossen St\u00e4nderwerk sollen Kamera-Objektive befestigt werden, die dann die Projektion vornehmen. Als Lichtquelle dienen verschiedene Brenner, die die Bilder und Lichtfolien\u2026","rel":"","context":"In &quot;Allgemein&quot;","block_context":{"text":"Allgemein","link":"https:\/\/sven-teuber.info\/wordpress\/category\/allgemein\/"},"img":{"alt_text":"","src":"","width":0,"height":0},"classes":[]},{"id":6277,"url":"https:\/\/sven-teuber.info\/wordpress\/koerner-strasse-in-koeln-ehrenfeld\/","url_meta":{"origin":2234,"position":5},"title":"K\u00f6rner Stra\u00dfe in K\u00f6ln Ehrenfeld","author":"steuber","date":"21. Juni 2024","format":false,"excerpt":"Entdeckungen auf der K\u00f6rner Stra\u00dfe in K\u00f6ln Ehrenfeld: Ein fotografisches Abenteuer Die K\u00f6rner Stra\u00dfe in Ehrenfeld ist ein Paradies f\u00fcr Fotografen und Kunstliebhaber der StreetArt. Besonders w\u00e4hrend der Ausstellung STUDIO COLOGNE (24. Mai - 23. Juni 2024) verwandelt sich die charmante Stra\u00dfe in eine lebendige Galerie. Die historische Architektur der\u2026","rel":"","context":"In &quot;Allgemein&quot;","block_context":{"text":"Allgemein","link":"https:\/\/sven-teuber.info\/wordpress\/category\/allgemein\/"},"img":{"alt_text":"","src":"https:\/\/i0.wp.com\/sven-teuber.info\/wordpress\/wp-content\/uploads\/2024\/06\/MG_3869-A-200x300.jpg?resize=350%2C200&ssl=1","width":350,"height":200},"classes":[]}],"jetpack_likes_enabled":true,"_links":{"self":[{"href":"https:\/\/sven-teuber.info\/wordpress\/wp-json\/wp\/v2\/posts\/2234","targetHints":{"allow":["GET"]}}],"collection":[{"href":"https:\/\/sven-teuber.info\/wordpress\/wp-json\/wp\/v2\/posts"}],"about":[{"href":"https:\/\/sven-teuber.info\/wordpress\/wp-json\/wp\/v2\/types\/post"}],"author":[{"embeddable":true,"href":"https:\/\/sven-teuber.info\/wordpress\/wp-json\/wp\/v2\/users\/2"}],"replies":[{"embeddable":true,"href":"https:\/\/sven-teuber.info\/wordpress\/wp-json\/wp\/v2\/comments?post=2234"}],"version-history":[{"count":4,"href":"https:\/\/sven-teuber.info\/wordpress\/wp-json\/wp\/v2\/posts\/2234\/revisions"}],"predecessor-version":[{"id":2238,"href":"https:\/\/sven-teuber.info\/wordpress\/wp-json\/wp\/v2\/posts\/2234\/revisions\/2238"}],"wp:attachment":[{"href":"https:\/\/sven-teuber.info\/wordpress\/wp-json\/wp\/v2\/media?parent=2234"}],"wp:term":[{"taxonomy":"category","embeddable":true,"href":"https:\/\/sven-teuber.info\/wordpress\/wp-json\/wp\/v2\/categories?post=2234"},{"taxonomy":"post_tag","embeddable":true,"href":"https:\/\/sven-teuber.info\/wordpress\/wp-json\/wp\/v2\/tags?post=2234"}],"curies":[{"name":"wp","href":"https:\/\/api.w.org\/{rel}","templated":true}]}}