{"id":2270,"date":"2014-07-27T20:22:56","date_gmt":"2014-07-27T19:22:56","guid":{"rendered":"http:\/\/sven-teuber.info\/wordpress\/?p=2270"},"modified":"2014-07-27T20:22:56","modified_gmt":"2014-07-27T19:22:56","slug":"fraenkische-schweiz-2014-juli","status":"publish","type":"post","link":"https:\/\/sven-teuber.info\/wordpress\/fraenkische-schweiz-2014-juli\/","title":{"rendered":"Fr\u00e4nkische Schweiz, 2014 Juli"},"content":{"rendered":"<p><a href=\"https:\/\/i0.wp.com\/sven-teuber.info\/wordpress\/wp-content\/uploads\/2014\/07\/485-Bearbeitet.jpg?ssl=1\" rel=\"lightbox[2270]\"><img data-recalc-dims=\"1\" loading=\"lazy\" decoding=\"async\" data-attachment-id=\"2265\" data-permalink=\"https:\/\/sven-teuber.info\/wordpress\/fraenkische-schweiz-2014-juli\/485-bearbeitet\/\" data-orig-file=\"https:\/\/i0.wp.com\/sven-teuber.info\/wordpress\/wp-content\/uploads\/2014\/07\/485-Bearbeitet.jpg?fit=640%2C426&amp;ssl=1\" data-orig-size=\"640,426\" data-comments-opened=\"1\" data-image-meta=\"{&quot;aperture&quot;:&quot;0&quot;,&quot;credit&quot;:&quot;&quot;,&quot;camera&quot;:&quot;&quot;,&quot;caption&quot;:&quot;&quot;,&quot;created_timestamp&quot;:&quot;0&quot;,&quot;copyright&quot;:&quot;&quot;,&quot;focal_length&quot;:&quot;0&quot;,&quot;iso&quot;:&quot;0&quot;,&quot;shutter_speed&quot;:&quot;0&quot;,&quot;title&quot;:&quot;&quot;}\" data-image-title=\"485-Bearbeitet\" data-image-description=\"\" data-image-caption=\"\" data-large-file=\"https:\/\/i0.wp.com\/sven-teuber.info\/wordpress\/wp-content\/uploads\/2014\/07\/485-Bearbeitet.jpg?fit=584%2C389&amp;ssl=1\" class=\"aligncenter size-full wp-image-2265\" src=\"https:\/\/i0.wp.com\/sven-teuber.info\/wordpress\/wp-content\/uploads\/2014\/07\/485-Bearbeitet.jpg?resize=584%2C389&#038;ssl=1\" alt=\"485-Bearbeitet\" width=\"584\" height=\"389\" srcset=\"https:\/\/i0.wp.com\/sven-teuber.info\/wordpress\/wp-content\/uploads\/2014\/07\/485-Bearbeitet.jpg?w=640&amp;ssl=1 640w, https:\/\/i0.wp.com\/sven-teuber.info\/wordpress\/wp-content\/uploads\/2014\/07\/485-Bearbeitet.jpg?resize=300%2C199&amp;ssl=1 300w, https:\/\/i0.wp.com\/sven-teuber.info\/wordpress\/wp-content\/uploads\/2014\/07\/485-Bearbeitet.jpg?resize=360%2C240&amp;ssl=1 360w\" sizes=\"auto, (max-width: 584px) 100vw, 584px\" \/><\/a> <a href=\"https:\/\/i0.wp.com\/sven-teuber.info\/wordpress\/wp-content\/uploads\/2014\/07\/478-Bearbeitet.jpg?ssl=1\" rel=\"lightbox[2270]\"><img data-recalc-dims=\"1\" loading=\"lazy\" decoding=\"async\" data-attachment-id=\"2267\" data-permalink=\"https:\/\/sven-teuber.info\/wordpress\/fraenkische-schweiz-2014-juli\/478-bearbeitet\/\" data-orig-file=\"https:\/\/i0.wp.com\/sven-teuber.info\/wordpress\/wp-content\/uploads\/2014\/07\/478-Bearbeitet.jpg?fit=640%2C426&amp;ssl=1\" data-orig-size=\"640,426\" data-comments-opened=\"1\" data-image-meta=\"{&quot;aperture&quot;:&quot;0&quot;,&quot;credit&quot;:&quot;&quot;,&quot;camera&quot;:&quot;&quot;,&quot;caption&quot;:&quot;&quot;,&quot;created_timestamp&quot;:&quot;0&quot;,&quot;copyright&quot;:&quot;&quot;,&quot;focal_length&quot;:&quot;0&quot;,&quot;iso&quot;:&quot;0&quot;,&quot;shutter_speed&quot;:&quot;0&quot;,&quot;title&quot;:&quot;&quot;}\" data-image-title=\"478-Bearbeitet\" data-image-description=\"\" data-image-caption=\"\" data-large-file=\"https:\/\/i0.wp.com\/sven-teuber.info\/wordpress\/wp-content\/uploads\/2014\/07\/478-Bearbeitet.jpg?fit=584%2C389&amp;ssl=1\" class=\"aligncenter size-full wp-image-2267\" src=\"https:\/\/i0.wp.com\/sven-teuber.info\/wordpress\/wp-content\/uploads\/2014\/07\/478-Bearbeitet.jpg?resize=584%2C389&#038;ssl=1\" alt=\"478-Bearbeitet\" width=\"584\" height=\"389\" srcset=\"https:\/\/i0.wp.com\/sven-teuber.info\/wordpress\/wp-content\/uploads\/2014\/07\/478-Bearbeitet.jpg?w=640&amp;ssl=1 640w, https:\/\/i0.wp.com\/sven-teuber.info\/wordpress\/wp-content\/uploads\/2014\/07\/478-Bearbeitet.jpg?resize=300%2C199&amp;ssl=1 300w, https:\/\/i0.wp.com\/sven-teuber.info\/wordpress\/wp-content\/uploads\/2014\/07\/478-Bearbeitet.jpg?resize=360%2C240&amp;ssl=1 360w\" sizes=\"auto, (max-width: 584px) 100vw, 584px\" \/><\/a> <a href=\"https:\/\/i0.wp.com\/sven-teuber.info\/wordpress\/wp-content\/uploads\/2014\/07\/500-Bearbeitet.jpg?ssl=1\" rel=\"lightbox[2270]\"><img data-recalc-dims=\"1\" loading=\"lazy\" decoding=\"async\" data-attachment-id=\"2266\" data-permalink=\"https:\/\/sven-teuber.info\/wordpress\/fraenkische-schweiz-2014-juli\/500-bearbeitet\/\" data-orig-file=\"https:\/\/i0.wp.com\/sven-teuber.info\/wordpress\/wp-content\/uploads\/2014\/07\/500-Bearbeitet.jpg?fit=640%2C425&amp;ssl=1\" data-orig-size=\"640,425\" data-comments-opened=\"1\" data-image-meta=\"{&quot;aperture&quot;:&quot;0&quot;,&quot;credit&quot;:&quot;&quot;,&quot;camera&quot;:&quot;&quot;,&quot;caption&quot;:&quot;&quot;,&quot;created_timestamp&quot;:&quot;0&quot;,&quot;copyright&quot;:&quot;&quot;,&quot;focal_length&quot;:&quot;0&quot;,&quot;iso&quot;:&quot;0&quot;,&quot;shutter_speed&quot;:&quot;0&quot;,&quot;title&quot;:&quot;&quot;}\" data-image-title=\"500-Bearbeitet\" data-image-description=\"\" data-image-caption=\"\" data-large-file=\"https:\/\/i0.wp.com\/sven-teuber.info\/wordpress\/wp-content\/uploads\/2014\/07\/500-Bearbeitet.jpg?fit=584%2C388&amp;ssl=1\" class=\"aligncenter size-full wp-image-2266\" src=\"https:\/\/i0.wp.com\/sven-teuber.info\/wordpress\/wp-content\/uploads\/2014\/07\/500-Bearbeitet.jpg?resize=584%2C388&#038;ssl=1\" alt=\"500-Bearbeitet\" width=\"584\" height=\"388\" srcset=\"https:\/\/i0.wp.com\/sven-teuber.info\/wordpress\/wp-content\/uploads\/2014\/07\/500-Bearbeitet.jpg?w=640&amp;ssl=1 640w, https:\/\/i0.wp.com\/sven-teuber.info\/wordpress\/wp-content\/uploads\/2014\/07\/500-Bearbeitet.jpg?resize=300%2C199&amp;ssl=1 300w, https:\/\/i0.wp.com\/sven-teuber.info\/wordpress\/wp-content\/uploads\/2014\/07\/500-Bearbeitet.jpg?resize=361%2C240&amp;ssl=1 361w\" sizes=\"auto, (max-width: 584px) 100vw, 584px\" \/><\/a><\/p>\n","protected":false},"excerpt":{"rendered":"","protected":false},"author":2,"featured_media":0,"comment_status":"open","ping_status":"open","sticky":false,"template":"","format":"image","meta":{"_crdt_document":"","jetpack_post_was_ever_published":false,"_jetpack_newsletter_access":"","_jetpack_dont_email_post_to_subs":false,"_jetpack_newsletter_tier_id":0,"_jetpack_memberships_contains_paywalled_content":false,"_jetpack_memberships_contains_paid_content":false,"footnotes":"","jetpack_publicize_message":"","jetpack_publicize_feature_enabled":true,"jetpack_social_post_already_shared":true,"jetpack_social_options":{"image_generator_settings":{"template":"highway","default_image_id":0,"font":"","enabled":false},"version":2}},"categories":[1,8,2],"tags":[],"class_list":["post-2270","post","type-post","status-publish","format-image","hentry","category-allgemein","category-foto-stretch","category-photographie","post_format-post-format-image"],"jetpack_publicize_connections":[],"jetpack_featured_media_url":"","jetpack_sharing_enabled":true,"jetpack_shortlink":"https:\/\/wp.me\/p3CWBT-AC","jetpack-related-posts":[{"id":2256,"url":"https:\/\/sven-teuber.info\/wordpress\/fraenkische-schweiz-juli-2014\/","url_meta":{"origin":2270,"position":0},"title":"Fr\u00e4nkische Schweiz, Juli 2014","author":"steuber","date":"16. Juli 2014","format":false,"excerpt":"","rel":"","context":"In &quot;Allgemein&quot;","block_context":{"text":"Allgemein","link":"https:\/\/sven-teuber.info\/wordpress\/category\/allgemein\/"},"img":{"alt_text":"","src":"","width":0,"height":0},"classes":[]},{"id":3816,"url":"https:\/\/sven-teuber.info\/wordpress\/rundreise-in-der-zentralschweiz-bilderserie\/","url_meta":{"origin":2270,"position":1},"title":"Rundreise in der Zentralschweiz, Bilderserie","author":"steuber","date":"23. Oktober 2016","format":"image","excerpt":"\u00a9 ST, Bilderserie \u00fcber die Rundreise in der Zentralschweiz, Region Vierwaldst\u00e4ttersee, 2016. zum \u00f6ffnen der Mediathek ....","rel":"","context":"In &quot;Allgemein&quot;","block_context":{"text":"Allgemein","link":"https:\/\/sven-teuber.info\/wordpress\/category\/allgemein\/"},"img":{"alt_text":"","src":"https:\/\/i0.wp.com\/sven-teuber.info\/wordpress\/wp-content\/uploads\/2016\/10\/Schweiz_20.jpg?resize=350%2C200","width":350,"height":200},"classes":[]},{"id":2420,"url":"https:\/\/sven-teuber.info\/wordpress\/lisboa-october-2014-new-sw-pictures\/","url_meta":{"origin":2270,"position":2},"title":"Lisboa Part I October 2014","author":"steuber","date":"1. November 2014","format":"gallery","excerpt":"Lisboa, \"Alle Dinge, die wir sehen, m\u00fcssen wir wirklich zum erstenmal sehen, weil es ja tats\u00e4chlich das erste Mal ist, dass wir sie sehen. Und dann ist jede gelbe Blume eine neue gelbe Blume, auch wenn es dieselbe von gestern ist ... Schade, dass wir nicht Augen haben, um das\u2026","rel":"","context":"In &quot;Allgemein&quot;","block_context":{"text":"Allgemein","link":"https:\/\/sven-teuber.info\/wordpress\/category\/allgemein\/"},"img":{"alt_text":"","src":"https:\/\/i0.wp.com\/sven-teuber.info\/wordpress\/wp-content\/uploads\/2014\/11\/ST-Lisboa-07.jpg?resize=350%2C200","width":350,"height":200,"srcset":"https:\/\/i0.wp.com\/sven-teuber.info\/wordpress\/wp-content\/uploads\/2014\/11\/ST-Lisboa-07.jpg?resize=350%2C200 1x, https:\/\/i0.wp.com\/sven-teuber.info\/wordpress\/wp-content\/uploads\/2014\/11\/ST-Lisboa-07.jpg?resize=525%2C300 1.5x"},"classes":[]},{"id":2440,"url":"https:\/\/sven-teuber.info\/wordpress\/lisboa-part-ii-october-2014\/","url_meta":{"origin":2270,"position":3},"title":"Lisboa Part II October 2014","author":"steuber","date":"2. November 2014","format":false,"excerpt":"","rel":"","context":"In &quot;Foto-stretch&quot;","block_context":{"text":"Foto-stretch","link":"https:\/\/sven-teuber.info\/wordpress\/category\/foto-stretch\/"},"img":{"alt_text":"","src":"https:\/\/i0.wp.com\/sven-teuber.info\/wordpress\/wp-content\/uploads\/2014\/11\/DSCF4109.jpg?resize=350%2C200","width":350,"height":200},"classes":[]},{"id":5303,"url":"https:\/\/sven-teuber.info\/wordpress\/titel-naturstruktur-2020\/","url_meta":{"origin":2270,"position":4},"title":"Titel: Naturstruktur, 2020","author":"steuber","date":"9. Juli 2020","format":false,"excerpt":"Vier Bilder, der Reparationsanspruch.","rel":"","context":"In &quot;Allgemein&quot;","block_context":{"text":"Allgemein","link":"https:\/\/sven-teuber.info\/wordpress\/category\/allgemein\/"},"img":{"alt_text":"","src":"https:\/\/i0.wp.com\/sven-teuber.info\/wordpress\/wp-content\/uploads\/2020\/07\/Naturstrickwerk-C.jpg?resize=350%2C200","width":350,"height":200,"srcset":"https:\/\/i0.wp.com\/sven-teuber.info\/wordpress\/wp-content\/uploads\/2020\/07\/Naturstrickwerk-C.jpg?resize=350%2C200 1x, https:\/\/i0.wp.com\/sven-teuber.info\/wordpress\/wp-content\/uploads\/2020\/07\/Naturstrickwerk-C.jpg?resize=525%2C300 1.5x, https:\/\/i0.wp.com\/sven-teuber.info\/wordpress\/wp-content\/uploads\/2020\/07\/Naturstrickwerk-C.jpg?resize=700%2C400 2x, https:\/\/i0.wp.com\/sven-teuber.info\/wordpress\/wp-content\/uploads\/2020\/07\/Naturstrickwerk-C.jpg?resize=1050%2C600 3x"},"classes":[]},{"id":4705,"url":"https:\/\/sven-teuber.info\/wordpress\/coexist-with-humans\/","url_meta":{"origin":2270,"position":5},"title":"Coexist with humans (1)","author":"steuber","date":"16. Februar 2019","format":false,"excerpt":"ST, 2019, Title: Coexist with humans (1)","rel":"","context":"In &quot;Allgemein&quot;","block_context":{"text":"Allgemein","link":"https:\/\/sven-teuber.info\/wordpress\/category\/allgemein\/"},"img":{"alt_text":"","src":"https:\/\/i0.wp.com\/sven-teuber.info\/wordpress\/wp-content\/uploads\/2019\/02\/Shot-Step2-K.jpg.jpg?resize=350%2C200&ssl=1","width":350,"height":200,"srcset":"https:\/\/i0.wp.com\/sven-teuber.info\/wordpress\/wp-content\/uploads\/2019\/02\/Shot-Step2-K.jpg.jpg?resize=350%2C200&ssl=1 1x, https:\/\/i0.wp.com\/sven-teuber.info\/wordpress\/wp-content\/uploads\/2019\/02\/Shot-Step2-K.jpg.jpg?resize=525%2C300&ssl=1 1.5x, https:\/\/i0.wp.com\/sven-teuber.info\/wordpress\/wp-content\/uploads\/2019\/02\/Shot-Step2-K.jpg.jpg?resize=700%2C400&ssl=1 2x"},"classes":[]}],"jetpack_likes_enabled":true,"_links":{"self":[{"href":"https:\/\/sven-teuber.info\/wordpress\/wp-json\/wp\/v2\/posts\/2270","targetHints":{"allow":["GET"]}}],"collection":[{"href":"https:\/\/sven-teuber.info\/wordpress\/wp-json\/wp\/v2\/posts"}],"about":[{"href":"https:\/\/sven-teuber.info\/wordpress\/wp-json\/wp\/v2\/types\/post"}],"author":[{"embeddable":true,"href":"https:\/\/sven-teuber.info\/wordpress\/wp-json\/wp\/v2\/users\/2"}],"replies":[{"embeddable":true,"href":"https:\/\/sven-teuber.info\/wordpress\/wp-json\/wp\/v2\/comments?post=2270"}],"version-history":[{"count":1,"href":"https:\/\/sven-teuber.info\/wordpress\/wp-json\/wp\/v2\/posts\/2270\/revisions"}],"predecessor-version":[{"id":2271,"href":"https:\/\/sven-teuber.info\/wordpress\/wp-json\/wp\/v2\/posts\/2270\/revisions\/2271"}],"wp:attachment":[{"href":"https:\/\/sven-teuber.info\/wordpress\/wp-json\/wp\/v2\/media?parent=2270"}],"wp:term":[{"taxonomy":"category","embeddable":true,"href":"https:\/\/sven-teuber.info\/wordpress\/wp-json\/wp\/v2\/categories?post=2270"},{"taxonomy":"post_tag","embeddable":true,"href":"https:\/\/sven-teuber.info\/wordpress\/wp-json\/wp\/v2\/tags?post=2270"}],"curies":[{"name":"wp","href":"https:\/\/api.w.org\/{rel}","templated":true}]}}