{"id":2275,"date":"2014-07-30T19:49:09","date_gmt":"2014-07-30T18:49:09","guid":{"rendered":"http:\/\/sven-teuber.info\/wordpress\/?p=2275"},"modified":"2014-07-30T19:49:09","modified_gmt":"2014-07-30T18:49:09","slug":"artikel-zur-ausstellung-im-artclub-koeln","status":"publish","type":"post","link":"https:\/\/sven-teuber.info\/wordpress\/artikel-zur-ausstellung-im-artclub-koeln\/","title":{"rendered":"Artikel zur Ausstellung im Artclub K\u00f6ln"},"content":{"rendered":"<p><a href=\"https:\/\/i0.wp.com\/sven-teuber.info\/wordpress\/wp-content\/uploads\/2014\/07\/artclubPRESSE132KSTA29.07.14.jpg?ssl=1\" rel=\"lightbox[2275]\"><img data-recalc-dims=\"1\" loading=\"lazy\" decoding=\"async\" data-attachment-id=\"2276\" data-permalink=\"https:\/\/sven-teuber.info\/wordpress\/artikel-zur-ausstellung-im-artclub-koeln\/artclubpresse132ksta29-07-14\/\" data-orig-file=\"https:\/\/i0.wp.com\/sven-teuber.info\/wordpress\/wp-content\/uploads\/2014\/07\/artclubPRESSE132KSTA29.07.14.jpg?fit=1102%2C810&amp;ssl=1\" data-orig-size=\"1102,810\" data-comments-opened=\"1\" data-image-meta=\"{&quot;aperture&quot;:&quot;0&quot;,&quot;credit&quot;:&quot;&quot;,&quot;camera&quot;:&quot;&quot;,&quot;caption&quot;:&quot;&quot;,&quot;created_timestamp&quot;:&quot;0&quot;,&quot;copyright&quot;:&quot;&quot;,&quot;focal_length&quot;:&quot;0&quot;,&quot;iso&quot;:&quot;0&quot;,&quot;shutter_speed&quot;:&quot;0&quot;,&quot;title&quot;:&quot;&quot;}\" data-image-title=\"artclubPRESSE132KSTA29.07.14\" data-image-description=\"\" data-image-caption=\"\" data-large-file=\"https:\/\/i0.wp.com\/sven-teuber.info\/wordpress\/wp-content\/uploads\/2014\/07\/artclubPRESSE132KSTA29.07.14.jpg?fit=584%2C429&amp;ssl=1\" class=\"aligncenter size-full wp-image-2276\" src=\"https:\/\/i0.wp.com\/sven-teuber.info\/wordpress\/wp-content\/uploads\/2014\/07\/artclubPRESSE132KSTA29.07.14.jpg?resize=584%2C429&#038;ssl=1\" alt=\"artclubPRESSE132KSTA29.07.14\" width=\"584\" height=\"429\" srcset=\"https:\/\/i0.wp.com\/sven-teuber.info\/wordpress\/wp-content\/uploads\/2014\/07\/artclubPRESSE132KSTA29.07.14.jpg?w=1102&amp;ssl=1 1102w, https:\/\/i0.wp.com\/sven-teuber.info\/wordpress\/wp-content\/uploads\/2014\/07\/artclubPRESSE132KSTA29.07.14.jpg?resize=300%2C220&amp;ssl=1 300w, https:\/\/i0.wp.com\/sven-teuber.info\/wordpress\/wp-content\/uploads\/2014\/07\/artclubPRESSE132KSTA29.07.14.jpg?resize=1024%2C752&amp;ssl=1 1024w, https:\/\/i0.wp.com\/sven-teuber.info\/wordpress\/wp-content\/uploads\/2014\/07\/artclubPRESSE132KSTA29.07.14.jpg?resize=326%2C240&amp;ssl=1 326w\" sizes=\"auto, (max-width: 584px) 100vw, 584px\" \/><\/a><\/p>\n<p>&nbsp;<\/p>\n","protected":false},"excerpt":{"rendered":"<p>&nbsp;<\/p>\n","protected":false},"author":2,"featured_media":0,"comment_status":"open","ping_status":"open","sticky":false,"template":"","format":"standard","meta":{"_crdt_document":"","jetpack_post_was_ever_published":false,"_jetpack_newsletter_access":"","_jetpack_dont_email_post_to_subs":false,"_jetpack_newsletter_tier_id":0,"_jetpack_memberships_contains_paywalled_content":false,"_jetpack_memberships_contains_paid_content":false,"footnotes":"","jetpack_publicize_message":"","jetpack_publicize_feature_enabled":true,"jetpack_social_post_already_shared":true,"jetpack_social_options":{"image_generator_settings":{"template":"highway","default_image_id":0,"font":"","enabled":false},"version":2}},"categories":[23,3],"tags":[],"class_list":["post-2275","post","type-post","status-publish","format-standard","hentry","category-events","category-for-your-information"],"jetpack_publicize_connections":[],"jetpack_featured_media_url":"","jetpack_sharing_enabled":true,"jetpack_shortlink":"https:\/\/wp.me\/p3CWBT-AH","jetpack-related-posts":[{"id":6423,"url":"https:\/\/sven-teuber.info\/wordpress\/ausstellung-fort-x-15-jahre-crossart-international\/","url_meta":{"origin":2275,"position":0},"title":"Ausstellung Fort X 15 Jahre Crossart International","author":"steuber","date":"21. November 2024","format":false,"excerpt":"Wir m\u00f6chten mit Euch feiern 15 Jahre K\u00fcnstlernetzwerk crossart international Jubil\u00e4umsausstellung mit vorweihnachtlichem Kunstbasar. Alle sind eingeladen Samstag 30.11.24: 14-20 Uhr Sonntag 1.12.24: 14-18 Uhr Fort X, Neusser Wall 33, 50670 K\u00f6ln Am 2. Oktober 2009 wurde crossart international vom K\u00f6lner K\u00fcnstler Peter M\u00fcck gegr\u00fcndet. Etwa zur gleichen Zeit bezog\u2026","rel":"","context":"In &quot;Allgemein&quot;","block_context":{"text":"Allgemein","link":"https:\/\/sven-teuber.info\/wordpress\/category\/allgemein\/"},"img":{"alt_text":"","src":"https:\/\/i0.wp.com\/sven-teuber.info\/wordpress\/wp-content\/uploads\/2024\/11\/insta7420869036430298927-1.jpg?resize=350%2C200&ssl=1","width":350,"height":200,"srcset":"https:\/\/i0.wp.com\/sven-teuber.info\/wordpress\/wp-content\/uploads\/2024\/11\/insta7420869036430298927-1.jpg?resize=350%2C200&ssl=1 1x, https:\/\/i0.wp.com\/sven-teuber.info\/wordpress\/wp-content\/uploads\/2024\/11\/insta7420869036430298927-1.jpg?resize=525%2C300&ssl=1 1.5x, https:\/\/i0.wp.com\/sven-teuber.info\/wordpress\/wp-content\/uploads\/2024\/11\/insta7420869036430298927-1.jpg?resize=700%2C400&ssl=1 2x"},"classes":[]},{"id":6663,"url":"https:\/\/sven-teuber.info\/wordpress\/chorweiler-art-09-11-2025-11-18-uhr\/","url_meta":{"origin":2275,"position":1},"title":"Chorweiler ART \/ 09.11.2025, 11-18 Uhr","author":"steuber","date":"15. Oktober 2025","format":false,"excerpt":"","rel":"","context":"In &quot;Allgemein&quot;","block_context":{"text":"Allgemein","link":"https:\/\/sven-teuber.info\/wordpress\/category\/allgemein\/"},"img":{"alt_text":"","src":"https:\/\/i0.wp.com\/sven-teuber.info\/wordpress\/wp-content\/uploads\/2025\/10\/Screenshot_20251019-192655.png?resize=350%2C200&ssl=1","width":350,"height":200,"srcset":"https:\/\/i0.wp.com\/sven-teuber.info\/wordpress\/wp-content\/uploads\/2025\/10\/Screenshot_20251019-192655.png?resize=350%2C200&ssl=1 1x, https:\/\/i0.wp.com\/sven-teuber.info\/wordpress\/wp-content\/uploads\/2025\/10\/Screenshot_20251019-192655.png?resize=525%2C300&ssl=1 1.5x, https:\/\/i0.wp.com\/sven-teuber.info\/wordpress\/wp-content\/uploads\/2025\/10\/Screenshot_20251019-192655.png?resize=700%2C400&ssl=1 2x, https:\/\/i0.wp.com\/sven-teuber.info\/wordpress\/wp-content\/uploads\/2025\/10\/Screenshot_20251019-192655.png?resize=1050%2C600&ssl=1 3x"},"classes":[]},{"id":2318,"url":"https:\/\/sven-teuber.info\/wordpress\/einladung-zu-speedart-portraits-in-der-koelner-galerie-artclub\/","url_meta":{"origin":2275,"position":2},"title":"Einladung zu Speedart Portraits in der K\u00f6lner Galerie artclub","author":"steuber","date":"29. August 2014","format":false,"excerpt":"Liebe Freunde der Kunst, einigen von Euch ist das Kunstevent \"Speedart-Portraits\" der Galerie artclub bereits bekannt: An zwei aufeinander folgenden Tagen - Fr. d. 05.09.\/ Sa. 06.09. pr\u00e4sentiert der K\u00f6lner artclub ausgew\u00e4hlte K\u00fcnstler, die mit einem ihrer Werke dem Publikum in einer Kurzpr\u00e4sentation vorgestellt werden. Der K\u00fcnstler wird von dem\u2026","rel":"","context":"In &quot;Allgemein&quot;","block_context":{"text":"Allgemein","link":"https:\/\/sven-teuber.info\/wordpress\/category\/allgemein\/"},"img":{"alt_text":"","src":"","width":0,"height":0},"classes":[]},{"id":3852,"url":"https:\/\/sven-teuber.info\/wordpress\/einladung-zur-vernissage-am-25-11-11-12-16-im-artclub-melchiorstr-14-koeln\/","url_meta":{"origin":2275,"position":3},"title":"Einladung zur Vernissage am 25.11 &#8211; 11.12.16 im Artclub, Melchiorstr. 14, K\u00f6ln","author":"steuber","date":"12. November 2016","format":false,"excerpt":"Kunst und Protest, bedingt durch die Ereignisse der letzten Monate hat sich ST verst\u00e4rkt politischen und gesellschaftskritischen Themen zugewandt. Zu diesen Themen ist eine Reihe von Plakaten entstanden, die gesellschaftspolitische Probleme in unserem Land offenlegen und den Finger ungesch\u00f6nt in die klaffende Wunde legen. Der Impuls, Plakate als Medium f\u00fcr\u2026","rel":"","context":"In &quot;Exhibition&quot;","block_context":{"text":"Exhibition","link":"https:\/\/sven-teuber.info\/wordpress\/category\/exhibition\/"},"img":{"alt_text":"pam_st","src":"https:\/\/i0.wp.com\/sven-teuber.info\/wordpress\/wp-content\/uploads\/2016\/11\/PAM_ST.jpg?resize=350%2C200","width":350,"height":200,"srcset":"https:\/\/i0.wp.com\/sven-teuber.info\/wordpress\/wp-content\/uploads\/2016\/11\/PAM_ST.jpg?resize=350%2C200 1x, https:\/\/i0.wp.com\/sven-teuber.info\/wordpress\/wp-content\/uploads\/2016\/11\/PAM_ST.jpg?resize=525%2C300 1.5x"},"classes":[]},{"id":5991,"url":"https:\/\/sven-teuber.info\/wordpress\/einladung-zur-kunstmeile-23-09-maria-hilf-str-koeln\/","url_meta":{"origin":2275,"position":4},"title":"Einladung zur Kunstmeile 2+3.09 Maria-Hilf-Str. K\u00f6ln","author":"steuber","date":"17. August 2023","format":false,"excerpt":"Das Merowinger Nachbarschaftsfest. Knapp 20 K\u00fcnstler verwandeln die Maria-Hilf-Str. am 2.+3. September in eine Kunstmeile. Dort kann man den K\u00fcnstlern bei der Arbeit \u00fcber die Schulter schauen und das eine oder andere originalle Werk ergattern. Nat\u00fcrlich beteiligen sich die K\u00fcnstler an der Tombola, spenden Geld-und Sachpreise und kaufen flei\u00dfig Lose.\u2026","rel":"","context":"In &quot;Allgemein&quot;","block_context":{"text":"Allgemein","link":"https:\/\/sven-teuber.info\/wordpress\/category\/allgemein\/"},"img":{"alt_text":"","src":"https:\/\/i0.wp.com\/sven-teuber.info\/wordpress\/wp-content\/uploads\/2023\/08\/IMG-20230730-WA0004.jpg?resize=350%2C200&ssl=1","width":350,"height":200,"srcset":"https:\/\/i0.wp.com\/sven-teuber.info\/wordpress\/wp-content\/uploads\/2023\/08\/IMG-20230730-WA0004.jpg?resize=350%2C200&ssl=1 1x, https:\/\/i0.wp.com\/sven-teuber.info\/wordpress\/wp-content\/uploads\/2023\/08\/IMG-20230730-WA0004.jpg?resize=525%2C300&ssl=1 1.5x, https:\/\/i0.wp.com\/sven-teuber.info\/wordpress\/wp-content\/uploads\/2023\/08\/IMG-20230730-WA0004.jpg?resize=700%2C400&ssl=1 2x"},"classes":[]},{"id":6277,"url":"https:\/\/sven-teuber.info\/wordpress\/koerner-strasse-in-koeln-ehrenfeld\/","url_meta":{"origin":2275,"position":5},"title":"K\u00f6rner Stra\u00dfe in K\u00f6ln Ehrenfeld","author":"steuber","date":"21. Juni 2024","format":false,"excerpt":"Entdeckungen auf der K\u00f6rner Stra\u00dfe in K\u00f6ln Ehrenfeld: Ein fotografisches Abenteuer Die K\u00f6rner Stra\u00dfe in Ehrenfeld ist ein Paradies f\u00fcr Fotografen und Kunstliebhaber der StreetArt. Besonders w\u00e4hrend der Ausstellung STUDIO COLOGNE (24. Mai - 23. Juni 2024) verwandelt sich die charmante Stra\u00dfe in eine lebendige Galerie. Die historische Architektur der\u2026","rel":"","context":"In &quot;Allgemein&quot;","block_context":{"text":"Allgemein","link":"https:\/\/sven-teuber.info\/wordpress\/category\/allgemein\/"},"img":{"alt_text":"","src":"https:\/\/i0.wp.com\/sven-teuber.info\/wordpress\/wp-content\/uploads\/2024\/06\/MG_3869-A-200x300.jpg?resize=350%2C200&ssl=1","width":350,"height":200},"classes":[]}],"jetpack_likes_enabled":true,"_links":{"self":[{"href":"https:\/\/sven-teuber.info\/wordpress\/wp-json\/wp\/v2\/posts\/2275","targetHints":{"allow":["GET"]}}],"collection":[{"href":"https:\/\/sven-teuber.info\/wordpress\/wp-json\/wp\/v2\/posts"}],"about":[{"href":"https:\/\/sven-teuber.info\/wordpress\/wp-json\/wp\/v2\/types\/post"}],"author":[{"embeddable":true,"href":"https:\/\/sven-teuber.info\/wordpress\/wp-json\/wp\/v2\/users\/2"}],"replies":[{"embeddable":true,"href":"https:\/\/sven-teuber.info\/wordpress\/wp-json\/wp\/v2\/comments?post=2275"}],"version-history":[{"count":2,"href":"https:\/\/sven-teuber.info\/wordpress\/wp-json\/wp\/v2\/posts\/2275\/revisions"}],"predecessor-version":[{"id":2278,"href":"https:\/\/sven-teuber.info\/wordpress\/wp-json\/wp\/v2\/posts\/2275\/revisions\/2278"}],"wp:attachment":[{"href":"https:\/\/sven-teuber.info\/wordpress\/wp-json\/wp\/v2\/media?parent=2275"}],"wp:term":[{"taxonomy":"category","embeddable":true,"href":"https:\/\/sven-teuber.info\/wordpress\/wp-json\/wp\/v2\/categories?post=2275"},{"taxonomy":"post_tag","embeddable":true,"href":"https:\/\/sven-teuber.info\/wordpress\/wp-json\/wp\/v2\/tags?post=2275"}],"curies":[{"name":"wp","href":"https:\/\/api.w.org\/{rel}","templated":true}]}}