{"id":2335,"date":"2014-09-11T20:00:27","date_gmt":"2014-09-11T19:00:27","guid":{"rendered":"http:\/\/sven-teuber.info\/wordpress\/?p=2335"},"modified":"2014-09-11T12:38:37","modified_gmt":"2014-09-11T11:38:37","slug":"performance-art-show-ein-kunstprojekt-von-parzival-getanzt-und-performt-von-nanni-rasul","status":"publish","type":"post","link":"https:\/\/sven-teuber.info\/wordpress\/performance-art-show-ein-kunstprojekt-von-parzival-getanzt-und-performt-von-nanni-rasul\/","title":{"rendered":"&#8222;Performance-Art-Show&#8220; Ein Kunstprojekt von Parzival Getanzt und performt von Nanni Rasul"},"content":{"rendered":"<p><b><\/b><span style=\"color: #993399; font-family: Souvenir Lt BT;\"><span style=\"color: #000000;\">Kunst-Schauspiel und Ausstellung zur Photokina 2014<br \/>\n<\/span><\/span><span style=\"color: #993399; font-family: Souvenir Lt BT;\"><span style=\"color: #000000;\">Ein Kunstprojekt von Parzival <\/span><br \/>\n<span style=\"color: #000000;\"> Getanzt und performt von Nanni Rasul<\/span><br \/>\n<\/span><span style=\"color: #000000;\"><span style=\"font-family: Souvenir Lt BT;\">16. bis 21.9., je von 20 &#8211; 22 Uhr,<br \/>\nAuff\u00fchrungen alle 15 Minuten<br \/>\n<\/span><\/span><span style=\"color: #993399; font-family: Souvenir Lt BT;\"><span style=\"color: #000000;\">&#8222;Campi Volksb\u00fchne&#8220;, Aachenerstr. 5,<br \/>\nneben dem Millowitsch-Theater<br \/>\n&#8230;.mal was anderes sehen !?<\/span><br \/>\n<\/span><span style=\"font-family: Souvenir Lt BT;\"><br \/>\nIn Kooperation mit unserem Partner &#8222;<b>Campi Volksb\u00fchne<\/b>&#8220;<br \/>\nweisen wir auf folgende Veranstaltung hin:<\/p>\n<p><i><b>&#8222;Performance-Art-Show&#8220;<\/b><\/i> Kunst-Programm vom <b>16.-21.9.<\/b><br \/>\nin der <b>Campi Volksb\u00fchne<\/b>. Mit CyberView-Kunstbrillen des<br \/>\nK\u00fcnstlers <b>Parzival <\/b>sehen und erleben die Besucher eine<br \/>\nt\u00e4nzerische Performance der K\u00fcnstlerin <b>Nanni Rasul<\/b>.<br \/>\nEffektvolle und spannende Seh-Erlebnisse sind garantiert.<br \/>\nDiese Kunstbrillen funktionieren absolut analog, bed\u00fcrfen<br \/>\nweder Strom noch Computer und sind mit Seh-Weltrekord<br \/>\nim Guinness Buch der Rekorde 2000 &#8211; Millennium-Edition &#8211;<br \/>\ngepr\u00fcft eingetragen: <span style=\"text-decoration: underline;\">Keine andere Brille weltweit bietet<br \/>\nohne Strom und Computer mehr unterschiedliche<br \/>\nSeh-Einstellungen: \u00fcber 46 Milliarden &#8222;Sehstrahlen&#8220; sind<br \/>\ninteraktiv m\u00f6glich.<br \/>\n<\/span><b>Das Sehen wurde damit quasi neu erfunden.<\/p>\n<p>Der Ablauf <\/b>ist sehr einfach: Die Besucher erhalten je eine<br \/>\nder Kunstbrillen die sie wie Taucherbrillen aufsetzen &#8211;<br \/>\nblitzschnell erleben sie ihr Sehen v\u00f6llig neu, &#8222;sp\u00e4cig&#8220; und<br \/>\ninteraktiv. Dann beginnt Nanni Rasul ihre Performance.<br \/>\nTanzbewegungen, K\u00f6rperschwingungen und Lichtelemente<br \/>\nverzaubern durch die Kunstbrillen das Sehen der Menschen<br \/>\nund bieten ihnen ein wunderbares, fantastisches Schauspiel<br \/>\n&#8211; <i>ein Spielfeld der Sinne und echtes Seh-Abenteuer.<br \/>\n<\/i><br \/>\n<i><b>Die Technik f\u00fcr die Kunstbrillen entstammt urspr\u00fcnglich<br \/>\nder Fotografie; spektakul\u00e4re und eindrucksvolle<br \/>\nPerformance-Fotos damit sind parallel ausgestellt.<\/p>\n<p><\/b><\/i>Auf der Webseite<br \/>\n<a class=\"moz-txt-link-abbreviated\" href=\"http:\/\/www.weltrekordblick.de\" target=\"_blank\">www.weltrekordblick.de<\/a><br \/>\nk\u00f6nnen einige vorige Veranstaltungen und Presseberichte<br \/>\nbetrachtet werden.<\/p>\n<p>Wir w\u00fcrden uns freuen Sie in der CAMPI Volksb\u00fchne<br \/>\nbegr\u00fcssen zu d\u00fcrfen.<br \/>\n<b><br \/>\n<\/b><\/span><span style=\"font-family: Tahoma;\"><span style=\"font-family: Trebuchet MS;\"><span style=\"font-family: Souvenir Lt BT;\">Mit freundlichen Gr\u00fcssen<br \/>\nFREIE KUNSTGESELLSCHAFT K\u00d6LN E.V.<br \/>\nDesire\u00e9 van Houtt, Pressereferentin<br \/>\n<a class=\"moz-txt-link-abbreviated\" href=\"mailto:kunst@vereinkoeln.de\">kunst@vereinkoeln.de<\/a><\/span><\/span><\/span><\/p>\n","protected":false},"excerpt":{"rendered":"<p>Kunst-Schauspiel und Ausstellung zur Photokina 2014 Ein Kunstprojekt von Parzival Getanzt und performt von Nanni Rasul 16. bis 21.9., je von 20 &#8211; 22 Uhr, Auff\u00fchrungen alle 15 Minuten &#8222;Campi Volksb\u00fchne&#8220;, Aachenerstr. 5, neben dem Millowitsch-Theater &#8230;.mal was anderes sehen &hellip; <a href=\"https:\/\/sven-teuber.info\/wordpress\/performance-art-show-ein-kunstprojekt-von-parzival-getanzt-und-performt-von-nanni-rasul\/\">Weiterlesen <span class=\"meta-nav\">&rarr;<\/span><\/a><\/p>\n","protected":false},"author":2,"featured_media":0,"comment_status":"open","ping_status":"open","sticky":false,"template":"","format":"aside","meta":{"_crdt_document":"","jetpack_post_was_ever_published":false,"_jetpack_newsletter_access":"","_jetpack_dont_email_post_to_subs":false,"_jetpack_newsletter_tier_id":0,"_jetpack_memberships_contains_paywalled_content":false,"_jetpack_memberships_contains_paid_content":false,"footnotes":"","jetpack_publicize_message":"\"Performance-Art-Show\" Ein Kunstprojekt von Parzival Getanzt und performt von Nanni Rasul","jetpack_publicize_feature_enabled":true,"jetpack_social_post_already_shared":true,"jetpack_social_options":{"image_generator_settings":{"template":"highway","default_image_id":0,"font":"","enabled":false},"version":2}},"categories":[23],"tags":[],"class_list":["post-2335","post","type-post","status-publish","format-aside","hentry","category-events","post_format-post-format-aside"],"jetpack_publicize_connections":[],"jetpack_featured_media_url":"","jetpack_sharing_enabled":true,"jetpack_shortlink":"https:\/\/wp.me\/p3CWBT-BF","jetpack-related-posts":[{"id":22,"url":"https:\/\/sven-teuber.info\/wordpress\/artclub-koln\/","url_meta":{"origin":2335,"position":0},"title":"Artclub K\u00f6ln Kunstprojekt 12.01 ab 20:00","author":"steuber","date":"7. Januar 2013","format":false,"excerpt":"Liebe Freunde experimenteller Kunst, zu einem spektakul\u00e4rem Kunstprojekt laden wir herzlich ein: PrismaxX : Licht- und Aktions-Theater f\u00fcr interaktive SehAbenteuer in drei AktenSa. 12.1., Beginn ab 20 Uhr, UKB \u20ac 3.-- Voranmeldung m\u00f6glich Lichtspielerin und T\u00e4nzerin: Nanni Rasul Zuschauer erhalten f\u00fcr die Auff\u00fchrungen \"PrismaxX-Optoskope\" des K\u00fcnstlers Parzival. Mit diesen Kunstbrillen\u2026","rel":"","context":"In &quot;Exhibition&quot;","block_context":{"text":"Exhibition","link":"https:\/\/sven-teuber.info\/wordpress\/category\/exhibition\/"},"img":{"alt_text":"","src":"","width":0,"height":0},"classes":[]},{"id":57,"url":"https:\/\/sven-teuber.info\/wordpress\/09-03-2000-uhr-artclub-koln-prismaxx-licht-und-aktions-theater-fur-interaktive-sehabenteuer\/","url_meta":{"origin":2335,"position":1},"title":"09.03, 20:00 Uhr Artclub K\u00f6ln &#8222;PrismaxX&#8220; Licht- und Aktions-Theater f\u00fcr interaktive SehAbenteuer","author":"steuber","date":"18. Februar 2013","format":false,"excerpt":"Kunst\/Aktion am 9 M\u00e4rz, Beginn ab 20:00 Uhr \"PrismaxX\" Licht- und Aktions-Theater f\u00fcr interaktive SehAbenteuer Lichtspielerin & T\u00e4nzerin: Nanni Rasul Zuschauer erhalten f\u00fcr die Auff\u00fchrungen \"PrismaxX-GigaSkope\" des K\u00fcnstlers Parzival. Mit diesen Kunstbrillen sind spektakul\u00e4re und interaktive Sichtweisen m\u00f6glich; im Jahr 2000 erhielten sie einen Seh-Weltrekord und wurden gro\u00df im Guinness\u2026","rel":"","context":"In &quot;Exhibition&quot;","block_context":{"text":"Exhibition","link":"https:\/\/sven-teuber.info\/wordpress\/category\/exhibition\/"},"img":{"alt_text":"","src":"https:\/\/i0.wp.com\/www.xing.com\/img\/n\/outlink.gif?resize=350%2C200&ssl=1","width":350,"height":200},"classes":[]},{"id":2126,"url":"https:\/\/sven-teuber.info\/wordpress\/artclub-aktionskuenstler-parzival-auf-der-art-cologne\/","url_meta":{"origin":2335,"position":2},"title":"Artclub, Aktionsk\u00fcnstler Parzival auf der Art Cologne","author":"steuber","date":"13. April 2014","format":false,"excerpt":"Zur Kunstaktion: Bei der Aktion wird der Mensch in analoger Form zur Schnittstelle zur digitalen Welt. Ich selbst hatte nicht mal ein Handy und keinerlei digitales Ger\u00e4t am K\u00f6rper, blieb also komplett analog und schaltete mich \"nur\" auf diesem Weg in die digitale Welt ein - um den artclub so\u2026","rel":"","context":"In &quot;Allgemein&quot;","block_context":{"text":"Allgemein","link":"https:\/\/sven-teuber.info\/wordpress\/category\/allgemein\/"},"img":{"alt_text":"","src":"","width":0,"height":0},"classes":[]},{"id":2318,"url":"https:\/\/sven-teuber.info\/wordpress\/einladung-zu-speedart-portraits-in-der-koelner-galerie-artclub\/","url_meta":{"origin":2335,"position":3},"title":"Einladung zu Speedart Portraits in der K\u00f6lner Galerie artclub","author":"steuber","date":"29. August 2014","format":false,"excerpt":"Liebe Freunde der Kunst, einigen von Euch ist das Kunstevent \"Speedart-Portraits\" der Galerie artclub bereits bekannt: An zwei aufeinander folgenden Tagen - Fr. d. 05.09.\/ Sa. 06.09. pr\u00e4sentiert der K\u00f6lner artclub ausgew\u00e4hlte K\u00fcnstler, die mit einem ihrer Werke dem Publikum in einer Kurzpr\u00e4sentation vorgestellt werden. Der K\u00fcnstler wird von dem\u2026","rel":"","context":"In &quot;Allgemein&quot;","block_context":{"text":"Allgemein","link":"https:\/\/sven-teuber.info\/wordpress\/category\/allgemein\/"},"img":{"alt_text":"","src":"","width":0,"height":0},"classes":[]},{"id":5209,"url":"https:\/\/sven-teuber.info\/wordpress\/ausstellung-digital-shit-im-aristokrass-galerie-koeln-vom-29-02-20-04-04-20\/","url_meta":{"origin":2335,"position":4},"title":"Ausstellung Digital Shit in der Aristokrass Galerie (K\u00f6ln) vom 29.02.20 &#8211; 04.04.20","author":"steuber","date":"23. Februar 2020","format":false,"excerpt":"ARISTOKRASS GALERIE | Huhnsgasse 46| 50676 K\u00f6ln | www.aristokrass.com | info@aristokrass.com \u00d6FNNUNGSZEITEN: Mi-Sa.16-20 Uhr *K\u00dcNSTLER: BENTO MONTEIRO KRISSTINE, BERGMANN ANNO, BRAND AXEL, DUBOSE GEORGE, EMHA, FISCHENICH PETER, GAJD\u00c1CS ZAKARIAS, GOSSE AGII, HECKERT RICHARD ALEXANDER, J\u00d6HRING MARKUS, KLOC JANUSZ, KNECHT RUTH, NODEPOND, SARI HAVVA, SCHULZE MARKUS, TEUBER SVEN, ZYDEK THOMAS. In\u2026","rel":"","context":"In &quot;Allgemein&quot;","block_context":{"text":"Allgemein","link":"https:\/\/sven-teuber.info\/wordpress\/category\/allgemein\/"},"img":{"alt_text":"","src":"https:\/\/i0.wp.com\/sven-teuber.info\/wordpress\/wp-content\/uploads\/2020\/02\/Flyer-Digital-Kopie.jpg?resize=350%2C200","width":350,"height":200,"srcset":"https:\/\/i0.wp.com\/sven-teuber.info\/wordpress\/wp-content\/uploads\/2020\/02\/Flyer-Digital-Kopie.jpg?resize=350%2C200 1x, https:\/\/i0.wp.com\/sven-teuber.info\/wordpress\/wp-content\/uploads\/2020\/02\/Flyer-Digital-Kopie.jpg?resize=525%2C300 1.5x, https:\/\/i0.wp.com\/sven-teuber.info\/wordpress\/wp-content\/uploads\/2020\/02\/Flyer-Digital-Kopie.jpg?resize=700%2C400 2x, https:\/\/i0.wp.com\/sven-teuber.info\/wordpress\/wp-content\/uploads\/2020\/02\/Flyer-Digital-Kopie.jpg?resize=1050%2C600 3x, https:\/\/i0.wp.com\/sven-teuber.info\/wordpress\/wp-content\/uploads\/2020\/02\/Flyer-Digital-Kopie.jpg?resize=1400%2C800 4x"},"classes":[]},{"id":2483,"url":"https:\/\/sven-teuber.info\/wordpress\/vorankuendigung-15-1116-11-artclub-koeln\/","url_meta":{"origin":2335,"position":5},"title":"NDIVIDUALMARKT &#8211; Kunstmesse der W\u00fcnsche 15.11\/16.11 Artclub K\u00f6ln","author":"steuber","date":"3. November 2014","format":false,"excerpt":"VORANK\u00dcNDIGUNG Liebe Kunstfreunde und Kunstk\u00e4ufer, wir bitten Sie sehr freundlich um Ihre gesch\u00e4tzte Aufmerksamkeit. Der artclub hat eine ganz neue Art von Kunstmesse erfunden: \u201eINDIVIDUALMARKT - Kunstmesse der W\u00fcnsche Die erste Kunstmesse der Welt, auf der es keine fertigen Kunstwerke zu kaufen gibt. Sa, 15. 11., von 15 bis 20\u2026","rel":"","context":"In &quot;Allgemein&quot;","block_context":{"text":"Allgemein","link":"https:\/\/sven-teuber.info\/wordpress\/category\/allgemein\/"},"img":{"alt_text":"artclubPRESSE135KI1114","src":"https:\/\/i0.wp.com\/sven-teuber.info\/wordpress\/wp-content\/uploads\/2014\/11\/artclubPRESSE135KI1114.jpg?resize=350%2C200","width":350,"height":200,"srcset":"https:\/\/i0.wp.com\/sven-teuber.info\/wordpress\/wp-content\/uploads\/2014\/11\/artclubPRESSE135KI1114.jpg?resize=350%2C200 1x, https:\/\/i0.wp.com\/sven-teuber.info\/wordpress\/wp-content\/uploads\/2014\/11\/artclubPRESSE135KI1114.jpg?resize=525%2C300 1.5x"},"classes":[]}],"jetpack_likes_enabled":true,"_links":{"self":[{"href":"https:\/\/sven-teuber.info\/wordpress\/wp-json\/wp\/v2\/posts\/2335","targetHints":{"allow":["GET"]}}],"collection":[{"href":"https:\/\/sven-teuber.info\/wordpress\/wp-json\/wp\/v2\/posts"}],"about":[{"href":"https:\/\/sven-teuber.info\/wordpress\/wp-json\/wp\/v2\/types\/post"}],"author":[{"embeddable":true,"href":"https:\/\/sven-teuber.info\/wordpress\/wp-json\/wp\/v2\/users\/2"}],"replies":[{"embeddable":true,"href":"https:\/\/sven-teuber.info\/wordpress\/wp-json\/wp\/v2\/comments?post=2335"}],"version-history":[{"count":1,"href":"https:\/\/sven-teuber.info\/wordpress\/wp-json\/wp\/v2\/posts\/2335\/revisions"}],"predecessor-version":[{"id":2336,"href":"https:\/\/sven-teuber.info\/wordpress\/wp-json\/wp\/v2\/posts\/2335\/revisions\/2336"}],"wp:attachment":[{"href":"https:\/\/sven-teuber.info\/wordpress\/wp-json\/wp\/v2\/media?parent=2335"}],"wp:term":[{"taxonomy":"category","embeddable":true,"href":"https:\/\/sven-teuber.info\/wordpress\/wp-json\/wp\/v2\/categories?post=2335"},{"taxonomy":"post_tag","embeddable":true,"href":"https:\/\/sven-teuber.info\/wordpress\/wp-json\/wp\/v2\/tags?post=2335"}],"curies":[{"name":"wp","href":"https:\/\/api.w.org\/{rel}","templated":true}]}}