{"id":2397,"date":"2014-10-23T21:00:22","date_gmt":"2014-10-23T20:00:22","guid":{"rendered":"http:\/\/sven-teuber.info\/wordpress\/?p=2397"},"modified":"2015-01-29T15:37:31","modified_gmt":"2015-01-29T14:37:31","slug":"fernand-leger-et-la-grande-guerre-25-oct-14-2-fevr-15","status":"publish","type":"post","link":"https:\/\/sven-teuber.info\/wordpress\/fernand-leger-et-la-grande-guerre-25-oct-14-2-fevr-15\/","title":{"rendered":"Fernand L\u00e9ger et la Grande Guerre \/ 25.oct.14-2.f\u00e9vr.15"},"content":{"rendered":"<table border=\"0\" width=\"603\" cellspacing=\"0\" cellpadding=\"0\" align=\"center\">\n<tbody>\n<tr>\n<td align=\"left\" valign=\"bottom\" width=\"603\" height=\"33\">\n<table border=\"0\" width=\"100%\" cellspacing=\"0\" cellpadding=\"0\">\n<tbody>\n<tr>\n<td>\n<table border=\"0\" width=\"250\" cellspacing=\"0\" cellpadding=\"0\">\n<tbody>\n<tr>\n<td align=\"left\" valign=\"middle\"><span style=\"font-family: Arial,Helvetica,sans-serif; font-size: small;\">22 octobre 2014<\/span><span style=\"font-size: small;\"><span style=\"font-family: Arial,Helvetica,sans-serif;\"> <span style=\"color: #ff0000; font-size: medium;\"><strong>X<\/strong><\/span> 87213 destinataires<\/span><\/span><\/td>\n<\/tr>\n<\/tbody>\n<\/table>\n<\/td>\n<td align=\"right\" valign=\"top\"><img data-recalc-dims=\"1\" loading=\"lazy\" decoding=\"async\" src=\"https:\/\/i0.wp.com\/www.paris-art.com\/img_news\/artinfo\/parisARTinfo2.jpg?resize=141%2C29\" alt=\"\" width=\"141\" height=\"29\" \/><\/td>\n<\/tr>\n<\/tbody>\n<\/table>\n<\/td>\n<\/tr>\n<tr>\n<td valign=\"bottom\" height=\"48\"><strong><span style=\"font-size: large;\"><span style=\"color: #ff0000; font-family: Arial,Helvetica,sans-serif;\">AH QUE LA GUERRE EST CUBISTE !<\/span><br \/>\n<span style=\"font-family: Arial,Helvetica,sans-serif;\">FERNAND L\u00c9GER ET LA GRANDE GUERRE<\/span><br \/>\n<span style=\"color: #ff0000;\">MUS\u00c9E FERNAND L\u00c9GER, BIOT \/ 25 OCT. 2014 &#8211; 2 F\u00c9VR. 2015<\/span><br \/>\n<\/span><\/strong><\/td>\n<\/tr>\n<tr>\n<td align=\"center\" valign=\"top\">\n<table border=\"0\" width=\"96%\" cellspacing=\"0\" cellpadding=\"0\">\n<tbody>\n<tr>\n<td><img data-recalc-dims=\"1\" decoding=\"async\" src=\"https:\/\/i0.wp.com\/www.paris-art.com\/img_news\/artinfo\/141021LegerGuerre01b.jpg?w=584\" alt=\"\"  \/><\/td>\n<\/tr>\n<\/tbody>\n<\/table>\n<\/td>\n<\/tr>\n<tr>\n<td valign=\"top\">\n<div align=\"justify\"><span style=\"color: #ff0000;\">Ah que la guerre est cubiste ! Fernand L\u00e9ger et la Grande Guerre<br \/>\nMus\u00e9e national Fernand L\u00e9ger, Biot<\/span><br \/>\n25 octobre 2014 &#8211; 2 f\u00e9vrier 2015<br \/>\nVernissage: samedi 25 octobre \u00e0 11h<\/p>\n<p><!--more--><\/p>\n<p>Exposition organis\u00e9e par<br \/>\n<span style=\"color: #ff0000;\">les mus\u00e9es nationaux du XXe si\u00e8cle des Alpes-Maritimes <\/span>A l\u2019occasion du centenaire de la Grande Guerre, le mus\u00e9e national Fernand L\u00e9ger de Biot pr\u00e9sente une exposition sur Fernand L\u00e9ger et la Grande Guerre.<\/div>\n<div align=\"justify\">\nMobilis\u00e9 dans les troupes du G\u00e9nie en 1914, Fernand L\u00e9ger reste simple soldat jusqu\u2019en 1917, date \u00e0 laquelle il est hospitalis\u00e9 puis r\u00e9form\u00e9. D\u2019abord sapeur puis brancardier, il est post\u00e9 en Argonne et \u00e0 Verdun. L\u2019exposition montre la guerre vue par Fernand L\u00e9ger mais aussi l\u2019impact qu\u2019elle a eu sur son oeuvre au d\u00e9but des ann\u00e9es vingt.<br \/>\nL\u2019exposition s\u2019ouvre sur la peinture vibrante de couleurs intitul\u00e9e<em> Le 14 juillet<\/em> r\u00e9alis\u00e9e avant sa mobilisation mais ce sont ensuite quatre ann\u00e9es de grisaille que dessine l\u2019artiste dans ses carnets.<br \/>\nDevant l\u2019impossibilit\u00e9 de peindre, l\u2019artiste produit de nombreux dessins, y compris une acquisition r\u00e9cente<em> Paysage en Argonne <\/em>qui est mise \u00e0 l\u2019honneur dans l\u2019exposition. Ces dessins, au style g\u00e9om\u00e9trique, incarnent la vision cubiste du monde initi\u00e9e d\u00e8s 1910 et qui s\u2019adapte \u00e0 une iconographie in\u00e9dite: les paysages meurtris du Nord-Est de la France.La guerre constitue aussi une exp\u00e9rience humaine, fondatrice pour L\u00e9ger. La riche correspondance qu\u2019il entretient avec ses proches, rest\u00e9s \u00e0 l\u2019arri\u00e8re: Louis Poughon, un camarade d\u2019enfance, ou Jeanne Lohy, sa future femme, permet de le comprendre. Au coeur de l\u2019exposition, un salon d\u2019\u00e9coute r\u00e9alis\u00e9 par les \u00e9l\u00e8ves du lyc\u00e9e professionnel des m\u00e9tiers d\u2019art Pasteur de Nice, permet d\u2019entendre ces textes lus par les \u00e9l\u00e8ves du lyc\u00e9e international de Valbonne. Ce t\u00e9moignage exceptionnel permet de comprendre la dimension de l\u2019exp\u00e9rience de guerre: alors qu\u2019il vit dans les pires conditions aux c\u00f4t\u00e9s de ses compagnons de tranch\u00e9e, Fernand L\u00e9ger ne cesse de dire son admiration pour eux. Pr\u00e8s d\u2019eux, il d\u00e9couvre la fonction sociale de l\u2019art.A partir de 1917, L\u00e9ger revient \u00e0 la couleur avec la repr\u00e9sentation du<em> Pot \u00e0 tisane<\/em>, objet omnipr\u00e9sent qu\u2019il dessine \u00e0 l\u2019h\u00f4pital de Villepinte avant de le peindre en 1918, dans le d\u00e9cor chamarr\u00e9 de la maison \u00e0 Vernon o\u00f9 il passe sa convalescence. Cette oeuvre, pr\u00eat\u00e9e par le mus\u00e9e national d\u2019Art moderne-Centre Georges Pompidou, en est un \u00e9clatant exemple. Cette p\u00e9riode amorce un nouveau langage plastique, qui s\u2019\u00e9loigne de l\u2019abstraction de sa p\u00e9riode cubiste. L\u2019exposition \u00e9voque \u00e9galement l\u2019apr\u00e8s-guerre avec des oeuvres de la p\u00e9riode m\u00e9canique de L\u00e9ger. Exacerb\u00e9e par la guerre, la beaut\u00e9 moderne devient une source d\u2019inspiration pour l\u2019artiste d\u00e9mobilis\u00e9.<\/p>\n<p>Dans l\u2019auditorium, la diffusion d\u2019un \u00abcin\u00e9ma pour l\u2019oreille\u00bb propose un regard contemporain sur la guerre gr\u00e2ce \u00e0 l\u2019oeuvre acousmatique Potentiel de terre cr\u00e9\u00e9e sp\u00e9cifiquement par Diane Blondeau et Simon Nicolas, jeunes dipl\u00f4m\u00e9s de la Villa Arson, \u00e9cole nationale sup\u00e9rieure d\u2019art de Nice.<br \/>\nL\u2019exposition a re\u00e7u le label de la Mission du Centenaire 14-18.<\/p>\n<p><span style=\"color: #ff0000;\">Commissaires<\/span><br \/>\nDiana Gay, conservatrice au mus\u00e9e national Fernand L\u00e9ger<br \/>\nNelly Maillard, charg\u00e9e des collections au mus\u00e9e national Fernand L\u00e9ger<\/p>\n<p><span style=\"color: #ff0000;\">Mus\u00e9e national Fernand L\u00e9ger<\/span><br \/>\nChemin du Val de P\u00f4me. 06410 Biot<br \/>\nT+33(0)4 92 91 50 30 \/ <a href=\"http:\/\/www.musees-nationaux-alpesmaritimes.fr\" target=\"_blank\">www.musees-nationaux-alpesmaritimes.fr<\/a><br \/>\n<strong>Ouverture<\/strong><br \/>\nTous les jours (sauf le mardi, le 25 d\u00e9cembre et le 1er janvier)<br \/>\nDe 10h \u00e0 18h (17h \u00e0 partir de novembre)<br \/>\n<strong>Tarifs<\/strong><br \/>\n5,50 \u20ac, r\u00e9duit 4 \u20ac, groupes 5 \u20ac<br \/>\nGratuit\u00e9 pour les moins de 26 ans et pour tous le premier dimanche du mois<\/p>\n<p><strong>L\u00e9gendes<\/strong><br \/>\n1. Fernand L\u00e9ger, <em>Le 14 juillet<\/em>, 1914. Huile sur toile. 65,5 x 58,5 cm. Donation de Nadia L\u00e9ger et Georges Bauquier . Mus\u00e9e national Fernand L\u00e9ger<br \/>\n\u00a9 RMN &#8211; Grand Palais \/ G\u00e9rard Blot \u00a9 Adagp, Paris 2014<br \/>\n2. Fernand L\u00e9ger, <em>La Cocarde<\/em>, <em>L\u2019avion bris\u00e9<\/em>, vers 1916. Aquarelle et crayon sur papier, 23 x 29,1 cm. Donation de Nadia L\u00e9ger et Georges Bauquier. Mus\u00e9e national Fernand L\u00e9ger<br \/>\n\u00a9 RMN &#8211; Grand Palais \/ Herv\u00e9 Lewandowski \u00a9 Adagp, Paris 2014<br \/>\n<img data-recalc-dims=\"1\" decoding=\"async\" src=\"https:\/\/i0.wp.com\/www.paris-art.com\/img_news\/artinfo\/141021LegerGuerre02b.jpg?w=584\" alt=\"\"  \/><\/p>\n<\/div>\n<\/td>\n<\/tr>\n<tr>\n<td align=\"center\"><a class=\"txt_norm\" href=\"http:\/\/www.paris-art.com\" target=\"_blank\">paris-art.com<\/a> <span style=\"color: #ff0000; font-size: large;\"><strong>| <\/strong><\/span><a class=\"txt_norm\" href=\"mailto:\" target=\"_blank\">envoyer \u00e0 un ami <\/a><span style=\"color: #ff0000; font-size: large;\"><strong>| <\/strong><\/span><a class=\"txt_norm\" href=\"mailto:contact@paris-art.com\">inscription<\/a><span style=\"color: #ff0000; font-size: large;\"><strong> |<\/strong><\/span><a class=\"txt_norm\" href=\"mailto:contact@paris-art.com\">contact<\/a> <strong><span style=\"color: #ff0000; font-size: large;\">|<\/span><\/strong><a class=\"txt_norm\" href=\"mailto:desabonnement@paris-art.com\">d\u00e9sinscription<\/a><\/td>\n<\/tr>\n<\/tbody>\n<\/table>\n<p>&nbsp;<\/p>\n","protected":false},"excerpt":{"rendered":"<p>22 octobre 2014 X 87213 destinataires AH QUE LA GUERRE EST CUBISTE ! FERNAND L\u00c9GER ET LA GRANDE GUERRE MUS\u00c9E FERNAND L\u00c9GER, BIOT \/ 25 OCT. 2014 &#8211; 2 F\u00c9VR. 2015 Ah que la guerre est cubiste ! Fernand L\u00e9ger &hellip; <a href=\"https:\/\/sven-teuber.info\/wordpress\/fernand-leger-et-la-grande-guerre-25-oct-14-2-fevr-15\/\">Weiterlesen <span class=\"meta-nav\">&rarr;<\/span><\/a><\/p>\n","protected":false},"author":2,"featured_media":0,"comment_status":"open","ping_status":"open","sticky":false,"template":"","format":"standard","meta":{"_crdt_document":"","jetpack_post_was_ever_published":false,"_jetpack_newsletter_access":"","_jetpack_dont_email_post_to_subs":false,"_jetpack_newsletter_tier_id":0,"_jetpack_memberships_contains_paywalled_content":false,"_jetpack_memberships_contains_paid_content":false,"footnotes":"","jetpack_publicize_message":"","jetpack_publicize_feature_enabled":true,"jetpack_social_post_already_shared":true,"jetpack_social_options":{"image_generator_settings":{"template":"highway","default_image_id":0,"font":"","enabled":false},"version":2}},"categories":[1,23,4],"tags":[],"class_list":["post-2397","post","type-post","status-publish","format-standard","hentry","category-allgemein","category-events","category-exhibition"],"jetpack_publicize_connections":[],"jetpack_featured_media_url":"","jetpack_sharing_enabled":true,"jetpack_shortlink":"https:\/\/wp.me\/p3CWBT-CF","jetpack-related-posts":[{"id":6622,"url":"https:\/\/sven-teuber.info\/wordpress\/ode-satirique-a-lautocrate-du-nord\/","url_meta":{"origin":2397,"position":0},"title":"Ode satirique \u00e0 l\u2019Autocrate du Nord","author":"Nataljia Vibescu","date":"20. August 2025","format":false,"excerpt":"\u00d4 Prince miniature aux r\u00eaves d\u00e9mesur\u00e9s, C\u00e9sar d\u2019op\u00e9rette au front glac\u00e9 de l\u2019Est, Tu brandis des fant\u00f4mes jadis r\u00e9v\u00e9r\u00e9s, Et peins d\u2019or mensonger ton empire funeste. \u00a0 Ton sceptre vermoulu tremble entre tes doigts secs, Quand, drap\u00e9 d\u2019oripeaux d\u2019un pass\u00e9 d\u00e9fra\u00eechi, Tu souffles \u00e0 ton peuple un discours cacochyme :\u2026","rel":"","context":"In &quot;Natalia T&quot;","block_context":{"text":"Natalia T","link":"https:\/\/sven-teuber.info\/wordpress\/category\/satire\/natalia-t\/"},"img":{"alt_text":"","src":"","width":0,"height":0},"classes":[]},{"id":3472,"url":"https:\/\/sven-teuber.info\/wordpress\/un-oeil-sur-la-planete-syrie-le-grand-aveuglement\/","url_meta":{"origin":2397,"position":1},"title":"Un \u0152il sur la plan\u00e8te. Syrie : le grand aveuglement","author":"steuber","date":"19. Februar 2016","format":"video","excerpt":"\"Cinq ans apr\u00e8s le d\u00e9but du conflit syrien, le bilan est absolument terrifiant, avec 260 000 tu\u00e9s, huit millions de d\u00e9plac\u00e9s dans le pays, quatre millions de r\u00e9fugi\u00e9s \u00e0 l\u2019\u00e9tranger\". Au sommaire : La passion du djihad. Les deux tiers de la population rest\u00e9e en Syrie ont choisi de vivre\u2026","rel":"","context":"In &quot;For your Information&quot;","block_context":{"text":"For your Information","link":"https:\/\/sven-teuber.info\/wordpress\/category\/for-your-information\/"},"img":{"alt_text":"","src":"","width":0,"height":0},"classes":[]},{"id":2815,"url":"https:\/\/sven-teuber.info\/wordpress\/ce-poeme-exprime-la-vision-de-antonio-rodriguez-yuste\/","url_meta":{"origin":2397,"position":2},"title":"Ce po\u00e8me exprime la vision de Antonio RODRIGUEZ YUSTE","author":"","date":"19. M\u00e4rz 2015","format":"quote","excerpt":"Garde-toi De remettre Ta vie Entre les mains D\u2019un \u00eatre supr\u00eame D\u2019une croyance sup\u00e9rieure Garde-toi De ceux Qui te demandent De te mettre A genoux De te prosterner Garde-toi Des chapelets Des croix Des ic\u00f4nes Des prie-dieu Des maisons de dieu Garde-toi Des voies imp\u00e9n\u00e9trables Des \u00ab si dieu le\u2026","rel":"","context":"In &quot;For your Information&quot;","block_context":{"text":"For your Information","link":"https:\/\/sven-teuber.info\/wordpress\/category\/for-your-information\/"},"img":{"alt_text":"","src":"","width":0,"height":0},"classes":[]},{"id":3339,"url":"https:\/\/sven-teuber.info\/wordpress\/quand-lallemagne-bien-pensante-perd-le-controle-delle-meme\/","url_meta":{"origin":2397,"position":3},"title":"Quand l\u2019Allemagne bien-pensante perd le contr\u00f4le d\u2019elle-m\u00eame.","author":"steuber","date":"29. Januar 2016","format":false,"excerpt":"Fin de l\u2019\u00e9t\u00e9 2015, tout partait d\u2019un bon sentiment : Angela Merkel s\u2019apitoie sur le sort des r\u00e9fugi\u00e9s qui affluent aux fronti\u00e8res europ\u00e9ennes, des images insupportables tournent en boucle, et, contrairement \u00e0 ses habitudes empreintes de pragmatisme, elle d\u00e9cide en solo de faire de l\u2019Allemagne une terre d\u2019accueil et des\u2026","rel":"","context":"In &quot;For your Information&quot;","block_context":{"text":"For your Information","link":"https:\/\/sven-teuber.info\/wordpress\/category\/for-your-information\/"},"img":{"alt_text":"","src":"","width":0,"height":0},"classes":[]},{"id":6591,"url":"https:\/\/sven-teuber.info\/wordpress\/ballade-du-tsar-en-carton-pate\/","url_meta":{"origin":2397,"position":4},"title":"Ballade du Tsar en carton-p\u00e2te","author":"Nataljia Vibescu","date":"16. August 2025","format":false,"excerpt":"\u00d4 petit Napol\u00e9on taill\u00e9 dans la cire, Dont l\u2019\u0153il vitreux singe un aigle imp\u00e9rial, Tu tr\u00f4nes, p\u00e2lichon, sur ton tr\u00f4ne de cire, Tel un jouet bris\u00e9 r\u00eavant d\u2019\u00eatre un colosse royal. \u00a0 Nostalgique marmot des parades sovi\u00e9tiques, Tu joues \u00e0 ressusciter des spectres vermoulus; Tu repeins en rouge et bronze\u2026","rel":"","context":"In &quot;Allgemein&quot;","block_context":{"text":"Allgemein","link":"https:\/\/sven-teuber.info\/wordpress\/category\/allgemein\/"},"img":{"alt_text":"","src":"","width":0,"height":0},"classes":[]},{"id":5123,"url":"https:\/\/sven-teuber.info\/wordpress\/grodek-1914-le-testament-poetique-de-georg-trakl\/","url_meta":{"origin":2397,"position":5},"title":"Grodek (1914) \u2013 le testament po\u00e9tique de Georg Trakl","author":"Nataljia Vibescu","date":"12. September 2019","format":false,"excerpt":"Lectures de textes po\u00e9tiques de la Fr\u00fche Moderne 1890-1930Le probl\u00e8me d\u2019interpr\u00e9tation de \u201cl\u2019herm\u00e9tisme\u201d de la po\u00e9sie moderne Grodek\u00a0(1914) \u2013 Georg Trakls poetisches Testament. Das Interpretationsproblem des ,Hermetismus\u2018 in der modernen Dichtung Grodek\u00a0(1914)\u2014Georg Trakl\u2019s Poetic Testament. R\u00e9sum\u00e9\u00a0The Interpretation Problem of \u2018Hermetism\u2019 in Modern Poetry Lectures de textes po\u00e9tiques \/ Modellanalysen zur\u2026","rel":"","context":"In &quot;Allgemein&quot;","block_context":{"text":"Allgemein","link":"https:\/\/sven-teuber.info\/wordpress\/category\/allgemein\/"},"img":{"alt_text":"","src":"","width":0,"height":0},"classes":[]}],"jetpack_likes_enabled":true,"_links":{"self":[{"href":"https:\/\/sven-teuber.info\/wordpress\/wp-json\/wp\/v2\/posts\/2397","targetHints":{"allow":["GET"]}}],"collection":[{"href":"https:\/\/sven-teuber.info\/wordpress\/wp-json\/wp\/v2\/posts"}],"about":[{"href":"https:\/\/sven-teuber.info\/wordpress\/wp-json\/wp\/v2\/types\/post"}],"author":[{"embeddable":true,"href":"https:\/\/sven-teuber.info\/wordpress\/wp-json\/wp\/v2\/users\/2"}],"replies":[{"embeddable":true,"href":"https:\/\/sven-teuber.info\/wordpress\/wp-json\/wp\/v2\/comments?post=2397"}],"version-history":[{"count":5,"href":"https:\/\/sven-teuber.info\/wordpress\/wp-json\/wp\/v2\/posts\/2397\/revisions"}],"predecessor-version":[{"id":2719,"href":"https:\/\/sven-teuber.info\/wordpress\/wp-json\/wp\/v2\/posts\/2397\/revisions\/2719"}],"wp:attachment":[{"href":"https:\/\/sven-teuber.info\/wordpress\/wp-json\/wp\/v2\/media?parent=2397"}],"wp:term":[{"taxonomy":"category","embeddable":true,"href":"https:\/\/sven-teuber.info\/wordpress\/wp-json\/wp\/v2\/categories?post=2397"},{"taxonomy":"post_tag","embeddable":true,"href":"https:\/\/sven-teuber.info\/wordpress\/wp-json\/wp\/v2\/tags?post=2397"}],"curies":[{"name":"wp","href":"https:\/\/api.w.org\/{rel}","templated":true}]}}