{"id":2406,"date":"2014-10-31T16:10:57","date_gmt":"2014-10-31T15:10:57","guid":{"rendered":"http:\/\/sven-teuber.info\/wordpress\/?p=2406"},"modified":"2014-10-31T16:10:57","modified_gmt":"2014-10-31T15:10:57","slug":"salon-de-la-photo-2014-du-13-au-17-novembre-a-paris","status":"publish","type":"post","link":"https:\/\/sven-teuber.info\/wordpress\/salon-de-la-photo-2014-du-13-au-17-novembre-a-paris\/","title":{"rendered":"Salon de la Photo 2014, du 13 au 17 novembre \u00e0 Paris"},"content":{"rendered":"<h4 class=\"access\">Comp\u00e9tence Photo vous offre votre invitation pour le Salon de la Photo 2014<\/h4>\n<p><img data-recalc-dims=\"1\" decoding=\"async\" src=\"https:\/\/i0.wp.com\/www.competencephoto.com\/photo\/art\/default\/6813060-10410798.jpg?w=584\" alt=\"Comp\u00e9tence Photo vous offre votre invitation pour le Salon de la Photo 2014\" \/><\/p>\n<h5 class=\"access\">Comme chaque ann\u00e9e, Comp\u00e9tence Photo vous permet d&#8217;obtenir le pr\u00e9cieux s\u00e9same pour vous rendre gratuitement au Salon de la Photo (valeur 11 \u20ac). L&#8217;\u00e9dition 2014 aura lieu cette ann\u00e9e du 13 au 17 novembre \u00e0 Paris Expo, Porte de Versailles.<\/h5>\n<div id=\"para_1\" class=\"para_10410798 resize\">\n<div class=\"texte\">\n<div id=\"intertitre_2\" class=\"intertitre before_ resize\">Pour obtenir votre invitation gratuite (valeur 11 \u20ac) au Salon de la Photo 2014, c&#8217;est simple :<span class=\"Apple-converted-space\">\u00a0<\/span><\/p>\n<p>1 \u2022 Rendez-vous sur le site officiel :<span class=\"Apple-converted-space\">\u00a0<\/span><a class=\"liens\" href=\"http:\/\/www.invitationphoto.com\/\">www.InvitationPhoto.com<\/a><span class=\"Apple-converted-space\">\u00a0<\/span><br \/>\n2 \u2022 Entrez le code<span class=\"Apple-converted-space\">\u00a0<\/span><b>COMP14<\/b><span class=\"Apple-converted-space\">\u00a0<\/span><\/p>\n<p><span class=\"fluo_jaune\">IMPORTANT<\/span><span class=\"Apple-converted-space\">\u00a0<\/span>Si vous venez accompagn\u00e9(s), sachez que vous pouvez utiliser autant de fois que souhait\u00e9 le code<span class=\"Apple-converted-space\">\u00a0<\/span><b>COMP14<\/b>.<br class=\"access\" \/><\/p>\n<h2 class=\"access\">Le Salon de la Photo 2014<\/h2>\n<\/div>\n<\/div>\n<\/div>\n<div id=\"para_2\" class=\"para_10410799 resize\">\n<div class=\"texte\">\n<div class=\"access firstletter\">Du 13 au 17 novembre 2014 \u2022 Paris Expo, Porte de Versailles &#8211; Pavillon 4<span class=\"Apple-converted-space\">\u00a0<\/span><br \/>\nHoraires : 10h &#8211; 19h (samedi 15 ouverture \u00e0 9h \/ lundi 17 fermeture \u00e0 18h)<span class=\"Apple-converted-space\">\u00a0<\/span><br \/>\n<a class=\"liens\" href=\"http:\/\/www.lesalondelaphoto.com\/\">Le site web du Salon de la Photo 2014<\/a><\/div>\n<\/div>\n<\/div>\n","protected":false},"excerpt":{"rendered":"<p>Comp\u00e9tence Photo vous offre votre invitation pour le Salon de la Photo 2014 Comme chaque ann\u00e9e, Comp\u00e9tence Photo vous permet d&#8217;obtenir le pr\u00e9cieux s\u00e9same pour vous rendre gratuitement au Salon de la Photo (valeur 11 \u20ac). L&#8217;\u00e9dition 2014 aura lieu &hellip; <a href=\"https:\/\/sven-teuber.info\/wordpress\/salon-de-la-photo-2014-du-13-au-17-novembre-a-paris\/\">Weiterlesen <span class=\"meta-nav\">&rarr;<\/span><\/a><\/p>\n","protected":false},"author":2,"featured_media":0,"comment_status":"open","ping_status":"open","sticky":false,"template":"","format":"standard","meta":{"_crdt_document":"","jetpack_post_was_ever_published":false,"_jetpack_newsletter_access":"","_jetpack_dont_email_post_to_subs":false,"_jetpack_newsletter_tier_id":0,"_jetpack_memberships_contains_paywalled_content":false,"_jetpack_memberships_contains_paid_content":false,"footnotes":"","jetpack_publicize_message":"","jetpack_publicize_feature_enabled":true,"jetpack_social_post_already_shared":true,"jetpack_social_options":{"image_generator_settings":{"template":"highway","default_image_id":0,"font":"","enabled":false},"version":2}},"categories":[1,23,3],"tags":[],"class_list":["post-2406","post","type-post","status-publish","format-standard","hentry","category-allgemein","category-events","category-for-your-information"],"jetpack_publicize_connections":[],"jetpack_featured_media_url":"","jetpack_sharing_enabled":true,"jetpack_shortlink":"https:\/\/wp.me\/p3CWBT-CO","jetpack-related-posts":[{"id":2888,"url":"https:\/\/sven-teuber.info\/wordpress\/salon-de-la-photo-2015-du-5-au-9-novembre-a-paris-expo-porte-de-versailles\/","url_meta":{"origin":2406,"position":0},"title":"Salon de la Photo 2015 du 5 au 9 novembre \u00e0 Paris Expo, Porte de Versailles","author":"steuber","date":"25. Juni 2015","format":"aside","excerpt":"Comp\u00e9tence Photo vous offre votre invitation pour le Salon de la Photo 2015 Paris. Comme chaque ann\u00e9e, Comp\u00e9tence Photo vous permet d'obtenir le pr\u00e9cieux s\u00e9same pour vous rendre gratuitement au Salon de la Photo (valeur 11 \u20ac). L'\u00e9dition 2015 aura lieu cette ann\u00e9e du 5 au 9 novembre \u00e0 Paris\u2026","rel":"","context":"In &quot;Events&quot;","block_context":{"text":"Events","link":"https:\/\/sven-teuber.info\/wordpress\/category\/events\/"},"img":{"alt_text":"7922457-12310217","src":"https:\/\/i0.wp.com\/sven-teuber.info\/wordpress\/wp-content\/uploads\/2015\/06\/7922457-12310217.jpg?resize=350%2C200","width":350,"height":200,"srcset":"https:\/\/i0.wp.com\/sven-teuber.info\/wordpress\/wp-content\/uploads\/2015\/06\/7922457-12310217.jpg?resize=350%2C200 1x, https:\/\/i0.wp.com\/sven-teuber.info\/wordpress\/wp-content\/uploads\/2015\/06\/7922457-12310217.jpg?resize=525%2C300 1.5x"},"classes":[]},{"id":4198,"url":"https:\/\/sven-teuber.info\/wordpress\/lettre-ouverte-au-ministere-de-leducation-nationale\/","url_meta":{"origin":2406,"position":1},"title":"Lettre ouverte au Minist\u00e8re de l\u2019Education nationale","author":"steuber","date":"8. September 2017","format":"chat","excerpt":"Minist\u00e8re de l\u2019Education nationale, Monsieur Jean-Michel Blanquer, Ministre de l\u2019Education nationale, Madame Fr\u00e9d\u00e9rique Vidal, Ministre de l\u2019Enseignement sup\u00e9rieur et de la Recherche, Je souhaiterais, par la pr\u00e9sente, vous faire part de quelques constats regrettables relatifs au fonctionnement de votre administration \/ vos administrations. Vivant en Allemagne, ces dysfonctionnements me sont\u2026","rel":"","context":"In &quot;For your Information&quot;","block_context":{"text":"For your Information","link":"https:\/\/sven-teuber.info\/wordpress\/category\/for-your-information\/"},"img":{"alt_text":"","src":"https:\/\/i0.wp.com\/sven-teuber.info\/wordpress\/wp-content\/uploads\/2017\/09\/Linien-2.jpg?resize=350%2C200","width":350,"height":200,"srcset":"https:\/\/i0.wp.com\/sven-teuber.info\/wordpress\/wp-content\/uploads\/2017\/09\/Linien-2.jpg?resize=350%2C200 1x, https:\/\/i0.wp.com\/sven-teuber.info\/wordpress\/wp-content\/uploads\/2017\/09\/Linien-2.jpg?resize=525%2C300 1.5x, https:\/\/i0.wp.com\/sven-teuber.info\/wordpress\/wp-content\/uploads\/2017\/09\/Linien-2.jpg?resize=700%2C400 2x"},"classes":[]},{"id":2397,"url":"https:\/\/sven-teuber.info\/wordpress\/fernand-leger-et-la-grande-guerre-25-oct-14-2-fevr-15\/","url_meta":{"origin":2406,"position":2},"title":"Fernand L\u00e9ger et la Grande Guerre \/ 25.oct.14-2.f\u00e9vr.15","author":"steuber","date":"23. Oktober 2014","format":false,"excerpt":"22 octobre 2014 X 87213 destinataires AH QUE LA GUERRE EST CUBISTE ! FERNAND L\u00c9GER ET LA GRANDE GUERRE MUS\u00c9E FERNAND L\u00c9GER, BIOT \/ 25 OCT. 2014 - 2 F\u00c9VR. 2015 Ah que la guerre est cubiste ! Fernand L\u00e9ger et la Grande Guerre Mus\u00e9e national Fernand L\u00e9ger, Biot 25\u2026","rel":"","context":"In &quot;Allgemein&quot;","block_context":{"text":"Allgemein","link":"https:\/\/sven-teuber.info\/wordpress\/category\/allgemein\/"},"img":{"alt_text":"","src":"https:\/\/i0.wp.com\/www.paris-art.com\/img_news\/artinfo\/parisARTinfo2.jpg?resize=350%2C200","width":350,"height":200},"classes":[]},{"id":2192,"url":"https:\/\/sven-teuber.info\/wordpress\/aller-en-voiture\/","url_meta":{"origin":2406,"position":3},"title":"Aller en voiture","author":"steuber","date":"15. Juni 2014","format":"image","excerpt":"90x60 cm, Title: Belle voiture I; for sale Parmi les \u00e9v\u00e9nements traditionnels, et outre le Salon international de l'automobile ancien qui est l'\u00e9v\u00e9nement annuel le plus important de Cologne et l'un des cinq \"majors\" au monde. Les amateurs de voitures allemandes (et plus particuli\u00e8rement les concepts) ont des raisons de\u2026","rel":"","context":"In &quot;Foto-stretch&quot;","block_context":{"text":"Foto-stretch","link":"https:\/\/sven-teuber.info\/wordpress\/category\/foto-stretch\/"},"img":{"alt_text":"Koeln","src":"https:\/\/i0.wp.com\/sven-teuber.info\/wordpress\/wp-content\/uploads\/2014\/06\/Koeln.jpg?resize=350%2C200","width":350,"height":200,"srcset":"https:\/\/i0.wp.com\/sven-teuber.info\/wordpress\/wp-content\/uploads\/2014\/06\/Koeln.jpg?resize=350%2C200 1x, https:\/\/i0.wp.com\/sven-teuber.info\/wordpress\/wp-content\/uploads\/2014\/06\/Koeln.jpg?resize=525%2C300 1.5x"},"classes":[]},{"id":2329,"url":"https:\/\/sven-teuber.info\/wordpress\/operation-speciale-visual-arts-explorer-artension\/","url_meta":{"origin":2406,"position":4},"title":"Op\u00e9ration sp\u00e9ciale Visual Arts Explorer \/ Artension","author":"steuber","date":"4. September 2014","format":false,"excerpt":"Bonjour, Nous finalisons la prochaine page que nous animons dans la revue Artension. Il reste\u00a07 places disponibles pour promouvoir votre site Internet et b\u00e9n\u00e9ficier de tous les services de Visual Arts Explorer.Vous b\u00e9n\u00e9ficiez ainsi avec une seule offre d'une promotion de votre travail sur Internet et dans les pages d'un\u2026","rel":"","context":"In &quot;For your Information&quot;","block_context":{"text":"For your Information","link":"https:\/\/sven-teuber.info\/wordpress\/category\/for-your-information\/"},"img":{"alt_text":"PENSEZ A AFFICHER VOS IMAGES !","src":"https:\/\/i0.wp.com\/www.visual-arts-explorer.net\/FR\/wp-content\/uploads\/2011\/11\/Page-Artension-Vaexp1.png?resize=350%2C200","width":350,"height":200,"srcset":"https:\/\/i0.wp.com\/www.visual-arts-explorer.net\/FR\/wp-content\/uploads\/2011\/11\/Page-Artension-Vaexp1.png?resize=350%2C200 1x, https:\/\/i0.wp.com\/www.visual-arts-explorer.net\/FR\/wp-content\/uploads\/2011\/11\/Page-Artension-Vaexp1.png?resize=525%2C300 1.5x"},"classes":[]},{"id":2598,"url":"https:\/\/sven-teuber.info\/wordpress\/a-propos-de-la-philosophie-de-hegel\/","url_meta":{"origin":2406,"position":5},"title":"A propos de la philosophie de Hegel","author":"steuber","date":"14. Januar 2015","format":false,"excerpt":"Voici un grand article que nous faisons para\u00eetre en 3 parties sur Hegel (photo) et sa conception de l\u2019ath\u00e9isme, par Paul Dubouchet, Ma\u00eetre de conf\u00e9rence de droit public \u00e0 l\u2019Universit\u00e9 de Corse, qui a consacr\u00e9 ses recherches \u00e0 une exploration de la raison pratique \u00e0 partir de l\u2019exp\u00e9rience privil\u00e9gi\u00e9e du\u2026","rel":"","context":"In &quot;Allgemein&quot;","block_context":{"text":"Allgemein","link":"https:\/\/sven-teuber.info\/wordpress\/category\/allgemein\/"},"img":{"alt_text":"","src":"","width":0,"height":0},"classes":[]}],"jetpack_likes_enabled":true,"_links":{"self":[{"href":"https:\/\/sven-teuber.info\/wordpress\/wp-json\/wp\/v2\/posts\/2406","targetHints":{"allow":["GET"]}}],"collection":[{"href":"https:\/\/sven-teuber.info\/wordpress\/wp-json\/wp\/v2\/posts"}],"about":[{"href":"https:\/\/sven-teuber.info\/wordpress\/wp-json\/wp\/v2\/types\/post"}],"author":[{"embeddable":true,"href":"https:\/\/sven-teuber.info\/wordpress\/wp-json\/wp\/v2\/users\/2"}],"replies":[{"embeddable":true,"href":"https:\/\/sven-teuber.info\/wordpress\/wp-json\/wp\/v2\/comments?post=2406"}],"version-history":[{"count":1,"href":"https:\/\/sven-teuber.info\/wordpress\/wp-json\/wp\/v2\/posts\/2406\/revisions"}],"predecessor-version":[{"id":2407,"href":"https:\/\/sven-teuber.info\/wordpress\/wp-json\/wp\/v2\/posts\/2406\/revisions\/2407"}],"wp:attachment":[{"href":"https:\/\/sven-teuber.info\/wordpress\/wp-json\/wp\/v2\/media?parent=2406"}],"wp:term":[{"taxonomy":"category","embeddable":true,"href":"https:\/\/sven-teuber.info\/wordpress\/wp-json\/wp\/v2\/categories?post=2406"},{"taxonomy":"post_tag","embeddable":true,"href":"https:\/\/sven-teuber.info\/wordpress\/wp-json\/wp\/v2\/tags?post=2406"}],"curies":[{"name":"wp","href":"https:\/\/api.w.org\/{rel}","templated":true}]}}