{"id":2478,"date":"2014-11-02T16:46:18","date_gmt":"2014-11-02T15:46:18","guid":{"rendered":"http:\/\/sven-teuber.info\/wordpress\/?p=2478"},"modified":"2014-11-02T16:46:18","modified_gmt":"2014-11-02T15:46:18","slug":"artclub-gemeinschaftsausstellung-power-of-art","status":"publish","type":"post","link":"https:\/\/sven-teuber.info\/wordpress\/artclub-gemeinschaftsausstellung-power-of-art\/","title":{"rendered":"Artclub-Gemeinschaftsausstellung &#8222;Power of Art&#8220;"},"content":{"rendered":"<p><strong>artclub <\/strong><br \/>\n<strong>GALERIE + ARCHIV AKTIV + K\u00dcNSTLERCLUB + VERANSTALTUNGSRAUM<\/strong><br \/>\nMelchiorstr. 14\u00a0\u00a0 &#8211;\u00a0 50670 K\u00f6ln &#8211; Agnesviertel\u00a0 &#8211; Gegen\u00fcber &#8222;Alte Feuerwache&#8220;<br \/>\nMail: <a href=\"mailto:mail@artclub-Galerie.de\">mail@artclub-Galerie.de<\/a>\u00a0\u00a0\u00a0\u00a0 Web:\u00a0 <a href=\"http:\/\/www.artclub-galerie.de\">www.artclub-galerie.de<\/a><br \/>\n&#8230;&#8230;&#8230;&#8230;&#8230;&#8230;&#8230;&#8230;&#8230;&#8230;&#8230;&#8230;&#8230;&#8230;&#8230;&#8230;&#8230;&#8230;&#8230;&#8230;&#8230;&#8230;&#8230;&#8230;&#8230;&#8230;&#8230;&#8230;&#8230;&#8230;<\/p>\n<p>Liebe Kunstfreunde,<\/p>\n<p>hiermit laden wir herzlich zur musikalischen Er\u00f6ffnung:<\/p>\n<p><strong>Vernissage Sa. 8.11. von 19 &#8211; 23 Uhr<br \/>\n<\/strong><br \/>\nIm Rahmen der artclub-Gemeinschaftsausstellung <strong>&#8222;Power of Art&#8220;<\/strong><br \/>\nwerden drei neue Einzelausstellungen in drei Projektr\u00e4umen er\u00f6ffnet von:<br \/>\n<strong>JEANNETTE KREISER\u00a0 &#8211; im Projektraum Passage<br \/>\nWERNER KRAMER &#8211; im Projektraum Basement<br \/>\nKATJA ROHSMANITH &#8211; im Projektraum Kabinett<\/strong><br \/>\nMalerei, inszenierte Fotoarbeiten und Zeichnungen werden gezeigt.<br \/>\nDiese EA\u00b4s sind bis zum 23.11. zu sehen.<br \/>\nT\u00e4glich ge\u00f6ffnet Mo.-Sa. 15-20 Uhr, So. 14-20 Uhr<\/p>\n<p>Die Vernissage wird musikalisch live begleitet<\/p>\n<p><strong>Sa. 8.11., ab 20:00 Uhr, Gratis<\/strong><\/p>\n<p><em>&#8222;Frei improvisierte Musik&#8220;<\/em><\/p>\n<p><strong>Tanya Ury, Kasander Nilist, Hans Salz<\/p>\n<p><\/strong>Ein sch\u00f6ner Er\u00f6ffnungs-Abend wird versprochen.<\/p>\n<p>Wir freuen uns auf nette G\u00e4ste<\/p>\n<p>artclub<\/p>\n","protected":false},"excerpt":{"rendered":"<p>artclub GALERIE + ARCHIV AKTIV + K\u00dcNSTLERCLUB + VERANSTALTUNGSRAUM Melchiorstr. 14\u00a0\u00a0 &#8211;\u00a0 50670 K\u00f6ln &#8211; Agnesviertel\u00a0 &#8211; Gegen\u00fcber &#8222;Alte Feuerwache&#8220; Mail: mail@artclub-Galerie.de\u00a0\u00a0\u00a0\u00a0 Web:\u00a0 www.artclub-galerie.de &#8230;&#8230;&#8230;&#8230;&#8230;&#8230;&#8230;&#8230;&#8230;&#8230;&#8230;&#8230;&#8230;&#8230;&#8230;&#8230;&#8230;&#8230;&#8230;&#8230;&#8230;&#8230;&#8230;&#8230;&#8230;&#8230;&#8230;&#8230;&#8230;&#8230; Liebe Kunstfreunde, hiermit laden wir herzlich zur musikalischen Er\u00f6ffnung: Vernissage Sa. 8.11. von 19 &#8211; &hellip; <a href=\"https:\/\/sven-teuber.info\/wordpress\/artclub-gemeinschaftsausstellung-power-of-art\/\">Weiterlesen <span class=\"meta-nav\">&rarr;<\/span><\/a><\/p>\n","protected":false},"author":2,"featured_media":0,"comment_status":"open","ping_status":"open","sticky":false,"template":"","format":"aside","meta":{"_crdt_document":"","jetpack_post_was_ever_published":false,"_jetpack_newsletter_access":"","_jetpack_dont_email_post_to_subs":false,"_jetpack_newsletter_tier_id":0,"_jetpack_memberships_contains_paywalled_content":false,"_jetpack_memberships_contains_paid_content":false,"footnotes":"","jetpack_publicize_message":"","jetpack_publicize_feature_enabled":true,"jetpack_social_post_already_shared":true,"jetpack_social_options":{"image_generator_settings":{"template":"highway","default_image_id":0,"font":"","enabled":false},"version":2}},"categories":[23],"tags":[],"class_list":["post-2478","post","type-post","status-publish","format-aside","hentry","category-events","post_format-post-format-aside"],"jetpack_publicize_connections":[],"jetpack_featured_media_url":"","jetpack_sharing_enabled":true,"jetpack_shortlink":"https:\/\/wp.me\/p3CWBT-DY","jetpack-related-posts":[{"id":3315,"url":"https:\/\/sven-teuber.info\/wordpress\/vernissage-fr-22-1-von-19-23-uhr-artclub-koeln\/","url_meta":{"origin":2478,"position":0},"title":"Vernissage Fr. 22.1., von 19 &#8211; 23 Uhr, Artclub K\u00f6ln","author":"steuber","date":"18. Januar 2016","format":"status","excerpt":"Vernissage Fr. 22.1., von 19 - 23 Uhr, Artclub K\u00f6ln Liebe Kunstfreundinnen und Kunstfreunde, hiermit laden wir herzlich zur Ausstellungser\u00f6ffnung von vier neuen Ausstellungen: Vernissage Fr. 22.1., von 19 - 23 Uhr Er\u00f6ffnung der neuen artclub-Gemeinschaftsausstellung unter dem Titel \"Diverse Diversit\u00e4t\". Die Ausstellung ist dem K\u00fcnstler Joseph Beuys gewidmet, zum\u2026","rel":"","context":"In &quot;Allgemein&quot;","block_context":{"text":"Allgemein","link":"https:\/\/sven-teuber.info\/wordpress\/category\/allgemein\/"},"img":{"alt_text":"","src":"","width":0,"height":0},"classes":[]},{"id":170,"url":"https:\/\/sven-teuber.info\/wordpress\/artclub-einladung-vernissage-fr-24-5\/","url_meta":{"origin":2478,"position":1},"title":"Artclub &#8211; Einladung Vernissage Fr. 24.5.","author":"steuber","date":"21. Mai 2013","format":false,"excerpt":"Liebe Kunstfreunde, zur Er\u00f6ffnung der Ausstellungen laden wir herzlich ein: Vernissage Fr. 24.5., von 19 - 23 Uhr \"Farbraum\" Die ganze Vielfalt der Kunst versammelt sich im artclub. Die Gemeinschaftsausstellung ist bis zum 23.6. zu sehen. T\u00e4glich ge\u00f6ffnet, Mo. - So. 15 - 20 Uhr Artclub GALERIE + ARCHIV AKTIV\u2026","rel":"","context":"In &quot;Exhibition&quot;","block_context":{"text":"Exhibition","link":"https:\/\/sven-teuber.info\/wordpress\/category\/exhibition\/"},"img":{"alt_text":"","src":"","width":0,"height":0},"classes":[]},{"id":3869,"url":"https:\/\/sven-teuber.info\/wordpress\/artclub-einladung-zum-10-jubilaeumsfest-sa-10-12\/","url_meta":{"origin":2478,"position":2},"title":"artclub &#8211; Einladung zum 10 Jubil\u00e4umsfest Sa. 10.12.","author":"steuber","date":"4. Dezember 2016","format":false,"excerpt":"Liebe Kunstfreundinnen und Kunstfreunde, hiermit laden wir herzlich ein zu unserem Jubil\u00e4umsfest: Sa. 10.12., ab 19:00 Uhr, Eintritt gratis & Buffet gratis \"10 Jahre artclub\" - Kunstfest zum 10-j\u00e4hrigen Bestehen des artclub (2006-2016) Das Jubil\u00e4umsfest ist gleichzeitig unser Abschlussfest in der Melchiorstrasse und unsere letzte \u00f6ffentliche Veranstaltung hier; ein entsprechend\u2026","rel":"","context":"In &quot;Exhibition&quot;","block_context":{"text":"Exhibition","link":"https:\/\/sven-teuber.info\/wordpress\/category\/exhibition\/"},"img":{"alt_text":"","src":"","width":0,"height":0},"classes":[]},{"id":576,"url":"https:\/\/sven-teuber.info\/wordpress\/naechste-austellung-im-artclub-koeln-randgebiete\/","url_meta":{"origin":2478,"position":3},"title":"N\u00e4chste Austellung im Artclub K\u00f6ln: &#8222;Randgebiete&#8220;","author":"steuber","date":"12. August 2013","format":false,"excerpt":"Die n\u00e4chste Ausstellung tr\u00e4gt den Titel: \"Randgebiete\" die Vernissage ist am Fr. 23.8. und die Finissage ist am So 22.9. Bitte vormerken! artclub GALERIE + ARCHIV AKTIV + K\u00dcNSTLERCLUB + VERANSTALTUNGSRAUM Melchiorstr. 14\u00a0\u00a0 -\u00a0 50670 K\u00f6ln - Agnesviertel\u00a0 - Gegen\u00fcber \"Alte Feuerwache\" Mail: mail@artclub-Galerie.de\u00a0\u00a0\u00a0\u00a0 Web:\u00a0 www.artclub-galerie.de \u00a0","rel":"","context":"In &quot;Allgemein&quot;","block_context":{"text":"Allgemein","link":"https:\/\/sven-teuber.info\/wordpress\/category\/allgemein\/"},"img":{"alt_text":"","src":"","width":0,"height":0},"classes":[]},{"id":2318,"url":"https:\/\/sven-teuber.info\/wordpress\/einladung-zu-speedart-portraits-in-der-koelner-galerie-artclub\/","url_meta":{"origin":2478,"position":4},"title":"Einladung zu Speedart Portraits in der K\u00f6lner Galerie artclub","author":"steuber","date":"29. August 2014","format":false,"excerpt":"Liebe Freunde der Kunst, einigen von Euch ist das Kunstevent \"Speedart-Portraits\" der Galerie artclub bereits bekannt: An zwei aufeinander folgenden Tagen - Fr. d. 05.09.\/ Sa. 06.09. pr\u00e4sentiert der K\u00f6lner artclub ausgew\u00e4hlte K\u00fcnstler, die mit einem ihrer Werke dem Publikum in einer Kurzpr\u00e4sentation vorgestellt werden. Der K\u00fcnstler wird von dem\u2026","rel":"","context":"In &quot;Allgemein&quot;","block_context":{"text":"Allgemein","link":"https:\/\/sven-teuber.info\/wordpress\/category\/allgemein\/"},"img":{"alt_text":"","src":"","width":0,"height":0},"classes":[]},{"id":2050,"url":"https:\/\/sven-teuber.info\/wordpress\/ausstellung-artclub-weltkulturerbe-karneval-bis-zum-11-3-2014\/","url_meta":{"origin":2478,"position":5},"title":"Ausstellung Artclub &#8222;Weltkulturerbe Karneval&#8230;.&#8220; bis zum 11.3.2014","author":"steuber","date":"2. M\u00e4rz 2014","format":false,"excerpt":"\u00a0 Liebe Kunstfreunde, leeve Jecke, kunstvoll ist das Jahr im artclub gestartet, ein \"Trend\" der sich fortsetzt.... Hiermit laden wir herzlich zur Er\u00f6ffnung zwei neuer Gemeinschafts-Ausstellungen ein: \u00a0 Auch an den Karnevalstagen ist ge\u00f6ffnet: Karnevals-Samsatg 1.3. von 15 - 17 Uhr, Karnevals-Sonntag von 14 - 16 Uhr, Rosenmontag 15 -\u2026","rel":"","context":"In &quot;Allgemein&quot;","block_context":{"text":"Allgemein","link":"https:\/\/sven-teuber.info\/wordpress\/category\/allgemein\/"},"img":{"alt_text":"artclubPRESSE129KI0314","src":"https:\/\/i0.wp.com\/sven-teuber.info\/wordpress\/wp-content\/uploads\/2014\/03\/artclubPRESSE129KI0314.jpg?resize=350%2C200","width":350,"height":200,"srcset":"https:\/\/i0.wp.com\/sven-teuber.info\/wordpress\/wp-content\/uploads\/2014\/03\/artclubPRESSE129KI0314.jpg?resize=350%2C200 1x, https:\/\/i0.wp.com\/sven-teuber.info\/wordpress\/wp-content\/uploads\/2014\/03\/artclubPRESSE129KI0314.jpg?resize=525%2C300 1.5x"},"classes":[]}],"jetpack_likes_enabled":true,"_links":{"self":[{"href":"https:\/\/sven-teuber.info\/wordpress\/wp-json\/wp\/v2\/posts\/2478","targetHints":{"allow":["GET"]}}],"collection":[{"href":"https:\/\/sven-teuber.info\/wordpress\/wp-json\/wp\/v2\/posts"}],"about":[{"href":"https:\/\/sven-teuber.info\/wordpress\/wp-json\/wp\/v2\/types\/post"}],"author":[{"embeddable":true,"href":"https:\/\/sven-teuber.info\/wordpress\/wp-json\/wp\/v2\/users\/2"}],"replies":[{"embeddable":true,"href":"https:\/\/sven-teuber.info\/wordpress\/wp-json\/wp\/v2\/comments?post=2478"}],"version-history":[{"count":1,"href":"https:\/\/sven-teuber.info\/wordpress\/wp-json\/wp\/v2\/posts\/2478\/revisions"}],"predecessor-version":[{"id":2479,"href":"https:\/\/sven-teuber.info\/wordpress\/wp-json\/wp\/v2\/posts\/2478\/revisions\/2479"}],"wp:attachment":[{"href":"https:\/\/sven-teuber.info\/wordpress\/wp-json\/wp\/v2\/media?parent=2478"}],"wp:term":[{"taxonomy":"category","embeddable":true,"href":"https:\/\/sven-teuber.info\/wordpress\/wp-json\/wp\/v2\/categories?post=2478"},{"taxonomy":"post_tag","embeddable":true,"href":"https:\/\/sven-teuber.info\/wordpress\/wp-json\/wp\/v2\/tags?post=2478"}],"curies":[{"name":"wp","href":"https:\/\/api.w.org\/{rel}","templated":true}]}}