{"id":248,"date":"2013-07-01T10:23:29","date_gmt":"2013-07-01T09:23:29","guid":{"rendered":"http:\/\/sven-teuber.info\/wordpress\/?p=248"},"modified":"2013-07-01T10:27:22","modified_gmt":"2013-07-01T09:27:22","slug":"announcement-of-a-new-photography-project-brussels-and-brugge-july","status":"publish","type":"post","link":"https:\/\/sven-teuber.info\/wordpress\/announcement-of-a-new-photography-project-brussels-and-brugge-july\/","title":{"rendered":"Announcement of a new photography project:: Brussels and Br\u00fcgge (July)"},"content":{"rendered":"<p>Ich freue mich schon auf Br\u00fcssel und Br\u00fcgge. Ich hoffe das Wetter spielt mit und ich kann ein paar gute Street-Fotos machen. Das Wetter ist hoffentlich gut, gen\u00fcgend Sonne f\u00fcr ein sch\u00f6nes Licht.<br \/>\nIn den kommenden drei Wochen, wird es daher keine neuen Bilder im Blog geben.<\/p>\n<p>I&#8217;ll go\u00a0to Brussel and Br\u00fcgge,to make some good street photos there.<br \/>\nI\u00a0hope\u00a0that everything\u00a0will go\u00a0well and\u00a0the\u00a0weather starts to become mild,\u00a0without rain and\u00a0almost without clouds<br \/>\nIn the next three weeks, it will therefore be no new pictures on our blog.<\/p>\n<p>On this note I wish you\u00a0all, if\u00a0you have some\u00a0time,\u00a0a nice\u00a0vacation\u00a0and lots\u00a0of sun and fun.<\/p>\n<p><em>Best Regards, <\/em><\/p>\n<p><em>Sven<\/em><\/p>\n<p>&nbsp;<\/p>\n","protected":false},"excerpt":{"rendered":"<p>Ich freue mich schon auf Br\u00fcssel und Br\u00fcgge. Ich hoffe das Wetter spielt mit und ich kann ein paar gute Street-Fotos machen. Das Wetter ist hoffentlich gut, gen\u00fcgend Sonne f\u00fcr ein sch\u00f6nes Licht. In den kommenden drei Wochen, wird es &hellip; <a href=\"https:\/\/sven-teuber.info\/wordpress\/announcement-of-a-new-photography-project-brussels-and-brugge-july\/\">Weiterlesen <span class=\"meta-nav\">&rarr;<\/span><\/a><\/p>\n","protected":false},"author":2,"featured_media":0,"comment_status":"open","ping_status":"closed","sticky":false,"template":"","format":"aside","meta":{"_crdt_document":"","jetpack_post_was_ever_published":false,"_jetpack_newsletter_access":"","_jetpack_dont_email_post_to_subs":false,"_jetpack_newsletter_tier_id":0,"_jetpack_memberships_contains_paywalled_content":false,"_jetpack_memberships_contains_paid_content":false,"footnotes":"","jetpack_publicize_message":"","jetpack_publicize_feature_enabled":true,"jetpack_social_post_already_shared":true,"jetpack_social_options":{"image_generator_settings":{"template":"highway","default_image_id":0,"font":"","enabled":false},"version":2}},"categories":[1],"tags":[],"class_list":["post-248","post","type-post","status-publish","format-aside","hentry","category-allgemein","post_format-post-format-aside"],"jetpack_publicize_connections":[],"jetpack_featured_media_url":"","jetpack_sharing_enabled":true,"jetpack_shortlink":"https:\/\/wp.me\/p3CWBT-40","jetpack-related-posts":[{"id":4693,"url":"https:\/\/sven-teuber.info\/wordpress\/dear-friends-of-visionis-phosphorescent\/","url_meta":{"origin":248,"position":0},"title":"Dear friends of Visionis Phosphorescent","author":"steuber","date":"8. Februar 2019","format":false,"excerpt":"I\u2019m happy to see that more and more people are visiting my page and are sending me encouraging messages full of compliments for my art. Indeed, this project of mine is something very special. In all these myriad artworks, I\u2019m trying to highlight the incredible heritage of the mystical Tantric\u2026","rel":"","context":"In &quot;Allgemein&quot;","block_context":{"text":"Allgemein","link":"https:\/\/sven-teuber.info\/wordpress\/category\/allgemein\/"},"img":{"alt_text":"","src":"https:\/\/i0.wp.com\/sven-teuber.info\/wordpress\/wp-content\/uploads\/2019\/02\/Visionis-Phosphorescent.jpg?resize=350%2C200&ssl=1","width":350,"height":200,"srcset":"https:\/\/i0.wp.com\/sven-teuber.info\/wordpress\/wp-content\/uploads\/2019\/02\/Visionis-Phosphorescent.jpg?resize=350%2C200&ssl=1 1x, https:\/\/i0.wp.com\/sven-teuber.info\/wordpress\/wp-content\/uploads\/2019\/02\/Visionis-Phosphorescent.jpg?resize=525%2C300&ssl=1 1.5x, https:\/\/i0.wp.com\/sven-teuber.info\/wordpress\/wp-content\/uploads\/2019\/02\/Visionis-Phosphorescent.jpg?resize=700%2C400&ssl=1 2x"},"classes":[]},{"id":5729,"url":"https:\/\/sven-teuber.info\/wordpress\/portfolio-and-presentation-of-my-digital-art-work-2022\/","url_meta":{"origin":248,"position":1},"title":"Portfolio and presentation of my digital art work 2022","author":"steuber","date":"12. November 2022","format":false,"excerpt":"Sven Teuber [ST] ist ein K\u00fcnstler Cyborg f\u00fcr Digitale Kunst, der eine hybride Kunstfigur verk\u00f6rpert, die aus einem menschlichen K\u00fcnstler und einer k\u00fcnstlichen Intelligenz besteht. Seine Kunstwerke entstehen aus einer eigen dynamischen Beziehung zwischen Menschen und Maschine und sind keine reinen Produkte der k\u00fcnstlichen Intelligenz, sondern entstehen aus der Verschmelzung\u2026","rel":"","context":"In &quot;Allgemein&quot;","block_context":{"text":"Allgemein","link":"https:\/\/sven-teuber.info\/wordpress\/category\/allgemein\/"},"img":{"alt_text":"","src":"","width":0,"height":0},"classes":[]},{"id":3772,"url":"https:\/\/sven-teuber.info\/wordpress\/notice-new-exhibition-100-year-anniversary-of-dada\/","url_meta":{"origin":248,"position":2},"title":"Notice new Exhibition: 100 year Anniversary of DADA!","author":"steuber","date":"17. Oktober 2016","format":false,"excerpt":"Dada Centennial: Day of the Dead \u00a0The International Museum of Collage, Assemblage and Construction with the International Society of Assemblage and Collage Artists in Santa Fe, New Mexico contribute to our celebration of the 100 year Anniversary of DADA! Because The Archives are in Santa Fe, we will also be\u2026","rel":"","context":"In &quot;Exhibition&quot;","block_context":{"text":"Exhibition","link":"https:\/\/sven-teuber.info\/wordpress\/category\/exhibition\/"},"img":{"alt_text":"Dada_Cream","src":"https:\/\/i0.wp.com\/sven-teuber.info\/wordpress\/wp-content\/uploads\/2016\/02\/Dada_Cream.jpg?resize=350%2C200","width":350,"height":200,"srcset":"https:\/\/i0.wp.com\/sven-teuber.info\/wordpress\/wp-content\/uploads\/2016\/02\/Dada_Cream.jpg?resize=350%2C200 1x, https:\/\/i0.wp.com\/sven-teuber.info\/wordpress\/wp-content\/uploads\/2016\/02\/Dada_Cream.jpg?resize=525%2C300 1.5x"},"classes":[]},{"id":3878,"url":"https:\/\/sven-teuber.info\/wordpress\/the-freedom-of-thought-report\/","url_meta":{"origin":248,"position":3},"title":"The Freedom of Thought Report","author":"steuber","date":"10. Dezember 2016","format":"link","excerpt":"A Global Report of Discrimination Against Humanists, Atheists and the Nonreligious The Freedom of Thought Report is an annual survey on discrimination and persecution against non-religious people in countries around the world. All the latest information is available in our Country Index. The\u00a0first report was\u00a0published\u00a0in 2012 on International Human Rights\u2026","rel":"","context":"In &quot;Allgemein&quot;","block_context":{"text":"Allgemein","link":"https:\/\/sven-teuber.info\/wordpress\/category\/allgemein\/"},"img":{"alt_text":"","src":"https:\/\/i0.wp.com\/sven-teuber.info\/wordpress\/wp-content\/uploads\/2016\/12\/Tabbelle-Germany.png?resize=350%2C200","width":350,"height":200,"srcset":"https:\/\/i0.wp.com\/sven-teuber.info\/wordpress\/wp-content\/uploads\/2016\/12\/Tabbelle-Germany.png?resize=350%2C200 1x, https:\/\/i0.wp.com\/sven-teuber.info\/wordpress\/wp-content\/uploads\/2016\/12\/Tabbelle-Germany.png?resize=525%2C300 1.5x"},"classes":[]},{"id":3674,"url":"https:\/\/sven-teuber.info\/wordpress\/atheist-comedy-from-linda\/","url_meta":{"origin":248,"position":4},"title":"Atheist Comedy from Linda","author":"steuber","date":"31. Juli 2016","format":"video","excerpt":"The concept of Linda Why she I so passionate about atheism? I grew up in an atheist household in Melbourne, Australia, where Carl Sagan's \"Cosmos\" was a must watch, and David Attenborough was king, warranting the \"special shortbread\" to be brought out whenever his documentaries were on TV. Videos: How\u2026","rel":"","context":"In &quot;Allgemein&quot;","block_context":{"text":"Allgemein","link":"https:\/\/sven-teuber.info\/wordpress\/category\/allgemein\/"},"img":{"alt_text":"","src":"","width":0,"height":0},"classes":[]},{"id":3238,"url":"https:\/\/sven-teuber.info\/wordpress\/we-came-here-to-defend-journalism\/","url_meta":{"origin":248,"position":5},"title":"We came here to defend journalism","author":"steuber","date":"21. Dezember 2015","format":"status","excerpt":"Cumhuriyet daily\u2019s D\u00fcndar, G\u00fcl arrested over report on Syria arms transfer The editor-in-chief of the Cumhuriyet daily, Can D\u00fcndar, and the paper's Ankara representative Erdem G\u00fcl have been arrested on charges of being members of a terror organization, espionage and revealing confidential documents -- charges that could see them spend\u2026","rel":"","context":"In &quot;For your Information&quot;","block_context":{"text":"For your Information","link":"https:\/\/sven-teuber.info\/wordpress\/category\/for-your-information\/"},"img":{"alt_text":"","src":"","width":0,"height":0},"classes":[]}],"jetpack_likes_enabled":true,"_links":{"self":[{"href":"https:\/\/sven-teuber.info\/wordpress\/wp-json\/wp\/v2\/posts\/248","targetHints":{"allow":["GET"]}}],"collection":[{"href":"https:\/\/sven-teuber.info\/wordpress\/wp-json\/wp\/v2\/posts"}],"about":[{"href":"https:\/\/sven-teuber.info\/wordpress\/wp-json\/wp\/v2\/types\/post"}],"author":[{"embeddable":true,"href":"https:\/\/sven-teuber.info\/wordpress\/wp-json\/wp\/v2\/users\/2"}],"replies":[{"embeddable":true,"href":"https:\/\/sven-teuber.info\/wordpress\/wp-json\/wp\/v2\/comments?post=248"}],"version-history":[{"count":4,"href":"https:\/\/sven-teuber.info\/wordpress\/wp-json\/wp\/v2\/posts\/248\/revisions"}],"predecessor-version":[{"id":250,"href":"https:\/\/sven-teuber.info\/wordpress\/wp-json\/wp\/v2\/posts\/248\/revisions\/250"}],"wp:attachment":[{"href":"https:\/\/sven-teuber.info\/wordpress\/wp-json\/wp\/v2\/media?parent=248"}],"wp:term":[{"taxonomy":"category","embeddable":true,"href":"https:\/\/sven-teuber.info\/wordpress\/wp-json\/wp\/v2\/categories?post=248"},{"taxonomy":"post_tag","embeddable":true,"href":"https:\/\/sven-teuber.info\/wordpress\/wp-json\/wp\/v2\/tags?post=248"}],"curies":[{"name":"wp","href":"https:\/\/api.w.org\/{rel}","templated":true}]}}