{"id":264,"date":"2013-07-14T18:59:46","date_gmt":"2013-07-14T17:59:46","guid":{"rendered":"http:\/\/sven-teuber.info\/wordpress\/?p=264"},"modified":"2013-07-14T19:00:23","modified_gmt":"2013-07-14T18:00:23","slug":"faire-voler-un-cerf-volant","status":"publish","type":"post","link":"https:\/\/sven-teuber.info\/wordpress\/faire-voler-un-cerf-volant\/","title":{"rendered":"Faire voler un cerf-volant"},"content":{"rendered":"<p>Title: Faire voler un cerf-volant<br \/>\nDate: 2013\/07<br \/>\nOrginal \/ individual item\u00a0Painture<br \/>\nDimensions:<br \/>\nHeight 140 cm x Width 60 cm<br \/>\n<em id=\"__mceDel\">For Sale<\/em><\/p>\n<p><a href=\"https:\/\/i0.wp.com\/sven-teuber.info\/wordpress\/wp-content\/uploads\/2013\/07\/Faire-voler-un-cerf-volant.jpg?ssl=1\" rel=\"lightbox[264]\"><img data-recalc-dims=\"1\" loading=\"lazy\" decoding=\"async\" data-attachment-id=\"265\" data-permalink=\"https:\/\/sven-teuber.info\/wordpress\/faire-voler-un-cerf-volant\/faire-voler-un-cerf-volant\/\" data-orig-file=\"https:\/\/i0.wp.com\/sven-teuber.info\/wordpress\/wp-content\/uploads\/2013\/07\/Faire-voler-un-cerf-volant.jpg?fit=404%2C1024&amp;ssl=1\" data-orig-size=\"404,1024\" data-comments-opened=\"1\" data-image-meta=\"{&quot;aperture&quot;:&quot;0&quot;,&quot;credit&quot;:&quot;Sven Teuber&quot;,&quot;camera&quot;:&quot;&quot;,&quot;caption&quot;:&quot;&quot;,&quot;created_timestamp&quot;:&quot;0&quot;,&quot;copyright&quot;:&quot;All Copy Right&quot;,&quot;focal_length&quot;:&quot;0&quot;,&quot;iso&quot;:&quot;0&quot;,&quot;shutter_speed&quot;:&quot;0&quot;,&quot;title&quot;:&quot;Faire voler un cerf-volant&quot;}\" data-image-title=\"Faire voler un cerf-volant\" data-image-description=\"\" data-image-caption=\"\" data-large-file=\"https:\/\/i0.wp.com\/sven-teuber.info\/wordpress\/wp-content\/uploads\/2013\/07\/Faire-voler-un-cerf-volant.jpg?fit=404%2C1024&amp;ssl=1\" class=\"alignleft size-full wp-image-265\" alt=\"Faire voler un cerf-volant\" src=\"https:\/\/i0.wp.com\/sven-teuber.info\/wordpress\/wp-content\/uploads\/2013\/07\/Faire-voler-un-cerf-volant.jpg?resize=404%2C1024&#038;ssl=1\" width=\"404\" height=\"1024\" srcset=\"https:\/\/i0.wp.com\/sven-teuber.info\/wordpress\/wp-content\/uploads\/2013\/07\/Faire-voler-un-cerf-volant.jpg?w=404&amp;ssl=1 404w, https:\/\/i0.wp.com\/sven-teuber.info\/wordpress\/wp-content\/uploads\/2013\/07\/Faire-voler-un-cerf-volant.jpg?resize=118%2C300&amp;ssl=1 118w\" sizes=\"auto, (max-width: 404px) 100vw, 404px\" \/><\/a><\/p>\n","protected":false},"excerpt":{"rendered":"<p>Title: Faire voler un cerf-volant Date: 2013\/07 Orginal \/ individual item\u00a0Painture Dimensions: Height 140 cm x Width 60 cm For Sale<\/p>\n","protected":false},"author":2,"featured_media":0,"comment_status":"open","ping_status":"closed","sticky":false,"template":"","format":"image","meta":{"_crdt_document":"","jetpack_post_was_ever_published":false,"_jetpack_newsletter_access":"","_jetpack_dont_email_post_to_subs":false,"_jetpack_newsletter_tier_id":0,"_jetpack_memberships_contains_paywalled_content":false,"_jetpack_memberships_contains_paid_content":false,"footnotes":"","jetpack_publicize_message":"","jetpack_publicize_feature_enabled":true,"jetpack_social_post_already_shared":true,"jetpack_social_options":{"image_generator_settings":{"template":"highway","default_image_id":0,"font":"","enabled":false},"version":2}},"categories":[10],"tags":[],"class_list":["post-264","post","type-post","status-publish","format-image","hentry","category-peinture","post_format-post-format-image"],"jetpack_publicize_connections":[],"jetpack_featured_media_url":"","jetpack_sharing_enabled":true,"jetpack_shortlink":"https:\/\/wp.me\/p3CWBT-4g","jetpack-related-posts":[{"id":2192,"url":"https:\/\/sven-teuber.info\/wordpress\/aller-en-voiture\/","url_meta":{"origin":264,"position":0},"title":"Aller en voiture","author":"steuber","date":"15. Juni 2014","format":"image","excerpt":"90x60 cm, Title: Belle voiture I; for sale Parmi les \u00e9v\u00e9nements traditionnels, et outre le Salon international de l'automobile ancien qui est l'\u00e9v\u00e9nement annuel le plus important de Cologne et l'un des cinq \"majors\" au monde. Les amateurs de voitures allemandes (et plus particuli\u00e8rement les concepts) ont des raisons de\u2026","rel":"","context":"In &quot;Foto-stretch&quot;","block_context":{"text":"Foto-stretch","link":"https:\/\/sven-teuber.info\/wordpress\/category\/foto-stretch\/"},"img":{"alt_text":"Koeln","src":"https:\/\/i0.wp.com\/sven-teuber.info\/wordpress\/wp-content\/uploads\/2014\/06\/Koeln.jpg?resize=350%2C200","width":350,"height":200,"srcset":"https:\/\/i0.wp.com\/sven-teuber.info\/wordpress\/wp-content\/uploads\/2014\/06\/Koeln.jpg?resize=350%2C200 1x, https:\/\/i0.wp.com\/sven-teuber.info\/wordpress\/wp-content\/uploads\/2014\/06\/Koeln.jpg?resize=525%2C300 1.5x"},"classes":[]},{"id":2397,"url":"https:\/\/sven-teuber.info\/wordpress\/fernand-leger-et-la-grande-guerre-25-oct-14-2-fevr-15\/","url_meta":{"origin":264,"position":1},"title":"Fernand L\u00e9ger et la Grande Guerre \/ 25.oct.14-2.f\u00e9vr.15","author":"steuber","date":"23. Oktober 2014","format":false,"excerpt":"22 octobre 2014 X 87213 destinataires AH QUE LA GUERRE EST CUBISTE ! FERNAND L\u00c9GER ET LA GRANDE GUERRE MUS\u00c9E FERNAND L\u00c9GER, BIOT \/ 25 OCT. 2014 - 2 F\u00c9VR. 2015 Ah que la guerre est cubiste ! Fernand L\u00e9ger et la Grande Guerre Mus\u00e9e national Fernand L\u00e9ger, Biot 25\u2026","rel":"","context":"In &quot;Allgemein&quot;","block_context":{"text":"Allgemein","link":"https:\/\/sven-teuber.info\/wordpress\/category\/allgemein\/"},"img":{"alt_text":"","src":"https:\/\/i0.wp.com\/www.paris-art.com\/img_news\/artinfo\/parisARTinfo2.jpg?resize=350%2C200","width":350,"height":200},"classes":[]},{"id":2908,"url":"https:\/\/sven-teuber.info\/wordpress\/extrait-du-petit-dico-syrizien\/","url_meta":{"origin":264,"position":2},"title":"Extrait du petit dico syrizien","author":"steuber","date":"6. Juli 2015","format":"quote","excerpt":"Extrait du petit dico syrizien Le petit dico syrizien, sorti en Gr\u00e8ce en 2015, est l\u2019oeuvre commune de deux usurpateurs narcissiques, \u00e9lus d\u00e9mocratiquement par le peuple grec pour remplacer la religion par l\u2019id\u00e9ologie, l\u2019information par la propagande et la r\u00e9flexion par la r\u00e9bellion. Voici quelques exemples de d\u00e9finitions\u00a0: TROIKA Rassemblement\u2026","rel":"","context":"In &quot;Allgemein&quot;","block_context":{"text":"Allgemein","link":"https:\/\/sven-teuber.info\/wordpress\/category\/allgemein\/"},"img":{"alt_text":"","src":"","width":0,"height":0},"classes":[]},{"id":3339,"url":"https:\/\/sven-teuber.info\/wordpress\/quand-lallemagne-bien-pensante-perd-le-controle-delle-meme\/","url_meta":{"origin":264,"position":3},"title":"Quand l\u2019Allemagne bien-pensante perd le contr\u00f4le d\u2019elle-m\u00eame.","author":"steuber","date":"29. Januar 2016","format":false,"excerpt":"Fin de l\u2019\u00e9t\u00e9 2015, tout partait d\u2019un bon sentiment : Angela Merkel s\u2019apitoie sur le sort des r\u00e9fugi\u00e9s qui affluent aux fronti\u00e8res europ\u00e9ennes, des images insupportables tournent en boucle, et, contrairement \u00e0 ses habitudes empreintes de pragmatisme, elle d\u00e9cide en solo de faire de l\u2019Allemagne une terre d\u2019accueil et des\u2026","rel":"","context":"In &quot;For your Information&quot;","block_context":{"text":"For your Information","link":"https:\/\/sven-teuber.info\/wordpress\/category\/for-your-information\/"},"img":{"alt_text":"","src":"","width":0,"height":0},"classes":[]},{"id":2299,"url":"https:\/\/sven-teuber.info\/wordpress\/title-putina-august-214\/","url_meta":{"origin":264,"position":4},"title":"Title: Putina, August 2014","author":"steuber","date":"9. August 2014","format":false,"excerpt":"Format 3 x 120 cm x 89 cm, Total 120 cm x 240 cm, signiert, Canvas","rel":"","context":"In &quot;Peinture&quot;","block_context":{"text":"Peinture","link":"https:\/\/sven-teuber.info\/wordpress\/category\/peinture\/"},"img":{"alt_text":"Putina","src":"https:\/\/i0.wp.com\/sven-teuber.info\/wordpress\/wp-content\/uploads\/2014\/08\/Putina.jpg?resize=350%2C200","width":350,"height":200,"srcset":"https:\/\/i0.wp.com\/sven-teuber.info\/wordpress\/wp-content\/uploads\/2014\/08\/Putina.jpg?resize=350%2C200 1x, https:\/\/i0.wp.com\/sven-teuber.info\/wordpress\/wp-content\/uploads\/2014\/08\/Putina.jpg?resize=525%2C300 1.5x"},"classes":[]},{"id":3331,"url":"https:\/\/sven-teuber.info\/wordpress\/lallemagne-et-lislam\/","url_meta":{"origin":264,"position":5},"title":"L\u2019Allemagne et l\u2019Islam","author":"steuber","date":"27. Januar 2016","format":false,"excerpt":"La\u00a0 s\u00e9rie d\u2019attentats islamistes en 2015 a donn\u00e9 lieu \u00e0 un d\u00e9bat peu constructif sur l\u2019Islam Outre-Rhin. Alors qu\u2019il est ind\u00e9niable que l\u2019\u00e9volution de l\u2019Islam devient de plus en plus envahissante et probl\u00e9matique, la cause du malaise (l\u2019Islam lui-m\u00eame) est \u00e9lud\u00e9e. Critiquer l\u2019Islam n\u2019a pas bonne presse en Allemagne et\u2026","rel":"","context":"In &quot;For your Information&quot;","block_context":{"text":"For your Information","link":"https:\/\/sven-teuber.info\/wordpress\/category\/for-your-information\/"},"img":{"alt_text":"","src":"","width":0,"height":0},"classes":[]}],"jetpack_likes_enabled":true,"_links":{"self":[{"href":"https:\/\/sven-teuber.info\/wordpress\/wp-json\/wp\/v2\/posts\/264","targetHints":{"allow":["GET"]}}],"collection":[{"href":"https:\/\/sven-teuber.info\/wordpress\/wp-json\/wp\/v2\/posts"}],"about":[{"href":"https:\/\/sven-teuber.info\/wordpress\/wp-json\/wp\/v2\/types\/post"}],"author":[{"embeddable":true,"href":"https:\/\/sven-teuber.info\/wordpress\/wp-json\/wp\/v2\/users\/2"}],"replies":[{"embeddable":true,"href":"https:\/\/sven-teuber.info\/wordpress\/wp-json\/wp\/v2\/comments?post=264"}],"version-history":[{"count":2,"href":"https:\/\/sven-teuber.info\/wordpress\/wp-json\/wp\/v2\/posts\/264\/revisions"}],"predecessor-version":[{"id":267,"href":"https:\/\/sven-teuber.info\/wordpress\/wp-json\/wp\/v2\/posts\/264\/revisions\/267"}],"wp:attachment":[{"href":"https:\/\/sven-teuber.info\/wordpress\/wp-json\/wp\/v2\/media?parent=264"}],"wp:term":[{"taxonomy":"category","embeddable":true,"href":"https:\/\/sven-teuber.info\/wordpress\/wp-json\/wp\/v2\/categories?post=264"},{"taxonomy":"post_tag","embeddable":true,"href":"https:\/\/sven-teuber.info\/wordpress\/wp-json\/wp\/v2\/tags?post=264"}],"curies":[{"name":"wp","href":"https:\/\/api.w.org\/{rel}","templated":true}]}}