{"id":2788,"date":"2015-02-25T19:45:37","date_gmt":"2015-02-25T18:45:37","guid":{"rendered":"http:\/\/sven-teuber.info\/wordpress\/?p=2788"},"modified":"2015-02-24T10:14:12","modified_gmt":"2015-02-24T09:14:12","slug":"verfolgte-jesiden-das-leid-der-fluechtlinge","status":"publish","type":"post","link":"https:\/\/sven-teuber.info\/wordpress\/verfolgte-jesiden-das-leid-der-fluechtlinge\/","title":{"rendered":"Verfolgte Jesiden: das Leid der Fl\u00fcchtlinge"},"content":{"rendered":"<p><span class=\"embed-youtube\" style=\"text-align:center; display: block;\"><iframe loading=\"lazy\" class=\"youtube-player\" width=\"584\" height=\"329\" src=\"https:\/\/www.youtube.com\/embed\/QRkCNpdYO6k?version=3&#038;rel=1&#038;showsearch=0&#038;showinfo=1&#038;iv_load_policy=1&#038;fs=1&#038;hl=de-DE&#038;autohide=2&#038;wmode=transparent\" allowfullscreen=\"true\" style=\"border:0;\" sandbox=\"allow-scripts allow-same-origin allow-popups allow-presentation allow-popups-to-escape-sandbox\"><\/iframe><\/span><\/p>\n<p><span class=\"st\">Mehr als 2 Mio. Menschen fl\u00fcchten im Irak vor der Terrormiliz Islamischer Staat (<wbr><\/wbr>IS). <\/span><br \/>\nAuch wenn die IS-Milizen in einigen D\u00f6rfern und St\u00e4dten besiegt wurden &#8211; das Leiden der Fl\u00fcchtlinge ist noch lange nicht vorbei. &#8222;Die Fl\u00fcchtlinge sind in einer katastrophalen Lage. Nur wenige Hilfslieferungen haben die Menschen in den Bergen bisher erreicht.<br \/>\nDie Frontlinie verl\u00e4uft nach wie vor in unmittelbarer N\u00e4he.&#8220;<\/p>\n<p>Weiteres:<br \/>\nReinhold Beckmann \u00fcber seine Eindr\u00fccke im Nordirak:<br \/>\n&#8222;Schlimmer, als man es sich vorgestellt hatte&#8220;<br \/>\nF\u00fcr alle die, die Sendung verpasst haben.<br \/>\nHier in voller L\u00e4nge jetzt schon online sehen:<br \/>\n<a href=\"http:\/\/www.ardmediathek.de\/tv\/Beckmann\/Unser-Krieg-Deutsche-K%C3%A4mpfer-gegen-IS-T\/Das-Erste\/Video?documentId=26692226&amp;bcastId=26607604\">Zum Film<\/a> und <a title=\"Spende\" href=\"http:\/\/www.yeziden-im-irak.de\/spenden\/spendenaufrufe\/\">Spendenaufruf<\/a>.<\/p>\n","protected":false},"excerpt":{"rendered":"<p>Mehr als 2 Mio. Menschen fl\u00fcchten im Irak vor der Terrormiliz Islamischer Staat (IS). Auch wenn die IS-Milizen in einigen D\u00f6rfern und St\u00e4dten besiegt wurden &#8211; das Leiden der Fl\u00fcchtlinge ist noch lange nicht vorbei. &#8222;Die Fl\u00fcchtlinge sind in einer &hellip; <a href=\"https:\/\/sven-teuber.info\/wordpress\/verfolgte-jesiden-das-leid-der-fluechtlinge\/\">Weiterlesen <span class=\"meta-nav\">&rarr;<\/span><\/a><\/p>\n","protected":false},"author":1,"featured_media":0,"comment_status":"open","ping_status":"open","sticky":false,"template":"","format":"video","meta":{"_crdt_document":"","jetpack_post_was_ever_published":false,"_jetpack_newsletter_access":"","_jetpack_dont_email_post_to_subs":false,"_jetpack_newsletter_tier_id":0,"_jetpack_memberships_contains_paywalled_content":false,"_jetpack_memberships_contains_paid_content":false,"footnotes":"","jetpack_publicize_message":"","jetpack_publicize_feature_enabled":true,"jetpack_social_post_already_shared":true,"jetpack_social_options":{"image_generator_settings":{"template":"highway","default_image_id":0,"font":"","enabled":false},"version":2}},"categories":[1,3],"tags":[188,189,183,187,186,185,184],"class_list":["post-2788","post","type-post","status-publish","format-video","hentry","category-allgemein","category-for-your-information","tag-fluechtlinge","tag-hilfslieferungen","tag-jesiden","tag-nordirak","tag-reinhold-beckmann","tag-spenden","tag-terrormiliz","post_format-post-format-video"],"jetpack_publicize_connections":[],"jetpack_featured_media_url":"","jetpack_sharing_enabled":true,"jetpack_shortlink":"https:\/\/wp.me\/p3CWBT-IY","jetpack-related-posts":[{"id":3706,"url":"https:\/\/sven-teuber.info\/wordpress\/kein-zusammenhang-zwischen-fluechtlingen-und-terror\/","url_meta":{"origin":2788,"position":0},"title":"Kein Zusammenhang zwischen Fl\u00fcchtlingen und Terror.","author":"steuber","date":"19. August 2016","format":false,"excerpt":"Artikel erschienen in der Zeit Online, Donnerstag 18 August 2016 \"Mehr Fl\u00fcchtlinge und damit mehr Terror in Deutschland? Diesen Zusammenhang sieht die Kanzlerin nicht. Ihre Partei, so verspricht sie, will f\u00fcr mehr Sicherheit sorgen\". Link: Islamistischer Terror: Merkel sieht keine Verbindung zwischen Fl\u00fcchtlingszuzug und Terror Kommentar zu dem Artikel. Wenn\u2026","rel":"","context":"In &quot;Allgemein&quot;","block_context":{"text":"Allgemein","link":"https:\/\/sven-teuber.info\/wordpress\/category\/allgemein\/"},"img":{"alt_text":"","src":"https:\/\/i0.wp.com\/sven-teuber.info\/wordpress\/wp-content\/uploads\/2016\/08\/Merkel-1.jpg?resize=350%2C200","width":350,"height":200,"srcset":"https:\/\/i0.wp.com\/sven-teuber.info\/wordpress\/wp-content\/uploads\/2016\/08\/Merkel-1.jpg?resize=350%2C200 1x, https:\/\/i0.wp.com\/sven-teuber.info\/wordpress\/wp-content\/uploads\/2016\/08\/Merkel-1.jpg?resize=525%2C300 1.5x, https:\/\/i0.wp.com\/sven-teuber.info\/wordpress\/wp-content\/uploads\/2016\/08\/Merkel-1.jpg?resize=700%2C400 2x"},"classes":[]},{"id":3861,"url":"https:\/\/sven-teuber.info\/wordpress\/merkel-2017-von-itt\/","url_meta":{"origin":2788,"position":1},"title":"Merkel 2017 von ITT","author":"steuber","date":"2. Dezember 2016","format":"quote","excerpt":"Angela Merkel 2017 Sie hat es gewagt: sie tritt nochmal an und schlimmer noch, ihre Chancen stehen sogar gut, denn das Wahlvolk steht f\u00fcr demokratisch legitimierten Stillstand. Uns geht es gut wiederholt sie immer wieder aber dazu gefragt werden wir nicht. Es muss uns einfach gut gehen und das auch\u2026","rel":"","context":"In &quot;ITT&quot;","block_context":{"text":"ITT","link":"https:\/\/sven-teuber.info\/wordpress\/category\/itt\/"},"img":{"alt_text":"","src":"","width":0,"height":0},"classes":[]},{"id":3242,"url":"https:\/\/sven-teuber.info\/wordpress\/grenzen-auf-oder-dicht\/","url_meta":{"origin":2788,"position":2},"title":"Grenzen auf oder dicht?","author":"steuber","date":"26. Dezember 2015","format":false,"excerpt":"Der Zugewinn von rechtskonservativen populistischen Str\u00f6mungen stellt eine Abkehr eines liberalen Individualismus dar, der eingebettet ist in ein demokratisches Gef\u00fcge, welches f\u00fcr die Grunds\u00e4tze einer offenen Gesellschaft eintritt. Durch den Umstand, dass diese Kr\u00e4fte an Einfluss gewinnen und ein \u00e4hnlich geartetes faschistoides Gedankengut diese \u00c4ngste durch Terror noch zus\u00e4tzlich anheizt,\u2026","rel":"","context":"In &quot;Allgemein&quot;","block_context":{"text":"Allgemein","link":"https:\/\/sven-teuber.info\/wordpress\/category\/allgemein\/"},"img":{"alt_text":"","src":"","width":0,"height":0},"classes":[]},{"id":3337,"url":"https:\/\/sven-teuber.info\/wordpress\/wenn-die-gutmenschen-die-kontrolle-verlieren\/","url_meta":{"origin":2788,"position":3},"title":"Wenn die Gutmenschen die Kontrolle verlieren\u2026","author":"steuber","date":"29. Januar 2016","format":false,"excerpt":"Sp\u00e4tsommer 2015, Angela Merkel meint es gut: Sie macht sich Sorgen um die Fl\u00fcchtlinge, die sich an den europ\u00e4ischen Grenzen ansammeln, unertr\u00e4gliche Bilder der Verzweiflung, und entgegen ihrem \u00fcblichen Pragmatismus entscheidet sie im Alleingang, dass Deutschland ihr humanes Gesicht zeigen soll, Willkommenskultur statt durchdachte Politik, zahlreiche freiwillige HelferInnen im Schlepptau,\u2026","rel":"","context":"In &quot;For your Information&quot;","block_context":{"text":"For your Information","link":"https:\/\/sven-teuber.info\/wordpress\/category\/for-your-information\/"},"img":{"alt_text":"Aufruf","src":"https:\/\/i0.wp.com\/sven-teuber.info\/wordpress\/wp-content\/uploads\/2016\/01\/Aufruf.jpg?resize=350%2C200","width":350,"height":200,"srcset":"https:\/\/i0.wp.com\/sven-teuber.info\/wordpress\/wp-content\/uploads\/2016\/01\/Aufruf.jpg?resize=350%2C200 1x, https:\/\/i0.wp.com\/sven-teuber.info\/wordpress\/wp-content\/uploads\/2016\/01\/Aufruf.jpg?resize=525%2C300 1.5x"},"classes":[]},{"id":3717,"url":"https:\/\/sven-teuber.info\/wordpress\/deutschland-und-seine-hoch-gehaltene-religionsfreiheit\/","url_meta":{"origin":2788,"position":4},"title":"Deutschland und seine hoch gehaltene Religionsfreiheit","author":"steuber","date":"21. August 2016","format":"gallery","excerpt":"Islamismus auf dem Vormarsch, Anschl\u00e4ge im Namen Allahs (Gott ist wohl eher b\u00f6se als gro\u00df\u2026), \u2018islamkonforme\u2019 sexuelle \u00dcbergriffe und Frauenverachtung, \u2019islambedingter\u2019 Homosexuellen- und Judenhass, Millionen Muslime auf der Flucht aus islamischen L\u00e4ndern in die L\u00e4nder der Ungl\u00e4ubigen: Die Fl\u00fcchtlingskrise hat es in sich und f\u00fchrte zu vergifteten Debatten \u00fcber die\u2026","rel":"","context":"In &quot;Allgemein&quot;","block_context":{"text":"Allgemein","link":"https:\/\/sven-teuber.info\/wordpress\/category\/allgemein\/"},"img":{"alt_text":"Marx","src":"https:\/\/i0.wp.com\/sven-teuber.info\/wordpress\/wp-content\/uploads\/2016\/08\/Marx.jpg?resize=350%2C200","width":350,"height":200,"srcset":"https:\/\/i0.wp.com\/sven-teuber.info\/wordpress\/wp-content\/uploads\/2016\/08\/Marx.jpg?resize=350%2C200 1x, https:\/\/i0.wp.com\/sven-teuber.info\/wordpress\/wp-content\/uploads\/2016\/08\/Marx.jpg?resize=525%2C300 1.5x, https:\/\/i0.wp.com\/sven-teuber.info\/wordpress\/wp-content\/uploads\/2016\/08\/Marx.jpg?resize=700%2C400 2x"},"classes":[]},{"id":3661,"url":"https:\/\/sven-teuber.info\/wordpress\/ein-blick-zurueck-resuemee\/","url_meta":{"origin":2788,"position":5},"title":"Ein Blick zur\u00fcck, Res\u00fcmee","author":"steuber","date":"27. Juli 2016","format":"status","excerpt":"Wir schaffen das, Wir schaffen das.... Europa der Unwilligen, Strafen f\u00fcr L\u00e4nder, die keine muslimischen Fl\u00fcchtlinge aufnehmen wollen, Merkels Feigheit in der B\u00f6hmermann-Aff\u00e4re und als Kr\u00f6nung des Ganzen der T\u00fcrkei-Deal \u2013 wieder mal im Alleingang: Deutschlands Hang zur Arroganz, wir machen alles besser, nat\u00fcrlich auch die Integration, sogar ohne uns\u2026","rel":"","context":"In &quot;Allgemein&quot;","block_context":{"text":"Allgemein","link":"https:\/\/sven-teuber.info\/wordpress\/category\/allgemein\/"},"img":{"alt_text":"La laicite","src":"https:\/\/i0.wp.com\/sven-teuber.info\/wordpress\/wp-content\/uploads\/2016\/07\/La-laicite-1.jpg?resize=350%2C200","width":350,"height":200,"srcset":"https:\/\/i0.wp.com\/sven-teuber.info\/wordpress\/wp-content\/uploads\/2016\/07\/La-laicite-1.jpg?resize=350%2C200 1x, https:\/\/i0.wp.com\/sven-teuber.info\/wordpress\/wp-content\/uploads\/2016\/07\/La-laicite-1.jpg?resize=525%2C300 1.5x, https:\/\/i0.wp.com\/sven-teuber.info\/wordpress\/wp-content\/uploads\/2016\/07\/La-laicite-1.jpg?resize=700%2C400 2x"},"classes":[]}],"jetpack_likes_enabled":true,"_links":{"self":[{"href":"https:\/\/sven-teuber.info\/wordpress\/wp-json\/wp\/v2\/posts\/2788","targetHints":{"allow":["GET"]}}],"collection":[{"href":"https:\/\/sven-teuber.info\/wordpress\/wp-json\/wp\/v2\/posts"}],"about":[{"href":"https:\/\/sven-teuber.info\/wordpress\/wp-json\/wp\/v2\/types\/post"}],"author":[{"embeddable":true,"href":"https:\/\/sven-teuber.info\/wordpress\/wp-json\/wp\/v2\/users\/1"}],"replies":[{"embeddable":true,"href":"https:\/\/sven-teuber.info\/wordpress\/wp-json\/wp\/v2\/comments?post=2788"}],"version-history":[{"count":2,"href":"https:\/\/sven-teuber.info\/wordpress\/wp-json\/wp\/v2\/posts\/2788\/revisions"}],"predecessor-version":[{"id":2790,"href":"https:\/\/sven-teuber.info\/wordpress\/wp-json\/wp\/v2\/posts\/2788\/revisions\/2790"}],"wp:attachment":[{"href":"https:\/\/sven-teuber.info\/wordpress\/wp-json\/wp\/v2\/media?parent=2788"}],"wp:term":[{"taxonomy":"category","embeddable":true,"href":"https:\/\/sven-teuber.info\/wordpress\/wp-json\/wp\/v2\/categories?post=2788"},{"taxonomy":"post_tag","embeddable":true,"href":"https:\/\/sven-teuber.info\/wordpress\/wp-json\/wp\/v2\/tags?post=2788"}],"curies":[{"name":"wp","href":"https:\/\/api.w.org\/{rel}","templated":true}]}}