{"id":2792,"date":"2015-02-25T20:42:27","date_gmt":"2015-02-25T19:42:27","guid":{"rendered":"http:\/\/sven-teuber.info\/wordpress\/?p=2792"},"modified":"2015-02-25T20:51:52","modified_gmt":"2015-02-25T19:51:52","slug":"artclub-best-of-art-and-culture-in-cologne","status":"publish","type":"post","link":"https:\/\/sven-teuber.info\/wordpress\/artclub-best-of-art-and-culture-in-cologne\/","title":{"rendered":"Artclub best of ART and culture in Cologne"},"content":{"rendered":"<p><a href=\"https:\/\/sven-teuber.info\/wordpress\/artclub-best-of-art-and-culture-in-cologne\/presse_2015_01\/\" rel=\"attachment wp-att-2791\"><img data-recalc-dims=\"1\" loading=\"lazy\" decoding=\"async\" data-attachment-id=\"2791\" data-permalink=\"https:\/\/sven-teuber.info\/wordpress\/artclub-best-of-art-and-culture-in-cologne\/presse_2015_01\/\" data-orig-file=\"https:\/\/i0.wp.com\/sven-teuber.info\/wordpress\/wp-content\/uploads\/2015\/02\/presse_2015_01.jpg?fit=787%2C613&amp;ssl=1\" data-orig-size=\"787,613\" data-comments-opened=\"1\" data-image-meta=\"{&quot;aperture&quot;:&quot;0&quot;,&quot;credit&quot;:&quot;&quot;,&quot;camera&quot;:&quot;&quot;,&quot;caption&quot;:&quot;&quot;,&quot;created_timestamp&quot;:&quot;0&quot;,&quot;copyright&quot;:&quot;&quot;,&quot;focal_length&quot;:&quot;0&quot;,&quot;iso&quot;:&quot;0&quot;,&quot;shutter_speed&quot;:&quot;0&quot;,&quot;title&quot;:&quot;&quot;,&quot;orientation&quot;:&quot;0&quot;}\" data-image-title=\"presse_2015_01\" data-image-description=\"\" data-image-caption=\"\" data-large-file=\"https:\/\/i0.wp.com\/sven-teuber.info\/wordpress\/wp-content\/uploads\/2015\/02\/presse_2015_01.jpg?fit=584%2C455&amp;ssl=1\" class=\" size-full wp-image-2791 aligncenter\" src=\"https:\/\/i0.wp.com\/sven-teuber.info\/wordpress\/wp-content\/uploads\/2015\/02\/presse_2015_01.jpg?resize=584%2C455&#038;ssl=1\" alt=\"presse_2015_01\" width=\"584\" height=\"455\" srcset=\"https:\/\/i0.wp.com\/sven-teuber.info\/wordpress\/wp-content\/uploads\/2015\/02\/presse_2015_01.jpg?w=787&amp;ssl=1 787w, https:\/\/i0.wp.com\/sven-teuber.info\/wordpress\/wp-content\/uploads\/2015\/02\/presse_2015_01.jpg?resize=300%2C234&amp;ssl=1 300w, https:\/\/i0.wp.com\/sven-teuber.info\/wordpress\/wp-content\/uploads\/2015\/02\/presse_2015_01.jpg?resize=308%2C240&amp;ssl=1 308w\" sizes=\"auto, (max-width: 584px) 100vw, 584px\" \/><\/a><\/p>\n<p><a href=\"https:\/\/sven-teuber.info\/wordpress\/artclub-best-of-art-and-culture-in-cologne\/presse_2015_02\/\" rel=\"attachment wp-att-2798\"><img data-recalc-dims=\"1\" loading=\"lazy\" decoding=\"async\" data-attachment-id=\"2798\" data-permalink=\"https:\/\/sven-teuber.info\/wordpress\/artclub-best-of-art-and-culture-in-cologne\/presse_2015_02\/\" data-orig-file=\"https:\/\/i0.wp.com\/sven-teuber.info\/wordpress\/wp-content\/uploads\/2015\/02\/presse_2015_02.jpg?fit=560%2C970&amp;ssl=1\" data-orig-size=\"560,970\" data-comments-opened=\"1\" data-image-meta=\"{&quot;aperture&quot;:&quot;0&quot;,&quot;credit&quot;:&quot;&quot;,&quot;camera&quot;:&quot;&quot;,&quot;caption&quot;:&quot;&quot;,&quot;created_timestamp&quot;:&quot;0&quot;,&quot;copyright&quot;:&quot;&quot;,&quot;focal_length&quot;:&quot;0&quot;,&quot;iso&quot;:&quot;0&quot;,&quot;shutter_speed&quot;:&quot;0&quot;,&quot;title&quot;:&quot;&quot;,&quot;orientation&quot;:&quot;0&quot;}\" data-image-title=\"presse_2015_02\" data-image-description=\"\" data-image-caption=\"\" data-large-file=\"https:\/\/i0.wp.com\/sven-teuber.info\/wordpress\/wp-content\/uploads\/2015\/02\/presse_2015_02.jpg?fit=560%2C970&amp;ssl=1\" class=\" size-full wp-image-2798 aligncenter\" src=\"https:\/\/i0.wp.com\/sven-teuber.info\/wordpress\/wp-content\/uploads\/2015\/02\/presse_2015_02.jpg?resize=560%2C970&#038;ssl=1\" alt=\"presse_2015_02\" width=\"560\" height=\"970\" srcset=\"https:\/\/i0.wp.com\/sven-teuber.info\/wordpress\/wp-content\/uploads\/2015\/02\/presse_2015_02.jpg?w=560&amp;ssl=1 560w, https:\/\/i0.wp.com\/sven-teuber.info\/wordpress\/wp-content\/uploads\/2015\/02\/presse_2015_02.jpg?resize=173%2C300&amp;ssl=1 173w, https:\/\/i0.wp.com\/sven-teuber.info\/wordpress\/wp-content\/uploads\/2015\/02\/presse_2015_02.jpg?resize=139%2C240&amp;ssl=1 139w\" sizes=\"auto, (max-width: 560px) 100vw, 560px\" \/><\/a><\/p>\n<ul>\n<li><a href=\"http:\/\/www.artclub-galerie.de\/presse\/presse_2015_03.jpg\" target=\"_blank\" rel=\"lightbox[2792]\">MM-Cityguide K\u00f6ln<\/a>\u00a0\/\u00a0<em>Januar<\/em><\/li>\n<li>MARCO POLO Touristikf\u00fchrer\u00a0\/\u00a0<em>Januar<\/em><\/li>\n<li><a href=\"http:\/\/theculturetrip.com\/europe\/germany\/articles\/cologne-s-10-cutting-edge-art-galleries-museums\/\" target=\"_blank\">The culture trip\u00a0<\/a>\/\u00a0<em>Januar<\/em>\u00a0\u00a0\u00a0<span class=\"markred\">zur Originalseite<\/span><\/li>\n<li>About artclub<\/li>\n<\/ul>\n<p><strong>artclub<\/strong> Melchiorstra\u00dfe 14 in 50670 K\u00f6ln<br \/>\n<strong>Ge\u00f6ffnet:<\/strong> Montag bis Sonntag von 15.00 bis 20.00 Uhr<\/p>\n<p>&nbsp;<\/p>\n","protected":false},"excerpt":{"rendered":"<p>MM-Cityguide K\u00f6ln\u00a0\/\u00a0Januar MARCO POLO Touristikf\u00fchrer\u00a0\/\u00a0Januar The culture trip\u00a0\/\u00a0Januar\u00a0\u00a0\u00a0zur Originalseite About artclub artclub Melchiorstra\u00dfe 14 in 50670 K\u00f6ln Ge\u00f6ffnet: Montag bis Sonntag von 15.00 bis 20.00 Uhr &nbsp;<\/p>\n","protected":false},"author":1,"featured_media":0,"comment_status":"open","ping_status":"open","sticky":false,"template":"","format":"gallery","meta":{"_crdt_document":"","jetpack_post_was_ever_published":false,"_jetpack_newsletter_access":"","_jetpack_dont_email_post_to_subs":false,"_jetpack_newsletter_tier_id":0,"_jetpack_memberships_contains_paywalled_content":false,"_jetpack_memberships_contains_paid_content":false,"footnotes":"","jetpack_publicize_message":"","jetpack_publicize_feature_enabled":true,"jetpack_social_post_already_shared":true,"jetpack_social_options":{"image_generator_settings":{"template":"highway","default_image_id":0,"font":"","enabled":false},"version":2}},"categories":[1,3],"tags":[],"class_list":["post-2792","post","type-post","status-publish","format-gallery","hentry","category-allgemein","category-for-your-information","post_format-post-format-gallery"],"jetpack_publicize_connections":[],"jetpack_featured_media_url":"","jetpack_sharing_enabled":true,"jetpack_shortlink":"https:\/\/wp.me\/p3CWBT-J2","jetpack-related-posts":[{"id":6060,"url":"https:\/\/sven-teuber.info\/wordpress\/erster-januar-2024\/","url_meta":{"origin":2792,"position":0},"title":"Erster Januar 2024","author":"steuber","date":"20. Januar 2024","format":false,"excerpt":"","rel":"","context":"In &quot;Allgemein&quot;","block_context":{"text":"Allgemein","link":"https:\/\/sven-teuber.info\/wordpress\/category\/allgemein\/"},"img":{"alt_text":"","src":"https:\/\/i0.wp.com\/sven-teuber.info\/wordpress\/wp-content\/uploads\/2024\/01\/IMG_4348-scaled.jpeg?resize=350%2C200&ssl=1","width":350,"height":200,"srcset":"https:\/\/i0.wp.com\/sven-teuber.info\/wordpress\/wp-content\/uploads\/2024\/01\/IMG_4348-scaled.jpeg?resize=350%2C200&ssl=1 1x, https:\/\/i0.wp.com\/sven-teuber.info\/wordpress\/wp-content\/uploads\/2024\/01\/IMG_4348-scaled.jpeg?resize=525%2C300&ssl=1 1.5x, https:\/\/i0.wp.com\/sven-teuber.info\/wordpress\/wp-content\/uploads\/2024\/01\/IMG_4348-scaled.jpeg?resize=700%2C400&ssl=1 2x, https:\/\/i0.wp.com\/sven-teuber.info\/wordpress\/wp-content\/uploads\/2024\/01\/IMG_4348-scaled.jpeg?resize=1050%2C600&ssl=1 3x, https:\/\/i0.wp.com\/sven-teuber.info\/wordpress\/wp-content\/uploads\/2024\/01\/IMG_4348-scaled.jpeg?resize=1400%2C800&ssl=1 4x"},"classes":[]},{"id":1987,"url":"https:\/\/sven-teuber.info\/wordpress\/shhoting-januar-2014\/","url_meta":{"origin":2792,"position":1},"title":"Shooting Januar 2014 mit Robert","author":"steuber","date":"23. Januar 2014","format":"gallery","excerpt":"Die Bilder sind mit Robert im Rahmen der Veranstaltung des 4. Foto & Film Wahnsinn Treffens am 18.01.14 \u00fcber MK entstanden. Da ich Low Key bevorzuge, ist das Lichtsetup der beiden Studioblitze angepasst worden. F\u00fcr die Umsetzung der Idee wurden die Bilder dann noch in meiner digitalen Dunkelkammer bearbeitet. Die\u2026","rel":"","context":"In &quot;Photographie&quot;","block_context":{"text":"Photographie","link":"https:\/\/sven-teuber.info\/wordpress\/category\/photographie\/"},"img":{"alt_text":"","src":"https:\/\/i0.wp.com\/sven-teuber.info\/wordpress\/wp-content\/uploads\/2014\/01\/Januar_2014_6.jpg?resize=350%2C200","width":350,"height":200},"classes":[]},{"id":2760,"url":"https:\/\/sven-teuber.info\/wordpress\/casio-iphone-app-und-das-automatische-komponieren\/","url_meta":{"origin":2792,"position":2},"title":"Casio iPhone App und das automatische Komponieren","author":"steuber","date":"4. Februar 2015","format":"aside","excerpt":"02.02.2015 \u2013 07:26 Unterhaltung \u00a0Tokio (ots\/PRNewswire) - Casio Computer Co., Ltd. gab am 30. Januar die Markteinf\u00fchrung von Chordana Composer bekannt, einer iPhone App, die auf Grundlage einer vom Anwender erstellten zweitaktigen Melodie automatisch ein Musikst\u00fcck komponiert. Die App ist ab dem 30. Januar im Apple App Store erh\u00e4ltlich. (Foto:\u2026","rel":"","context":"In &quot;Allgemein&quot;","block_context":{"text":"Allgemein","link":"https:\/\/sven-teuber.info\/wordpress\/category\/allgemein\/"},"img":{"alt_text":"","src":"","width":0,"height":0},"classes":[]},{"id":1,"url":"https:\/\/sven-teuber.info\/wordpress\/hallo-welt\/","url_meta":{"origin":2792,"position":3},"title":"Neue Ausstellung Artclub, Januar 2013","author":"steuber","date":"20. Dezember 2012","format":false,"excerpt":"04.01.2013 20:00 \u2013 23:00, Vernissage mit dem Titel \u201c6 Jahre Artclub\u201d Finissage der Austellung ist der 03.03.2013 Adresse: Artclub Melchiorstra\u00dfe 14 in 50670 K\u00f6ln Ge\u00f6ffnet: Montag bis Sonntag von 15.00 bis 20.00 Uh","rel":"","context":"In &quot;Exhibition&quot;","block_context":{"text":"Exhibition","link":"https:\/\/sven-teuber.info\/wordpress\/category\/exhibition\/"},"img":{"alt_text":"","src":"","width":0,"height":0},"classes":[]},{"id":3351,"url":"https:\/\/sven-teuber.info\/wordpress\/zwischen-willkommenskultur-und-kritik\/","url_meta":{"origin":2792,"position":4},"title":"Zwischen Willkommenskultur und Kritik","author":"steuber","date":"29. Januar 2016","format":"aside","excerpt":"Kisslers Konter: So sympathisch und menschlich das Anliegen auch ist \u2013 der Begriff \u201eWillkommenskultur\u201c hat keinen Sinn. Die Versuche, Deutschland so eine neue Identit\u00e4t zu geben, werden scheitern. Zum Nachteil f\u00fcr Alteingesessene wie Zugewanderte gleicherma\u00dfen .. weiterlesen.... Quelle: Cicero Magazin f\u00fcr politische Kultur,\u00a08. September 2015 \u201eEs gibt keine moralische Pflicht\u2026","rel":"","context":"In &quot;For your Information&quot;","block_context":{"text":"For your Information","link":"https:\/\/sven-teuber.info\/wordpress\/category\/for-your-information\/"},"img":{"alt_text":"Europa und Deutschland","src":"https:\/\/i0.wp.com\/sven-teuber.info\/wordpress\/wp-content\/uploads\/2016\/01\/Europa.jpg?resize=350%2C200","width":350,"height":200,"srcset":"https:\/\/i0.wp.com\/sven-teuber.info\/wordpress\/wp-content\/uploads\/2016\/01\/Europa.jpg?resize=350%2C200 1x, https:\/\/i0.wp.com\/sven-teuber.info\/wordpress\/wp-content\/uploads\/2016\/01\/Europa.jpg?resize=525%2C300 1.5x"},"classes":[]},{"id":3757,"url":"https:\/\/sven-teuber.info\/wordpress\/islam-islamismus-eine-klaerung-in-aufgeregten-zeiten\/","url_meta":{"origin":2792,"position":5},"title":"Islam \u2013 Islamismus. Eine Kl\u00e4rung in aufgeregten Zeiten","author":"steuber","date":"30. August 2016","format":"quote","excerpt":"Analysen & Argumente, von Thomas Volk, erschienen bei der Konrad Adenauer Stiftung Januar 2015, Ausgabe 164. \"Zum Mitnehmen Unter Islamismus versteht man eine politische Ideologie, die islamische Gebote und Normen als allgemeing\u00fcltige Handlungsanweisungen durchsetzen m\u00f6chte. Islamisten streben einen Staat auf Grundlage islamischer Werte und Gesetze (Scharia) an und lehnen westliche\u2026","rel":"","context":"In &quot;Allgemein&quot;","block_context":{"text":"Allgemein","link":"https:\/\/sven-teuber.info\/wordpress\/category\/allgemein\/"},"img":{"alt_text":"","src":"","width":0,"height":0},"classes":[]}],"jetpack_likes_enabled":true,"_links":{"self":[{"href":"https:\/\/sven-teuber.info\/wordpress\/wp-json\/wp\/v2\/posts\/2792","targetHints":{"allow":["GET"]}}],"collection":[{"href":"https:\/\/sven-teuber.info\/wordpress\/wp-json\/wp\/v2\/posts"}],"about":[{"href":"https:\/\/sven-teuber.info\/wordpress\/wp-json\/wp\/v2\/types\/post"}],"author":[{"embeddable":true,"href":"https:\/\/sven-teuber.info\/wordpress\/wp-json\/wp\/v2\/users\/1"}],"replies":[{"embeddable":true,"href":"https:\/\/sven-teuber.info\/wordpress\/wp-json\/wp\/v2\/comments?post=2792"}],"version-history":[{"count":8,"href":"https:\/\/sven-teuber.info\/wordpress\/wp-json\/wp\/v2\/posts\/2792\/revisions"}],"predecessor-version":[{"id":2801,"href":"https:\/\/sven-teuber.info\/wordpress\/wp-json\/wp\/v2\/posts\/2792\/revisions\/2801"}],"wp:attachment":[{"href":"https:\/\/sven-teuber.info\/wordpress\/wp-json\/wp\/v2\/media?parent=2792"}],"wp:term":[{"taxonomy":"category","embeddable":true,"href":"https:\/\/sven-teuber.info\/wordpress\/wp-json\/wp\/v2\/categories?post=2792"},{"taxonomy":"post_tag","embeddable":true,"href":"https:\/\/sven-teuber.info\/wordpress\/wp-json\/wp\/v2\/tags?post=2792"}],"curies":[{"name":"wp","href":"https:\/\/api.w.org\/{rel}","templated":true}]}}