{"id":2830,"date":"2015-04-09T19:22:41","date_gmt":"2015-04-09T18:22:41","guid":{"rendered":"http:\/\/sven-teuber.info\/wordpress\/?p=2830"},"modified":"2015-04-09T19:24:47","modified_gmt":"2015-04-09T18:24:47","slug":"kunstausstellung-blick-wechsel-im-loehrerhof-huerth","status":"publish","type":"post","link":"https:\/\/sven-teuber.info\/wordpress\/kunstausstellung-blick-wechsel-im-loehrerhof-huerth\/","title":{"rendered":"Kunstausstellung &#8222;Blick-Wechsel&#8220; im L\u00f6hrerhof, H\u00fcrth"},"content":{"rendered":"<p><a href=\"https:\/\/sven-teuber.info\/wordpress\/kunstausstellung-blick-wechsel-im-loehrerhof-huerth\/plakat_online-einladung\/\" rel=\"attachment wp-att-2829\"><img data-recalc-dims=\"1\" decoding=\"async\" data-attachment-id=\"2829\" data-permalink=\"https:\/\/sven-teuber.info\/wordpress\/kunstausstellung-blick-wechsel-im-loehrerhof-huerth\/plakat_online-einladung\/\" data-orig-file=\"https:\/\/i0.wp.com\/sven-teuber.info\/wordpress\/wp-content\/uploads\/2015\/04\/Plakat_Online-Einladung.jpg?fit=%2C&amp;ssl=1\" data-orig-size=\"\" data-comments-opened=\"1\" data-image-meta=\"[]\" data-image-title=\"Plakat_Online-Einladung\" data-image-description=\"\" data-image-caption=\"\" data-large-file=\"https:\/\/i0.wp.com\/sven-teuber.info\/wordpress\/wp-content\/uploads\/2015\/04\/Plakat_Online-Einladung.jpg?fit=1024%2C1024&amp;ssl=1\" class=\"alignleft size-full wp-image-2829\" src=\"https:\/\/i0.wp.com\/sven-teuber.info\/wordpress\/wp-content\/uploads\/2015\/04\/Plakat_Online-Einladung.jpg?w=584&#038;ssl=1\" alt=\"Plakat_Online-Einladung\" \/><\/a><\/p>\n","protected":false},"excerpt":{"rendered":"","protected":false},"author":2,"featured_media":0,"comment_status":"open","ping_status":"open","sticky":false,"template":"","format":"standard","meta":{"_crdt_document":"","jetpack_post_was_ever_published":false,"_jetpack_newsletter_access":"","_jetpack_dont_email_post_to_subs":false,"_jetpack_newsletter_tier_id":0,"_jetpack_memberships_contains_paywalled_content":false,"_jetpack_memberships_contains_paid_content":false,"footnotes":"","jetpack_publicize_message":"","jetpack_publicize_feature_enabled":true,"jetpack_social_post_already_shared":true,"jetpack_social_options":{"image_generator_settings":{"template":"highway","default_image_id":0,"font":"","enabled":false},"version":2}},"categories":[1,23,4],"tags":[],"class_list":["post-2830","post","type-post","status-publish","format-standard","hentry","category-allgemein","category-events","category-exhibition"],"jetpack_publicize_connections":[],"jetpack_featured_media_url":"","jetpack_sharing_enabled":true,"jetpack_shortlink":"https:\/\/wp.me\/p3CWBT-JE","jetpack-related-posts":[{"id":3158,"url":"https:\/\/sven-teuber.info\/wordpress\/letzteminuteweihnachtskunstausstellung\/","url_meta":{"origin":2830,"position":0},"title":"Letzteminuteweihnachtskunstausstellung","author":"steuber","date":"16. Dezember 2015","format":"aside","excerpt":"Liebe Kunstbegeisterte Freunde leider knubbeln sich zu Weihnachten die Termine. Ich w\u00fcrde mich trotzdem freuen einige von Euch in meiner neuen Galerie ohne Namen begr\u00fc\u00dfen zu d\u00fcrfen. Am Freitag 18.12. von 17. bis 19.00 Uhr Samstag 19.12. von 16 bis 18.00 Uhr Werden wir mit Weihnachtsmusik ein paar leckeren Pl\u00e4tzchen\u2026","rel":"","context":"In &quot;Events&quot;","block_context":{"text":"Events","link":"https:\/\/sven-teuber.info\/wordpress\/category\/events\/"},"img":{"alt_text":"","src":"","width":0,"height":0},"classes":[]},{"id":3321,"url":"https:\/\/sven-teuber.info\/wordpress\/vernissage-galerie-ohne-namen-am-26-1-2016-ab-19-00-uhr\/","url_meta":{"origin":2830,"position":1},"title":"Vernissage &#8220; Galerie ohne Namen &#8220;  am 26.1.2016  ab 19.00 Uhr.","author":"steuber","date":"19. Januar 2016","format":"status","excerpt":"Vernissage \" Galerie ohne Namen \"\u00a0 am 26.1.2016\u00a0 ab 19.00 Uhr. Hallo liebe Kunstfreunde nachdem ihr alle hoffentlich gut ins neue Jahr gekommen seit kommt schon wieder etwas neues. Die erste Vernissage in meiner neuen Galerie.\u00a0 Sie findet unter dem Titel \" Regional \"\u00a0 Kunst aus der Region f\u00fcr die\u2026","rel":"","context":"In &quot;Exhibition&quot;","block_context":{"text":"Exhibition","link":"https:\/\/sven-teuber.info\/wordpress\/category\/exhibition\/"},"img":{"alt_text":"","src":"","width":0,"height":0},"classes":[]},{"id":2802,"url":"https:\/\/sven-teuber.info\/wordpress\/ausstellung-dosenfutter-vernissage-17-03-ab-1800-buergeramt-kalk\/","url_meta":{"origin":2830,"position":2},"title":"Ausstellung &#8222;Dosenfutter&#8220;. Kunst im Bezirksrathaus Kalk bis 26 Mai","author":"steuber","date":"2. M\u00e4rz 2015","format":false,"excerpt":"Ab dem 17. M\u00e4rz verl\u00e4ngert bis zum 26. Mai 2015 stellt der K\u00fcnstler Sven Teuber aus H\u00fcrth seine Werke im B\u00fcrgeramt Kalk aus. (\u00d6ffnungszeiten: Mo.-Do.: 8 bis 12 und 14 bis 18 Uhr; Fr.: 8 bis 12 Uhr) 51103 K\u00f6ln, Kalker Hauptstr. 247 - 273 Vernissage 17.03.15, beginn 18:00 Uhr\u2026","rel":"","context":"In &quot;Allgemein&quot;","block_context":{"text":"Allgemein","link":"https:\/\/sven-teuber.info\/wordpress\/category\/allgemein\/"},"img":{"alt_text":"Dossenfutter-K\u00f6ln","src":"https:\/\/i0.wp.com\/sven-teuber.info\/wordpress\/wp-content\/uploads\/2015\/03\/Dossenfutter-K%C3%B6ln.jpg?resize=350%2C200","width":350,"height":200,"srcset":"https:\/\/i0.wp.com\/sven-teuber.info\/wordpress\/wp-content\/uploads\/2015\/03\/Dossenfutter-K%C3%B6ln.jpg?resize=350%2C200 1x, https:\/\/i0.wp.com\/sven-teuber.info\/wordpress\/wp-content\/uploads\/2015\/03\/Dossenfutter-K%C3%B6ln.jpg?resize=525%2C300 1.5x, https:\/\/i0.wp.com\/sven-teuber.info\/wordpress\/wp-content\/uploads\/2015\/03\/Dossenfutter-K%C3%B6ln.jpg?resize=700%2C400 2x"},"classes":[]},{"id":2234,"url":"https:\/\/sven-teuber.info\/wordpress\/ausstellung-13-juli-bis-31-august-in-der-burggalerie-waischenfeld\/","url_meta":{"origin":2830,"position":3},"title":"Ausstellung 13 Juli bis 31 August, in der Burggalerie Waischenfeld","author":"steuber","date":"3. Juli 2014","format":false,"excerpt":"Die Kunstausstellungen in diesen R\u00e4umen mit K\u00fcnstlern aus nah und fern haben sich l\u00e4ngst zum beliebten Treffpunkt unter Kennern und Liebhabern in der Kunstszene etabliert. Die mittelalterliche Burganlage beherbergt die Kunstgalerie im 1. OG. Drei R\u00e4ume werden hier f\u00fcr Ausstellungen von der Stadt zur Verf\u00fcgung gestellt. Veranstalter der Kunstausstellungen ist\u2026","rel":"","context":"In &quot;Allgemein&quot;","block_context":{"text":"Allgemein","link":"https:\/\/sven-teuber.info\/wordpress\/category\/allgemein\/"},"img":{"alt_text":"Flyer-Vorn-Final","src":"https:\/\/i0.wp.com\/sven-teuber.info\/wordpress\/wp-content\/uploads\/2014\/07\/Flyer-Vorn-Final.jpg?resize=350%2C200","width":350,"height":200,"srcset":"https:\/\/i0.wp.com\/sven-teuber.info\/wordpress\/wp-content\/uploads\/2014\/07\/Flyer-Vorn-Final.jpg?resize=350%2C200 1x, https:\/\/i0.wp.com\/sven-teuber.info\/wordpress\/wp-content\/uploads\/2014\/07\/Flyer-Vorn-Final.jpg?resize=525%2C300 1.5x"},"classes":[]},{"id":5593,"url":"https:\/\/sven-teuber.info\/wordpress\/kunst-mit-kunst-verbinden\/","url_meta":{"origin":2830,"position":4},"title":"KUNST MIT KUNST VERBINDEN","author":"steuber","date":"9. Februar 2022","format":false,"excerpt":"https:\/\/www.crossartlive.de\/blog\/2022\/02\/09\/kunst-mit-kunst-verbinden-crossart-macht-schule-vernissage-einfach-kunst\/","rel":"","context":"In &quot;Allgemein&quot;","block_context":{"text":"Allgemein","link":"https:\/\/sven-teuber.info\/wordpress\/category\/allgemein\/"},"img":{"alt_text":"","src":"","width":0,"height":0},"classes":[]},{"id":6663,"url":"https:\/\/sven-teuber.info\/wordpress\/chorweiler-art-09-11-2025-11-18-uhr\/","url_meta":{"origin":2830,"position":5},"title":"Chorweiler ART \/ 09.11.2025, 11-18 Uhr","author":"steuber","date":"15. Oktober 2025","format":false,"excerpt":"","rel":"","context":"In &quot;Allgemein&quot;","block_context":{"text":"Allgemein","link":"https:\/\/sven-teuber.info\/wordpress\/category\/allgemein\/"},"img":{"alt_text":"","src":"https:\/\/i0.wp.com\/sven-teuber.info\/wordpress\/wp-content\/uploads\/2025\/10\/Screenshot_20251019-192655.png?resize=350%2C200&ssl=1","width":350,"height":200,"srcset":"https:\/\/i0.wp.com\/sven-teuber.info\/wordpress\/wp-content\/uploads\/2025\/10\/Screenshot_20251019-192655.png?resize=350%2C200&ssl=1 1x, https:\/\/i0.wp.com\/sven-teuber.info\/wordpress\/wp-content\/uploads\/2025\/10\/Screenshot_20251019-192655.png?resize=525%2C300&ssl=1 1.5x, https:\/\/i0.wp.com\/sven-teuber.info\/wordpress\/wp-content\/uploads\/2025\/10\/Screenshot_20251019-192655.png?resize=700%2C400&ssl=1 2x, https:\/\/i0.wp.com\/sven-teuber.info\/wordpress\/wp-content\/uploads\/2025\/10\/Screenshot_20251019-192655.png?resize=1050%2C600&ssl=1 3x"},"classes":[]}],"jetpack_likes_enabled":true,"_links":{"self":[{"href":"https:\/\/sven-teuber.info\/wordpress\/wp-json\/wp\/v2\/posts\/2830","targetHints":{"allow":["GET"]}}],"collection":[{"href":"https:\/\/sven-teuber.info\/wordpress\/wp-json\/wp\/v2\/posts"}],"about":[{"href":"https:\/\/sven-teuber.info\/wordpress\/wp-json\/wp\/v2\/types\/post"}],"author":[{"embeddable":true,"href":"https:\/\/sven-teuber.info\/wordpress\/wp-json\/wp\/v2\/users\/2"}],"replies":[{"embeddable":true,"href":"https:\/\/sven-teuber.info\/wordpress\/wp-json\/wp\/v2\/comments?post=2830"}],"version-history":[{"count":2,"href":"https:\/\/sven-teuber.info\/wordpress\/wp-json\/wp\/v2\/posts\/2830\/revisions"}],"predecessor-version":[{"id":2832,"href":"https:\/\/sven-teuber.info\/wordpress\/wp-json\/wp\/v2\/posts\/2830\/revisions\/2832"}],"wp:attachment":[{"href":"https:\/\/sven-teuber.info\/wordpress\/wp-json\/wp\/v2\/media?parent=2830"}],"wp:term":[{"taxonomy":"category","embeddable":true,"href":"https:\/\/sven-teuber.info\/wordpress\/wp-json\/wp\/v2\/categories?post=2830"},{"taxonomy":"post_tag","embeddable":true,"href":"https:\/\/sven-teuber.info\/wordpress\/wp-json\/wp\/v2\/tags?post=2830"}],"curies":[{"name":"wp","href":"https:\/\/api.w.org\/{rel}","templated":true}]}}