{"id":2888,"date":"2015-06-25T20:45:29","date_gmt":"2015-06-25T19:45:29","guid":{"rendered":"http:\/\/sven-teuber.info\/wordpress\/?p=2888"},"modified":"2015-06-25T12:49:01","modified_gmt":"2015-06-25T11:49:01","slug":"salon-de-la-photo-2015-du-5-au-9-novembre-a-paris-expo-porte-de-versailles","status":"publish","type":"post","link":"https:\/\/sven-teuber.info\/wordpress\/salon-de-la-photo-2015-du-5-au-9-novembre-a-paris-expo-porte-de-versailles\/","title":{"rendered":"Salon de la Photo 2015 du 5 au 9 novembre \u00e0 Paris Expo, Porte de Versailles"},"content":{"rendered":"<p style=\"text-align: left;\">Comp\u00e9tence Photo vous offre votre invitation pour le Salon de la Photo 2015 Paris.<\/p>\n<p style=\"text-align: left;\">Comme chaque ann\u00e9e, Comp\u00e9tence Photo vous permet d&#8217;obtenir le pr\u00e9cieux s\u00e9same pour vous rendre gratuitement au Salon de la Photo (valeur 11 \u20ac). L&#8217;\u00e9dition 2015 aura lieu cette ann\u00e9e du 5 au 9 novembre \u00e0 Paris Expo, Porte de Versailles.<\/p>\n<p><a href=\"http:\/\/www.competencephoto.com\/Competence-Photo-vous-offre-votre-invitation-pour-le-Salon-de-la-Photo-2015_a2705.html\" rel=\"attachment wp-att-2889\"><img data-recalc-dims=\"1\" loading=\"lazy\" decoding=\"async\" data-attachment-id=\"2889\" data-permalink=\"https:\/\/sven-teuber.info\/wordpress\/salon-de-la-photo-2015-du-5-au-9-novembre-a-paris-expo-porte-de-versailles\/7922457-12310217\/\" data-orig-file=\"https:\/\/i0.wp.com\/sven-teuber.info\/wordpress\/wp-content\/uploads\/2015\/06\/7922457-12310217.jpg?fit=540%2C765&amp;ssl=1\" data-orig-size=\"540,765\" data-comments-opened=\"1\" data-image-meta=\"{&quot;aperture&quot;:&quot;0&quot;,&quot;credit&quot;:&quot;&quot;,&quot;camera&quot;:&quot;&quot;,&quot;caption&quot;:&quot;&quot;,&quot;created_timestamp&quot;:&quot;0&quot;,&quot;copyright&quot;:&quot;&quot;,&quot;focal_length&quot;:&quot;0&quot;,&quot;iso&quot;:&quot;0&quot;,&quot;shutter_speed&quot;:&quot;0&quot;,&quot;title&quot;:&quot;&quot;,&quot;orientation&quot;:&quot;0&quot;}\" data-image-title=\"7922457-12310217\" data-image-description=\"\" data-image-caption=\"\" data-large-file=\"https:\/\/i0.wp.com\/sven-teuber.info\/wordpress\/wp-content\/uploads\/2015\/06\/7922457-12310217.jpg?fit=540%2C765&amp;ssl=1\" class=\" size-full wp-image-2889 aligncenter\" src=\"https:\/\/i0.wp.com\/sven-teuber.info\/wordpress\/wp-content\/uploads\/2015\/06\/7922457-12310217.jpg?resize=540%2C765&#038;ssl=1\" alt=\"7922457-12310217\" width=\"540\" height=\"765\" srcset=\"https:\/\/i0.wp.com\/sven-teuber.info\/wordpress\/wp-content\/uploads\/2015\/06\/7922457-12310217.jpg?w=540&amp;ssl=1 540w, https:\/\/i0.wp.com\/sven-teuber.info\/wordpress\/wp-content\/uploads\/2015\/06\/7922457-12310217.jpg?resize=212%2C300&amp;ssl=1 212w, https:\/\/i0.wp.com\/sven-teuber.info\/wordpress\/wp-content\/uploads\/2015\/06\/7922457-12310217.jpg?resize=169%2C240&amp;ssl=1 169w\" sizes=\"auto, (max-width: 540px) 100vw, 540px\" \/><\/a><\/p>\n","protected":false},"excerpt":{"rendered":"<p>Comp\u00e9tence Photo vous offre votre invitation pour le Salon de la Photo 2015 Paris. Comme chaque ann\u00e9e, Comp\u00e9tence Photo vous permet d&#8217;obtenir le pr\u00e9cieux s\u00e9same pour vous rendre gratuitement au Salon de la Photo (valeur 11 \u20ac). L&#8217;\u00e9dition 2015 aura &hellip; <a href=\"https:\/\/sven-teuber.info\/wordpress\/salon-de-la-photo-2015-du-5-au-9-novembre-a-paris-expo-porte-de-versailles\/\">Weiterlesen <span class=\"meta-nav\">&rarr;<\/span><\/a><\/p>\n","protected":false},"author":2,"featured_media":0,"comment_status":"open","ping_status":"open","sticky":false,"template":"","format":"aside","meta":{"_crdt_document":"","jetpack_post_was_ever_published":false,"_jetpack_newsletter_access":"","_jetpack_dont_email_post_to_subs":false,"_jetpack_newsletter_tier_id":0,"_jetpack_memberships_contains_paywalled_content":false,"_jetpack_memberships_contains_paid_content":false,"footnotes":"","jetpack_publicize_message":"","jetpack_publicize_feature_enabled":true,"jetpack_social_post_already_shared":true,"jetpack_social_options":{"image_generator_settings":{"template":"highway","default_image_id":0,"font":"","enabled":false},"version":2}},"categories":[23,4],"tags":[],"class_list":["post-2888","post","type-post","status-publish","format-aside","hentry","category-events","category-exhibition","post_format-post-format-aside"],"jetpack_publicize_connections":[],"jetpack_featured_media_url":"","jetpack_sharing_enabled":true,"jetpack_shortlink":"https:\/\/wp.me\/p3CWBT-KA","jetpack-related-posts":[{"id":2406,"url":"https:\/\/sven-teuber.info\/wordpress\/salon-de-la-photo-2014-du-13-au-17-novembre-a-paris\/","url_meta":{"origin":2888,"position":0},"title":"Salon de la Photo 2014, du 13 au 17 novembre \u00e0 Paris","author":"steuber","date":"31. Oktober 2014","format":false,"excerpt":"Comp\u00e9tence Photo vous offre votre invitation pour le Salon de la Photo 2014 Comme chaque ann\u00e9e, Comp\u00e9tence Photo vous permet d'obtenir le pr\u00e9cieux s\u00e9same pour vous rendre gratuitement au Salon de la Photo (valeur 11 \u20ac). L'\u00e9dition 2014 aura lieu cette ann\u00e9e du 13 au 17 novembre \u00e0 Paris Expo,\u2026","rel":"","context":"In &quot;Allgemein&quot;","block_context":{"text":"Allgemein","link":"https:\/\/sven-teuber.info\/wordpress\/category\/allgemein\/"},"img":{"alt_text":"","src":"","width":0,"height":0},"classes":[]},{"id":4198,"url":"https:\/\/sven-teuber.info\/wordpress\/lettre-ouverte-au-ministere-de-leducation-nationale\/","url_meta":{"origin":2888,"position":1},"title":"Lettre ouverte au Minist\u00e8re de l\u2019Education nationale","author":"steuber","date":"8. September 2017","format":"chat","excerpt":"Minist\u00e8re de l\u2019Education nationale, Monsieur Jean-Michel Blanquer, Ministre de l\u2019Education nationale, Madame Fr\u00e9d\u00e9rique Vidal, Ministre de l\u2019Enseignement sup\u00e9rieur et de la Recherche, Je souhaiterais, par la pr\u00e9sente, vous faire part de quelques constats regrettables relatifs au fonctionnement de votre administration \/ vos administrations. Vivant en Allemagne, ces dysfonctionnements me sont\u2026","rel":"","context":"In &quot;For your Information&quot;","block_context":{"text":"For your Information","link":"https:\/\/sven-teuber.info\/wordpress\/category\/for-your-information\/"},"img":{"alt_text":"","src":"https:\/\/i0.wp.com\/sven-teuber.info\/wordpress\/wp-content\/uploads\/2017\/09\/Linien-2.jpg?resize=350%2C200","width":350,"height":200,"srcset":"https:\/\/i0.wp.com\/sven-teuber.info\/wordpress\/wp-content\/uploads\/2017\/09\/Linien-2.jpg?resize=350%2C200 1x, https:\/\/i0.wp.com\/sven-teuber.info\/wordpress\/wp-content\/uploads\/2017\/09\/Linien-2.jpg?resize=525%2C300 1.5x, https:\/\/i0.wp.com\/sven-teuber.info\/wordpress\/wp-content\/uploads\/2017\/09\/Linien-2.jpg?resize=700%2C400 2x"},"classes":[]},{"id":2397,"url":"https:\/\/sven-teuber.info\/wordpress\/fernand-leger-et-la-grande-guerre-25-oct-14-2-fevr-15\/","url_meta":{"origin":2888,"position":2},"title":"Fernand L\u00e9ger et la Grande Guerre \/ 25.oct.14-2.f\u00e9vr.15","author":"steuber","date":"23. Oktober 2014","format":false,"excerpt":"22 octobre 2014 X 87213 destinataires AH QUE LA GUERRE EST CUBISTE ! FERNAND L\u00c9GER ET LA GRANDE GUERRE MUS\u00c9E FERNAND L\u00c9GER, BIOT \/ 25 OCT. 2014 - 2 F\u00c9VR. 2015 Ah que la guerre est cubiste ! Fernand L\u00e9ger et la Grande Guerre Mus\u00e9e national Fernand L\u00e9ger, Biot 25\u2026","rel":"","context":"In &quot;Allgemein&quot;","block_context":{"text":"Allgemein","link":"https:\/\/sven-teuber.info\/wordpress\/category\/allgemein\/"},"img":{"alt_text":"","src":"https:\/\/i0.wp.com\/www.paris-art.com\/img_news\/artinfo\/parisARTinfo2.jpg?resize=350%2C200","width":350,"height":200},"classes":[]},{"id":2192,"url":"https:\/\/sven-teuber.info\/wordpress\/aller-en-voiture\/","url_meta":{"origin":2888,"position":3},"title":"Aller en voiture","author":"steuber","date":"15. Juni 2014","format":"image","excerpt":"90x60 cm, Title: Belle voiture I; for sale Parmi les \u00e9v\u00e9nements traditionnels, et outre le Salon international de l'automobile ancien qui est l'\u00e9v\u00e9nement annuel le plus important de Cologne et l'un des cinq \"majors\" au monde. Les amateurs de voitures allemandes (et plus particuli\u00e8rement les concepts) ont des raisons de\u2026","rel":"","context":"In &quot;Foto-stretch&quot;","block_context":{"text":"Foto-stretch","link":"https:\/\/sven-teuber.info\/wordpress\/category\/foto-stretch\/"},"img":{"alt_text":"Koeln","src":"https:\/\/i0.wp.com\/sven-teuber.info\/wordpress\/wp-content\/uploads\/2014\/06\/Koeln.jpg?resize=350%2C200","width":350,"height":200,"srcset":"https:\/\/i0.wp.com\/sven-teuber.info\/wordpress\/wp-content\/uploads\/2014\/06\/Koeln.jpg?resize=350%2C200 1x, https:\/\/i0.wp.com\/sven-teuber.info\/wordpress\/wp-content\/uploads\/2014\/06\/Koeln.jpg?resize=525%2C300 1.5x"},"classes":[]},{"id":2509,"url":"https:\/\/sven-teuber.info\/wordpress\/2509\/","url_meta":{"origin":2888,"position":4},"title":"Bonjour, KRM\u00a0est un couple d\u2019artistes\u2026","author":"steuber","date":"5. Dezember 2014","format":"aside","excerpt":"Bonjour, KRM\u00a0est un couple d\u2019artistes franco-allemand qui r\u00e9alise des murs imaginaires sur du bois. Venez le d\u00e9couvrir \u00e0 l\u2019Espace Art et Cr\u00e9ation de Charenton, en cliquant directement sur\u00a0: http:\/\/newsarttoday.tv\/expo\/krm-au-centre-art-liberte-charenton\/ Nous vous invitons \u00e0 d\u00e9couvrir les grands \u00e9v\u00e8nements d\u2019art contemporain, les expositions, les galeries, mus\u00e9es et centres d\u2019art contemporain sur notre\u2026","rel":"","context":"In &quot;Exhibition&quot;","block_context":{"text":"Exhibition","link":"https:\/\/sven-teuber.info\/wordpress\/category\/exhibition\/"},"img":{"alt_text":"","src":"","width":0,"height":0},"classes":[]},{"id":3339,"url":"https:\/\/sven-teuber.info\/wordpress\/quand-lallemagne-bien-pensante-perd-le-controle-delle-meme\/","url_meta":{"origin":2888,"position":5},"title":"Quand l\u2019Allemagne bien-pensante perd le contr\u00f4le d\u2019elle-m\u00eame.","author":"steuber","date":"29. Januar 2016","format":false,"excerpt":"Fin de l\u2019\u00e9t\u00e9 2015, tout partait d\u2019un bon sentiment : Angela Merkel s\u2019apitoie sur le sort des r\u00e9fugi\u00e9s qui affluent aux fronti\u00e8res europ\u00e9ennes, des images insupportables tournent en boucle, et, contrairement \u00e0 ses habitudes empreintes de pragmatisme, elle d\u00e9cide en solo de faire de l\u2019Allemagne une terre d\u2019accueil et des\u2026","rel":"","context":"In &quot;For your Information&quot;","block_context":{"text":"For your Information","link":"https:\/\/sven-teuber.info\/wordpress\/category\/for-your-information\/"},"img":{"alt_text":"","src":"","width":0,"height":0},"classes":[]}],"jetpack_likes_enabled":true,"_links":{"self":[{"href":"https:\/\/sven-teuber.info\/wordpress\/wp-json\/wp\/v2\/posts\/2888","targetHints":{"allow":["GET"]}}],"collection":[{"href":"https:\/\/sven-teuber.info\/wordpress\/wp-json\/wp\/v2\/posts"}],"about":[{"href":"https:\/\/sven-teuber.info\/wordpress\/wp-json\/wp\/v2\/types\/post"}],"author":[{"embeddable":true,"href":"https:\/\/sven-teuber.info\/wordpress\/wp-json\/wp\/v2\/users\/2"}],"replies":[{"embeddable":true,"href":"https:\/\/sven-teuber.info\/wordpress\/wp-json\/wp\/v2\/comments?post=2888"}],"version-history":[{"count":4,"href":"https:\/\/sven-teuber.info\/wordpress\/wp-json\/wp\/v2\/posts\/2888\/revisions"}],"predecessor-version":[{"id":2891,"href":"https:\/\/sven-teuber.info\/wordpress\/wp-json\/wp\/v2\/posts\/2888\/revisions\/2891"}],"wp:attachment":[{"href":"https:\/\/sven-teuber.info\/wordpress\/wp-json\/wp\/v2\/media?parent=2888"}],"wp:term":[{"taxonomy":"category","embeddable":true,"href":"https:\/\/sven-teuber.info\/wordpress\/wp-json\/wp\/v2\/categories?post=2888"},{"taxonomy":"post_tag","embeddable":true,"href":"https:\/\/sven-teuber.info\/wordpress\/wp-json\/wp\/v2\/tags?post=2888"}],"curies":[{"name":"wp","href":"https:\/\/api.w.org\/{rel}","templated":true}]}}