{"id":32,"date":"2013-02-02T15:44:05","date_gmt":"2013-02-02T14:44:05","guid":{"rendered":"http:\/\/sven-teuber.info\/wordpress\/?p=32"},"modified":"2013-02-02T15:47:03","modified_gmt":"2013-02-02T14:47:03","slug":"nachruf-zu-dem-haussperling-spatz-vogel-des-jahres-2012","status":"publish","type":"post","link":"https:\/\/sven-teuber.info\/wordpress\/nachruf-zu-dem-haussperling-spatz-vogel-des-jahres-2012\/","title":{"rendered":"Nachruf zu dem Haussperling (Spatz) Vogel des Jahres 2012"},"content":{"rendered":"<p>Er sucht die N\u00e4he zum Menschen und verschwindet dabei fast unbemerkt aus unseren St\u00e4dten. Wir nehmen den Verlust dieses geselligen Tieres kaum war. Um diesem Artensterben des Spatzes die notwendige Aufmerksamkeit zu geben, entstand dieser Nachruf&#8230;..<a title=\"Nachruf zu dem Haussperling (Spatz) Vogel des Jahres 2012\" href=\"http:\/\/sven-teuber.info\/projekt%20nachruf.htm\" target=\"_blank\">Zum weiterlesen lesen<\/a><\/p>\n<p><a href=\"https:\/\/i0.wp.com\/sven-teuber.info\/wordpress\/wp-content\/uploads\/2013\/02\/Spatzen-A1.jpg?ssl=1\" rel=\"lightbox[32]\"><img data-recalc-dims=\"1\" loading=\"lazy\" decoding=\"async\" data-attachment-id=\"36\" data-permalink=\"https:\/\/sven-teuber.info\/wordpress\/nachruf-zu-dem-haussperling-spatz-vogel-des-jahres-2012\/spatzen-a-2\/\" data-orig-file=\"https:\/\/i0.wp.com\/sven-teuber.info\/wordpress\/wp-content\/uploads\/2013\/02\/Spatzen-A1.jpg?fit=400%2C302&amp;ssl=1\" data-orig-size=\"400,302\" data-comments-opened=\"1\" data-image-meta=\"{&quot;aperture&quot;:&quot;0&quot;,&quot;credit&quot;:&quot;&quot;,&quot;camera&quot;:&quot;&quot;,&quot;caption&quot;:&quot;&quot;,&quot;created_timestamp&quot;:&quot;1359223215&quot;,&quot;copyright&quot;:&quot;&quot;,&quot;focal_length&quot;:&quot;0&quot;,&quot;iso&quot;:&quot;0&quot;,&quot;shutter_speed&quot;:&quot;0&quot;,&quot;title&quot;:&quot;&quot;}\" data-image-title=\"Vogel des Jahres 2012\" data-image-description=\"\" data-image-caption=\"\" data-large-file=\"https:\/\/i0.wp.com\/sven-teuber.info\/wordpress\/wp-content\/uploads\/2013\/02\/Spatzen-A1.jpg?fit=400%2C302&amp;ssl=1\" class=\"alignnone size-medium wp-image-36\" alt=\"Vogel des Jahres 2012\" src=\"https:\/\/i0.wp.com\/sven-teuber.info\/wordpress\/wp-content\/uploads\/2013\/02\/Spatzen-A1.jpg?resize=300%2C226&#038;ssl=1\" width=\"300\" height=\"226\" srcset=\"https:\/\/i0.wp.com\/sven-teuber.info\/wordpress\/wp-content\/uploads\/2013\/02\/Spatzen-A1.jpg?resize=300%2C226&amp;ssl=1 300w, https:\/\/i0.wp.com\/sven-teuber.info\/wordpress\/wp-content\/uploads\/2013\/02\/Spatzen-A1.jpg?w=400&amp;ssl=1 400w\" sizes=\"auto, (max-width: 300px) 100vw, 300px\" \/><\/a><br \/>\nTitel: <i>Vogel des Jahres 2012<\/i><\/p>\n","protected":false},"excerpt":{"rendered":"<p>Er sucht die N\u00e4he zum Menschen und verschwindet dabei fast unbemerkt aus unseren St\u00e4dten. Wir nehmen den Verlust dieses geselligen Tieres kaum war. Um diesem Artensterben des Spatzes die notwendige Aufmerksamkeit zu geben, entstand dieser Nachruf&#8230;..Zum weiterlesen lesen Titel: Vogel &hellip; <a href=\"https:\/\/sven-teuber.info\/wordpress\/nachruf-zu-dem-haussperling-spatz-vogel-des-jahres-2012\/\">Weiterlesen <span class=\"meta-nav\">&rarr;<\/span><\/a><\/p>\n","protected":false},"author":2,"featured_media":0,"comment_status":"open","ping_status":"closed","sticky":false,"template":"","format":"standard","meta":{"_crdt_document":"","jetpack_post_was_ever_published":false,"_jetpack_newsletter_access":"","_jetpack_dont_email_post_to_subs":false,"_jetpack_newsletter_tier_id":0,"_jetpack_memberships_contains_paywalled_content":false,"_jetpack_memberships_contains_paid_content":false,"footnotes":"","jetpack_publicize_message":"","jetpack_publicize_feature_enabled":true,"jetpack_social_post_already_shared":false,"jetpack_social_options":{"image_generator_settings":{"template":"highway","default_image_id":0,"font":"","enabled":false},"version":2}},"categories":[8],"tags":[11],"class_list":["post-32","post","type-post","status-publish","format-standard","hentry","category-foto-stretch","tag-projekt"],"jetpack_publicize_connections":[],"jetpack_featured_media_url":"","jetpack_sharing_enabled":true,"jetpack_shortlink":"https:\/\/wp.me\/p3CWBT-w","jetpack-related-posts":[{"id":5863,"url":"https:\/\/sven-teuber.info\/wordpress\/titel-schreie\/","url_meta":{"origin":32,"position":0},"title":"Titel: Schreie","author":"steuber","date":"16. Februar 2023","format":false,"excerpt":"Titel: Schreie, ST 2023 FRIEDRICH NIETZSCHE Die Kr\u00e4hen schrei\u2019n Die Kr\u00e4hen schrei\u2019nUnd ziehen schwirren Flugs zur Stadt:Bald wird es schnei\u2019n \u2013Wohl dem, der jetzt noch \u2013 Heimat hat! Nun stehst du starr,Schaust r\u00fcckw\u00e4rts ach! wie lange schon!Was bist du NarrVor Winters in die Welt \u2013 entflohn? Die Welt \u2013 ein\u2026","rel":"","context":"In &quot;Allgemein&quot;","block_context":{"text":"Allgemein","link":"https:\/\/sven-teuber.info\/wordpress\/category\/allgemein\/"},"img":{"alt_text":"","src":"https:\/\/i0.wp.com\/sven-teuber.info\/wordpress\/wp-content\/uploads\/2023\/02\/Schreie.jpg?resize=350%2C200&ssl=1","width":350,"height":200,"srcset":"https:\/\/i0.wp.com\/sven-teuber.info\/wordpress\/wp-content\/uploads\/2023\/02\/Schreie.jpg?resize=350%2C200&ssl=1 1x, https:\/\/i0.wp.com\/sven-teuber.info\/wordpress\/wp-content\/uploads\/2023\/02\/Schreie.jpg?resize=525%2C300&ssl=1 1.5x, https:\/\/i0.wp.com\/sven-teuber.info\/wordpress\/wp-content\/uploads\/2023\/02\/Schreie.jpg?resize=700%2C400&ssl=1 2x, https:\/\/i0.wp.com\/sven-teuber.info\/wordpress\/wp-content\/uploads\/2023\/02\/Schreie.jpg?resize=1050%2C600&ssl=1 3x"},"classes":[]},{"id":3957,"url":"https:\/\/sven-teuber.info\/wordpress\/was-wird-aus-unserer-rente\/","url_meta":{"origin":32,"position":1},"title":"Was wird aus unserer Rente?","author":"steuber","date":"15. Januar 2017","format":false,"excerpt":"Die Rentenreform 1957 und ihre Folgen \"Vor 50 Jahren wurde in Deutschland die so genannte dynamische Rente eingef\u00fchrt. Die Kopplung der Altersbez\u00fcge an die Lohnentwicklung sicherte den Ruhest\u00e4ndlern Wohlstand im Alter und bescherte der Politik die gr\u00f6\u00dfte Reformbaustelle der Nachkriegsgeschichte\" . Weiterlesen..... Von Gode Japs Quelle: Deutschlandfunk, 22.01.2007 Winfried Schm\u00e4hl\u2026","rel":"","context":"In &quot;Allgemein&quot;","block_context":{"text":"Allgemein","link":"https:\/\/sven-teuber.info\/wordpress\/category\/allgemein\/"},"img":{"alt_text":"","src":"https:\/\/i0.wp.com\/sven-teuber.info\/wordpress\/wp-content\/uploads\/2017\/01\/spd_plakat_1957.jpg?resize=350%2C200","width":350,"height":200,"srcset":"https:\/\/i0.wp.com\/sven-teuber.info\/wordpress\/wp-content\/uploads\/2017\/01\/spd_plakat_1957.jpg?resize=350%2C200 1x, https:\/\/i0.wp.com\/sven-teuber.info\/wordpress\/wp-content\/uploads\/2017\/01\/spd_plakat_1957.jpg?resize=525%2C300 1.5x"},"classes":[]},{"id":5364,"url":"https:\/\/sven-teuber.info\/wordpress\/titel-von-ameisen-und-wuermern-2020-st\/","url_meta":{"origin":32,"position":2},"title":"Titel: Von Ameisen und W\u00fcrmern, 2020, ST","author":"steuber","date":"10. November 2020","format":false,"excerpt":"Von der Aufmerksamkeits-\u00d6konomie zur desinformierten Gesellschaft? Die Desinformations-Flut in den Medien, Suchmaschinen und sozialen Netzwerken l\u00e4sst sich als Ergebnis einer medien\u00f6konomischen Entwicklung verstehen. Verantwortlich f\u00fcr eine Verbesserung der Situation sind aber nicht nur die Plattformen, sondern auch das Publikum und die Politik. Warum Europa \"Allianzen f\u00fcr die Aufkl\u00e4rung\" braucht. Je\u2026","rel":"","context":"In &quot;Allgemein&quot;","block_context":{"text":"Allgemein","link":"https:\/\/sven-teuber.info\/wordpress\/category\/allgemein\/"},"img":{"alt_text":"","src":"https:\/\/i0.wp.com\/sven-teuber.info\/wordpress\/wp-content\/uploads\/2020\/11\/Ameise-scaled.jpg?resize=350%2C200&ssl=1","width":350,"height":200,"srcset":"https:\/\/i0.wp.com\/sven-teuber.info\/wordpress\/wp-content\/uploads\/2020\/11\/Ameise-scaled.jpg?resize=350%2C200&ssl=1 1x, https:\/\/i0.wp.com\/sven-teuber.info\/wordpress\/wp-content\/uploads\/2020\/11\/Ameise-scaled.jpg?resize=525%2C300&ssl=1 1.5x, https:\/\/i0.wp.com\/sven-teuber.info\/wordpress\/wp-content\/uploads\/2020\/11\/Ameise-scaled.jpg?resize=700%2C400&ssl=1 2x, https:\/\/i0.wp.com\/sven-teuber.info\/wordpress\/wp-content\/uploads\/2020\/11\/Ameise-scaled.jpg?resize=1050%2C600&ssl=1 3x, https:\/\/i0.wp.com\/sven-teuber.info\/wordpress\/wp-content\/uploads\/2020\/11\/Ameise-scaled.jpg?resize=1400%2C800&ssl=1 4x"},"classes":[]},{"id":4150,"url":"https:\/\/sven-teuber.info\/wordpress\/titel-dada-is-not-selfie\/","url_meta":{"origin":32,"position":3},"title":"Titel: &#8222;Dada is not Selfie&#8220;","author":"steuber","date":"14. Mai 2017","format":false,"excerpt":"Aktuelles DAS SELFIE-PROJEKT Gruppenausstellung K\u00fcnstlernetzwerk crossart international Galerie & Antiquariat Rolf Hartung Beteiligte K\u00fcnstler: matoon, Torsten Wolber, LEONI A. J\u00e4kel, Bina Placzek-Theisen, Ebba Jahn, Peter M\u00fcck, Karin M\u00fchlwitz (kam\u00fa), Sylvia Reu\u00dfe, Sylvia D\u00f6lz, Petra Nettesheim, Manfred F\u00fcrth, Gitti Richardson, Chris Schulz, Hans Kohl, Alexis Derchain, Sven Teuber, Gabriele M\u00fcller, Jochen\u2026","rel":"","context":"In &quot;Exhibition&quot;","block_context":{"text":"Exhibition","link":"https:\/\/sven-teuber.info\/wordpress\/category\/exhibition\/"},"img":{"alt_text":"","src":"https:\/\/i0.wp.com\/sven-teuber.info\/wordpress\/wp-content\/uploads\/2017\/05\/Dada-is-not-Selfie.jpg?resize=350%2C200","width":350,"height":200,"srcset":"https:\/\/i0.wp.com\/sven-teuber.info\/wordpress\/wp-content\/uploads\/2017\/05\/Dada-is-not-Selfie.jpg?resize=350%2C200 1x, https:\/\/i0.wp.com\/sven-teuber.info\/wordpress\/wp-content\/uploads\/2017\/05\/Dada-is-not-Selfie.jpg?resize=525%2C300 1.5x, https:\/\/i0.wp.com\/sven-teuber.info\/wordpress\/wp-content\/uploads\/2017\/05\/Dada-is-not-Selfie.jpg?resize=700%2C400 2x, https:\/\/i0.wp.com\/sven-teuber.info\/wordpress\/wp-content\/uploads\/2017\/05\/Dada-is-not-Selfie.jpg?resize=1050%2C600 3x"},"classes":[]},{"id":2611,"url":"https:\/\/sven-teuber.info\/wordpress\/arthur-schopenhauer\/","url_meta":{"origin":32,"position":4},"title":"Arthur Schopenhauer","author":"steuber","date":"15. Januar 2015","format":false,"excerpt":"Das grundlegend neue Motiv, das Schopenhauer in die Philosophie einf\u00fchrt, ist die Vorrangstellung des Willens, des Willens insbesondere gegen\u00fcber der Erkenntnis. Das klingt f\u00fcr heutige Ohren banal, bedeutete aber im 19. Jahrhundert eine echte Revolution. Dessen war sich Schopenhauer voll und ganz bewu\u00dft: \u201eDer Grundzug\", schreibt er, \u201eder Grundzug meiner\u2026","rel":"","context":"In &quot;Allgemein&quot;","block_context":{"text":"Allgemein","link":"https:\/\/sven-teuber.info\/wordpress\/category\/allgemein\/"},"img":{"alt_text":"","src":"","width":0,"height":0},"classes":[]},{"id":3128,"url":"https:\/\/sven-teuber.info\/wordpress\/jeder-versuch-den-himmel-auf-erden-einzurichten-erzeugt-stets-die-hoelle\/","url_meta":{"origin":32,"position":5},"title":"&#8222;Jeder Versuch, den Himmel auf Erden einzurichten, erzeugt stets die H\u00f6lle\u201c","author":"steuber","date":"20. November 2015","format":"quote","excerpt":"Jeder Versuch, den Himmel auf Erden einzurichten, erzeugt stets die H\u00f6lle Nach den Terrorattacken von Paris reden alle \u00fcber die offene Gesellschaft. Hinter dem Konzept steht der Philosoph Karl Popper. Ist seine Renaissance gerechtfertigt? Ja, sagt Florian Kech, weiter....lesen Vom Autor Florian Kech erschien das Buch \"Kritik der holistischen Vernunft.\u2026","rel":"","context":"In &quot;For your Information&quot;","block_context":{"text":"For your Information","link":"https:\/\/sven-teuber.info\/wordpress\/category\/for-your-information\/"},"img":{"alt_text":"","src":"","width":0,"height":0},"classes":[]}],"jetpack_likes_enabled":true,"_links":{"self":[{"href":"https:\/\/sven-teuber.info\/wordpress\/wp-json\/wp\/v2\/posts\/32","targetHints":{"allow":["GET"]}}],"collection":[{"href":"https:\/\/sven-teuber.info\/wordpress\/wp-json\/wp\/v2\/posts"}],"about":[{"href":"https:\/\/sven-teuber.info\/wordpress\/wp-json\/wp\/v2\/types\/post"}],"author":[{"embeddable":true,"href":"https:\/\/sven-teuber.info\/wordpress\/wp-json\/wp\/v2\/users\/2"}],"replies":[{"embeddable":true,"href":"https:\/\/sven-teuber.info\/wordpress\/wp-json\/wp\/v2\/comments?post=32"}],"version-history":[{"count":3,"href":"https:\/\/sven-teuber.info\/wordpress\/wp-json\/wp\/v2\/posts\/32\/revisions"}],"predecessor-version":[{"id":34,"href":"https:\/\/sven-teuber.info\/wordpress\/wp-json\/wp\/v2\/posts\/32\/revisions\/34"}],"wp:attachment":[{"href":"https:\/\/sven-teuber.info\/wordpress\/wp-json\/wp\/v2\/media?parent=32"}],"wp:term":[{"taxonomy":"category","embeddable":true,"href":"https:\/\/sven-teuber.info\/wordpress\/wp-json\/wp\/v2\/categories?post=32"},{"taxonomy":"post_tag","embeddable":true,"href":"https:\/\/sven-teuber.info\/wordpress\/wp-json\/wp\/v2\/tags?post=32"}],"curies":[{"name":"wp","href":"https:\/\/api.w.org\/{rel}","templated":true}]}}