{"id":3284,"date":"2016-01-12T20:30:27","date_gmt":"2016-01-12T19:30:27","guid":{"rendered":"http:\/\/sven-teuber.info\/wordpress\/?p=3284"},"modified":"2016-01-12T14:52:15","modified_gmt":"2016-01-12T13:52:15","slug":"religion-und-politik-in-der-islamischen-welt","status":"publish","type":"post","link":"https:\/\/sven-teuber.info\/wordpress\/religion-und-politik-in-der-islamischen-welt\/","title":{"rendered":"Religion und Politik in der islamischen Welt"},"content":{"rendered":"<h4>Religion und Politik in der islamischen Welt<\/h4>\n<p><b>&#8222;Der Islam ist Religion und Staat!&#8220; Diese Behauptung, dass im Islam die religi\u00f6sen und politischen Sph\u00e4ren eine inh\u00e4rente Einheit bilden, wird mittlerweile von islamischen Aktivisten und zahlreichen westlichen Analysten gleicherma\u00dfen vorgetragen. <\/b><\/p>\n<p>Autor: Professor <a href=\"http:\/\/findresearcher.sdu.dk\/portal\/en\/person\/jung\" target=\"_blank\">Dietrich Jung<\/a><br \/>\nPolitical Science and Islamic Studies<\/p>\n<p>Artikel ist in der Bundeszentrale f\u00fcr politische Bildung am <b><i>31.10.2002<\/i><\/b> erschienen.<\/p>\n<h2 class=\"red h2inline\">I. Einleitung<\/h2>\n<p>&#8222;In seinem Buch <i>Die politische Sprache des Islam<\/i> hat der bekannte Historiker und Islamwissenschaftler Bernard Lewis den Versuch islamischer Gesellschaften, eine der europ\u00e4ischen Moderne entsprechende Trennung religi\u00f6ser und politischer Sph\u00e4ren vorzunehmen, als einen m\u00f6glicherweise &#8222;widernat\u00fcrlichen Irrweg&#8220; bezeichnet. Dieser sei im Iran an sein Ende gekommen&#8230;.. <a href=\"http:\/\/www.bpb.de\/apuz\/26670\/religion-und-politik-in-der-islamischen-welt?p=all\" target=\"_blank\">Weiterlesen<\/a>&#8230;&#8220;<\/p>\n<p>&nbsp;<\/p>\n","protected":false},"excerpt":{"rendered":"<p>Religion und Politik in der islamischen Welt &#8222;Der Islam ist Religion und Staat!&#8220; Diese Behauptung, dass im Islam die religi\u00f6sen und politischen Sph\u00e4ren eine inh\u00e4rente Einheit bilden, wird mittlerweile von islamischen Aktivisten und zahlreichen westlichen Analysten gleicherma\u00dfen vorgetragen. Autor: Professor &hellip; <a href=\"https:\/\/sven-teuber.info\/wordpress\/religion-und-politik-in-der-islamischen-welt\/\">Weiterlesen <span class=\"meta-nav\">&rarr;<\/span><\/a><\/p>\n","protected":false},"author":2,"featured_media":0,"comment_status":"open","ping_status":"open","sticky":false,"template":"","format":"quote","meta":{"_crdt_document":"","jetpack_post_was_ever_published":false,"_jetpack_newsletter_access":"","_jetpack_dont_email_post_to_subs":false,"_jetpack_newsletter_tier_id":0,"_jetpack_memberships_contains_paywalled_content":false,"_jetpack_memberships_contains_paid_content":false,"footnotes":"","jetpack_publicize_message":"","jetpack_publicize_feature_enabled":true,"jetpack_social_post_already_shared":true,"jetpack_social_options":{"image_generator_settings":{"template":"highway","default_image_id":0,"font":"","enabled":false},"version":2}},"categories":[3],"tags":[332,140,52],"class_list":["post-3284","post","type-post","status-publish","format-quote","hentry","category-for-your-information","tag-dietrich-jung","tag-islam","tag-philosophie-et-religion","post_format-post-format-quote"],"jetpack_publicize_connections":[],"jetpack_featured_media_url":"","jetpack_sharing_enabled":true,"jetpack_shortlink":"https:\/\/wp.me\/p3CWBT-QY","jetpack-related-posts":[{"id":3717,"url":"https:\/\/sven-teuber.info\/wordpress\/deutschland-und-seine-hoch-gehaltene-religionsfreiheit\/","url_meta":{"origin":3284,"position":0},"title":"Deutschland und seine hoch gehaltene Religionsfreiheit","author":"steuber","date":"21. August 2016","format":"gallery","excerpt":"Islamismus auf dem Vormarsch, Anschl\u00e4ge im Namen Allahs (Gott ist wohl eher b\u00f6se als gro\u00df\u2026), \u2018islamkonforme\u2019 sexuelle \u00dcbergriffe und Frauenverachtung, \u2019islambedingter\u2019 Homosexuellen- und Judenhass, Millionen Muslime auf der Flucht aus islamischen L\u00e4ndern in die L\u00e4nder der Ungl\u00e4ubigen: Die Fl\u00fcchtlingskrise hat es in sich und f\u00fchrte zu vergifteten Debatten \u00fcber die\u2026","rel":"","context":"In &quot;Allgemein&quot;","block_context":{"text":"Allgemein","link":"https:\/\/sven-teuber.info\/wordpress\/category\/allgemein\/"},"img":{"alt_text":"Marx","src":"https:\/\/i0.wp.com\/sven-teuber.info\/wordpress\/wp-content\/uploads\/2016\/08\/Marx.jpg?resize=350%2C200","width":350,"height":200,"srcset":"https:\/\/i0.wp.com\/sven-teuber.info\/wordpress\/wp-content\/uploads\/2016\/08\/Marx.jpg?resize=350%2C200 1x, https:\/\/i0.wp.com\/sven-teuber.info\/wordpress\/wp-content\/uploads\/2016\/08\/Marx.jpg?resize=525%2C300 1.5x, https:\/\/i0.wp.com\/sven-teuber.info\/wordpress\/wp-content\/uploads\/2016\/08\/Marx.jpg?resize=700%2C400 2x"},"classes":[]},{"id":3711,"url":"https:\/\/sven-teuber.info\/wordpress\/der-gotteswahn\/","url_meta":{"origin":3284,"position":1},"title":"Der Gotteswahn","author":"steuber","date":"20. August 2016","format":false,"excerpt":"Richard Dawkins - Die Sch\u00f6pfungsl\u00fcge und Der Gotteswahn Dawkins gilt als einer der bekanntesten Vertreter des \u201eNeuen Atheismus\" und der sogenannten Brights-Bewegung. \"Kritisches Denken ist der wahre Retter der Menschheit. Seiner Stiftung f\u00f6rdert den Respekt f\u00fcr Menschen, die kritisches Denken als hochgesch\u00e4tzten pers\u00f6nlichen Wert ansehen und diesen im Alltag pflegen\".\u2026","rel":"","context":"In &quot;Allgemein&quot;","block_context":{"text":"Allgemein","link":"https:\/\/sven-teuber.info\/wordpress\/category\/allgemein\/"},"img":{"alt_text":"","src":"","width":0,"height":0},"classes":[]},{"id":3328,"url":"https:\/\/sven-teuber.info\/wordpress\/deutschland-und-der-islam\/","url_meta":{"origin":3284,"position":2},"title":"Deutschland und der Islam","author":"steuber","date":"27. Januar 2016","format":"chat","excerpt":"Seit der islamistischen Anschlagserie 2015 ist eine wenig konstruktive Diskussion \u00fcber den Islam in Deutschland entfacht. Obwohl es unbestreitbar ist, dass der Umgang mit dem Islam immer problematischer wird, wird die Ursache (der Islam selbst) ausgeblendet. F\u00fcr Islamkritiker wie Hamed Abdel-Samad z.B. ist es hierzulande ungem\u00fctlich geworden. Die Kritik ist\u2026","rel":"","context":"In &quot;For your Information&quot;","block_context":{"text":"For your Information","link":"https:\/\/sven-teuber.info\/wordpress\/category\/for-your-information\/"},"img":{"alt_text":"","src":"","width":0,"height":0},"classes":[]},{"id":2729,"url":"https:\/\/sven-teuber.info\/wordpress\/das-kalifat-des-schreckens-ttt-1-februar-2015-23-05-uhr-hr\/","url_meta":{"origin":3284,"position":3},"title":"Das Kalifat des Schreckens. &#8222;ttt&#8220; 1. Februar 2015, 23.05 Uhr, HR","author":"steuber","date":"29. Januar 2015","format":"chat","excerpt":"Das Kalifat des Schreckens\u00a0 und Menschenrechte \"ttt\" 1. Februar 2015, 23.05 Uhr, HR \"M\u00fcnchen (ots) - Geplante Themen: Der Islam geh\u00f6rt zu Deutschland - aber welcher? \"ttt\" \u00fcber die fehlende Kritik am Koran Der Islam geh\u00f6rt zu Deutschland, sagt nicht nur die Kanzlerin. Aber auf welche Weise geh\u00f6rt der Glaube\u2026","rel":"","context":"In &quot;For your Information&quot;","block_context":{"text":"For your Information","link":"https:\/\/sven-teuber.info\/wordpress\/category\/for-your-information\/"},"img":{"alt_text":"","src":"","width":0,"height":0},"classes":[]},{"id":3757,"url":"https:\/\/sven-teuber.info\/wordpress\/islam-islamismus-eine-klaerung-in-aufgeregten-zeiten\/","url_meta":{"origin":3284,"position":4},"title":"Islam \u2013 Islamismus. Eine Kl\u00e4rung in aufgeregten Zeiten","author":"steuber","date":"30. August 2016","format":"quote","excerpt":"Analysen & Argumente, von Thomas Volk, erschienen bei der Konrad Adenauer Stiftung Januar 2015, Ausgabe 164. \"Zum Mitnehmen Unter Islamismus versteht man eine politische Ideologie, die islamische Gebote und Normen als allgemeing\u00fcltige Handlungsanweisungen durchsetzen m\u00f6chte. Islamisten streben einen Staat auf Grundlage islamischer Werte und Gesetze (Scharia) an und lehnen westliche\u2026","rel":"","context":"In &quot;Allgemein&quot;","block_context":{"text":"Allgemein","link":"https:\/\/sven-teuber.info\/wordpress\/category\/allgemein\/"},"img":{"alt_text":"","src":"","width":0,"height":0},"classes":[]},{"id":3310,"url":"https:\/\/sven-teuber.info\/wordpress\/die-wahre-aesthetik-des-islam\/","url_meta":{"origin":3284,"position":5},"title":"Die \u201ewahre\u201c \u00c4sthetik des Islam","author":"steuber","date":"18. Januar 2016","format":false,"excerpt":"Drei Artikel zu dem Thema Kunst im Islam: \"Muss Kunst mit den religi\u00f6sen Geboten des Islam im Einklang stehen? In \u00c4gypten streiten orthodoxe und s\u00e4kulare Muslime dar\u00fcber, wie stark sich die Kunst moralisch engagieren sollte\". 12.12.2012, von Joseph Croitoru, weiterlesen.... Quelle: F.A.Z. Kunst und Islam - Klischees auf dem Pr\u00fcfstand\u2026","rel":"","context":"In &quot;For your Information&quot;","block_context":{"text":"For your Information","link":"https:\/\/sven-teuber.info\/wordpress\/category\/for-your-information\/"},"img":{"alt_text":"","src":"","width":0,"height":0},"classes":[]}],"jetpack_likes_enabled":true,"_links":{"self":[{"href":"https:\/\/sven-teuber.info\/wordpress\/wp-json\/wp\/v2\/posts\/3284","targetHints":{"allow":["GET"]}}],"collection":[{"href":"https:\/\/sven-teuber.info\/wordpress\/wp-json\/wp\/v2\/posts"}],"about":[{"href":"https:\/\/sven-teuber.info\/wordpress\/wp-json\/wp\/v2\/types\/post"}],"author":[{"embeddable":true,"href":"https:\/\/sven-teuber.info\/wordpress\/wp-json\/wp\/v2\/users\/2"}],"replies":[{"embeddable":true,"href":"https:\/\/sven-teuber.info\/wordpress\/wp-json\/wp\/v2\/comments?post=3284"}],"version-history":[{"count":4,"href":"https:\/\/sven-teuber.info\/wordpress\/wp-json\/wp\/v2\/posts\/3284\/revisions"}],"predecessor-version":[{"id":3288,"href":"https:\/\/sven-teuber.info\/wordpress\/wp-json\/wp\/v2\/posts\/3284\/revisions\/3288"}],"wp:attachment":[{"href":"https:\/\/sven-teuber.info\/wordpress\/wp-json\/wp\/v2\/media?parent=3284"}],"wp:term":[{"taxonomy":"category","embeddable":true,"href":"https:\/\/sven-teuber.info\/wordpress\/wp-json\/wp\/v2\/categories?post=3284"},{"taxonomy":"post_tag","embeddable":true,"href":"https:\/\/sven-teuber.info\/wordpress\/wp-json\/wp\/v2\/tags?post=3284"}],"curies":[{"name":"wp","href":"https:\/\/api.w.org\/{rel}","templated":true}]}}