{"id":3310,"date":"2016-01-18T20:30:46","date_gmt":"2016-01-18T19:30:46","guid":{"rendered":"http:\/\/sven-teuber.info\/wordpress\/?p=3310"},"modified":"2016-01-18T12:29:13","modified_gmt":"2016-01-18T11:29:13","slug":"die-wahre-aesthetik-des-islam","status":"publish","type":"post","link":"https:\/\/sven-teuber.info\/wordpress\/die-wahre-aesthetik-des-islam\/","title":{"rendered":"Die \u201ewahre\u201c \u00c4sthetik des Islam"},"content":{"rendered":"<p class=\"Copy\">Drei Artikel zu dem Thema Kunst im Islam:<\/p>\n<p class=\"Copy\">&#8222;<em>Muss Kunst mit den religi\u00f6sen Geboten des Islam im Einklang stehen? In \u00c4gypten streiten orthodoxe und s\u00e4kulare Muslime dar\u00fcber, wie stark sich die Kunst moralisch engagieren sollte&#8220;<\/em>.<\/p>\n<p><span class=\"Autor\"> <span class=\"Datum\">12.12.2012,<\/span> von <span class=\"caps last\"><span class=\"caps last\">Joseph Croitoru<\/span><\/span><\/span>, <a href=\"http:\/\/www.faz.net\/aktuell\/feuilleton\/geisteswissenschaften\/muslimische-kunst-die-wahre-aesthetik-des-islam-11989985.html\" target=\"_blank\">weiterlesen<\/a>&#8230;.<br \/>\n<span class=\"quelle\">Quelle: F.A.Z.<\/span><\/p>\n<h4 class=\"kicker\">Kunst und Islam &#8211; Klischees auf dem Pr\u00fcfstand<\/h4>\n<p>Kunst und Islam<br \/>\n&#8222;<em>Zehn Vorurteile \u00fcber Kunst und Islam und was davon zu halten ist: Zwar wird Kunst aus islamischen L\u00e4ndern immer erfolgreicher, doch ihre Wahrnehmung ist noch immer von Klischees gepr\u00e4gt. art hat sie gepr\u00fcft \u2013 und stellt interessante junge K\u00fcnstler aus dem arabischen Kulturkreis vor<\/em>&#8222;.\u00a0 <a href=\"http:\/\/www.art-magazin.de\/kunst\/6204-rtkl-kunst-und-islam-klischees-auf-dem-pruefstand-kunst-und-islam\" target=\"_blank\">Weiterlesen&#8230;.<\/a><\/p>\n<p>Quelle: art das Kunstmagazin<\/p>\n<p>&nbsp;<\/p>\n<div class=\"article__item\">\n<h4 class=\"article-heading\"><span class=\"article-heading__kicker\"> Islamische Kunst <\/span><span class=\"article-heading__colon\">: <\/span><span class=\"article-heading__title\"> \u00dcberall ist Sure <\/span><\/h4>\n<\/div>\n<div class=\"article__item\">\n<div class=\"summary\">Die Integrationsdebatte in den Museen: Drei Ausstellungen in Bochum, Karlsruhe und M\u00fcnchen \u00fcber islamische Kunst&#8230;<a href=\"http:\/\/www.zeit.de\/2010\/39\/Ausstellungen\" target=\"_blank\">Weiterlesen&#8230;<\/a><\/div>\n<div class=\"byline\">Von <a class=\"byline__author\" href=\"http:\/\/www.zeit.de\/autoren\/R\/Hanno_Rauterberg\/index.xml\">Hanno Rauterberg<\/a><\/div>\n<div class=\"metadata\"><time class=\"metadata__date encoded-date\" datetime=\"2010-09-23T08:00:00+02:00\" data-obfuscated=\"IDIzLiBTZXB0ZW1iZXIgMjAxMCwgODowMCBVaHI=\"> <\/time><span class=\"metadata__source encoded-date\" data-obfuscated=\"UXVlbGxlOiBESUUgWkVJVCwgMjMuMDkuMjAxMCBOci4gMzk=\">Quelle: DIE ZEIT, 23.09.2010 Nr. 39<\/span><\/div>\n<\/div>\n<p>&nbsp;<\/p>\n","protected":false},"excerpt":{"rendered":"<p>Drei Artikel zu dem Thema Kunst im Islam: &#8222;Muss Kunst mit den religi\u00f6sen Geboten des Islam im Einklang stehen? In \u00c4gypten streiten orthodoxe und s\u00e4kulare Muslime dar\u00fcber, wie stark sich die Kunst moralisch engagieren sollte&#8220;. 12.12.2012, von Joseph Croitoru, weiterlesen&#8230;. &hellip; <a href=\"https:\/\/sven-teuber.info\/wordpress\/die-wahre-aesthetik-des-islam\/\">Weiterlesen <span class=\"meta-nav\">&rarr;<\/span><\/a><\/p>\n","protected":false},"author":2,"featured_media":0,"comment_status":"open","ping_status":"open","sticky":false,"template":"","format":"standard","meta":{"_crdt_document":"","jetpack_post_was_ever_published":false,"_jetpack_newsletter_access":"","_jetpack_dont_email_post_to_subs":false,"_jetpack_newsletter_tier_id":0,"_jetpack_memberships_contains_paywalled_content":false,"_jetpack_memberships_contains_paid_content":false,"footnotes":"","jetpack_publicize_message":"","jetpack_publicize_feature_enabled":true,"jetpack_social_post_already_shared":true,"jetpack_social_options":{"image_generator_settings":{"template":"highway","default_image_id":0,"font":"","enabled":false},"version":2}},"categories":[3],"tags":[238,339,140,28],"class_list":["post-3310","post","type-post","status-publish","format-standard","hentry","category-for-your-information","tag-art","tag-aesthetik","tag-islam","tag-kunst"],"jetpack_publicize_connections":[],"jetpack_featured_media_url":"","jetpack_sharing_enabled":true,"jetpack_shortlink":"https:\/\/wp.me\/p3CWBT-Ro","jetpack-related-posts":[{"id":3757,"url":"https:\/\/sven-teuber.info\/wordpress\/islam-islamismus-eine-klaerung-in-aufgeregten-zeiten\/","url_meta":{"origin":3310,"position":0},"title":"Islam \u2013 Islamismus. Eine Kl\u00e4rung in aufgeregten Zeiten","author":"steuber","date":"30. August 2016","format":"quote","excerpt":"Analysen & Argumente, von Thomas Volk, erschienen bei der Konrad Adenauer Stiftung Januar 2015, Ausgabe 164. \"Zum Mitnehmen Unter Islamismus versteht man eine politische Ideologie, die islamische Gebote und Normen als allgemeing\u00fcltige Handlungsanweisungen durchsetzen m\u00f6chte. Islamisten streben einen Staat auf Grundlage islamischer Werte und Gesetze (Scharia) an und lehnen westliche\u2026","rel":"","context":"In &quot;Allgemein&quot;","block_context":{"text":"Allgemein","link":"https:\/\/sven-teuber.info\/wordpress\/category\/allgemein\/"},"img":{"alt_text":"","src":"","width":0,"height":0},"classes":[]},{"id":3328,"url":"https:\/\/sven-teuber.info\/wordpress\/deutschland-und-der-islam\/","url_meta":{"origin":3310,"position":1},"title":"Deutschland und der Islam","author":"steuber","date":"27. Januar 2016","format":"chat","excerpt":"Seit der islamistischen Anschlagserie 2015 ist eine wenig konstruktive Diskussion \u00fcber den Islam in Deutschland entfacht. Obwohl es unbestreitbar ist, dass der Umgang mit dem Islam immer problematischer wird, wird die Ursache (der Islam selbst) ausgeblendet. F\u00fcr Islamkritiker wie Hamed Abdel-Samad z.B. ist es hierzulande ungem\u00fctlich geworden. Die Kritik ist\u2026","rel":"","context":"In &quot;For your Information&quot;","block_context":{"text":"For your Information","link":"https:\/\/sven-teuber.info\/wordpress\/category\/for-your-information\/"},"img":{"alt_text":"","src":"","width":0,"height":0},"classes":[]},{"id":2739,"url":"https:\/\/sven-teuber.info\/wordpress\/petition-zur-streichung-des-gotteslaesterungsparagraphen-veroeffentlicht\/","url_meta":{"origin":3310,"position":2},"title":"Petition zur Streichung des \u201eGottesl\u00e4sterungsparagraphen\u201c ver\u00f6ffentlicht","author":"steuber","date":"31. Januar 2015","format":"link","excerpt":"von GBS posted on January 20, 2015 06:01PM GMT \"Giordano-Bruno-Stiftung ruft zur St\u00e4rkung der Kunst-, Presse- und Meinungsfreiheit auf. (Originalartikel hier: http:\/\/www.giordano-bruno-stiftung.de\/meldung\/petition-166-stgb ) Der Petitionsausschuss des Deutschen Bundestags hat die Petition zur Streichung des sogenannten \u201eGottesl\u00e4sterungsparagraphen\u201c 166 StGB auf seiner Internetseite ver\u00f6ffentlicht. Der Paragraph bedroht K\u00fcnstlerinnen und K\u00fcnstler mit Gef\u00e4ngnisstrafen\u2026","rel":"","context":"In &quot;Allgemein&quot;","block_context":{"text":"Allgemein","link":"https:\/\/sven-teuber.info\/wordpress\/category\/allgemein\/"},"img":{"alt_text":"","src":"","width":0,"height":0},"classes":[]},{"id":3284,"url":"https:\/\/sven-teuber.info\/wordpress\/religion-und-politik-in-der-islamischen-welt\/","url_meta":{"origin":3310,"position":3},"title":"Religion und Politik in der islamischen Welt","author":"steuber","date":"12. Januar 2016","format":"quote","excerpt":"Religion und Politik in der islamischen Welt \"Der Islam ist Religion und Staat!\" Diese Behauptung, dass im Islam die religi\u00f6sen und politischen Sph\u00e4ren eine inh\u00e4rente Einheit bilden, wird mittlerweile von islamischen Aktivisten und zahlreichen westlichen Analysten gleicherma\u00dfen vorgetragen. Autor: Professor Dietrich Jung Political Science and Islamic Studies Artikel ist in\u2026","rel":"","context":"In &quot;For your Information&quot;","block_context":{"text":"For your Information","link":"https:\/\/sven-teuber.info\/wordpress\/category\/for-your-information\/"},"img":{"alt_text":"","src":"","width":0,"height":0},"classes":[]},{"id":3298,"url":"https:\/\/sven-teuber.info\/wordpress\/der-prophet-des-islam\/","url_meta":{"origin":3310,"position":4},"title":"Der Prophet des Islam","author":"steuber","date":"16. Januar 2016","format":"chat","excerpt":"Auf der Internetseite \"Der Prophet des Islam\" ist eine sehr gute Zusammenstellung zu finden rund um das Thema Islam. \u00dcber die Webseite \"Der Prophet des Islam\": \"Wir sind t\u00e4glich mit einer Vielzahl von Informationen zum Thema \u201eIslam\u201c konfrontiert und mit ebenso vielen Meinungen \u00fcber seine Lehre. Was die meisten Publikationen,\u2026","rel":"","context":"In &quot;For your Information&quot;","block_context":{"text":"For your Information","link":"https:\/\/sven-teuber.info\/wordpress\/category\/for-your-information\/"},"img":{"alt_text":"","src":"","width":0,"height":0},"classes":[]},{"id":3607,"url":"https:\/\/sven-teuber.info\/wordpress\/islamische-menschenrechtserklaerungen\/","url_meta":{"origin":3310,"position":5},"title":"Islamische Menschenrechtserkl\u00e4rungen","author":"steuber","date":"11. Juli 2016","format":"quote","excerpt":"\"Die islamischen Menschenrechtserkl\u00e4rungen entstanden vornehmlich aus der Kritik muslimischer Organisationen an der Allgemeing\u00fcltigkeit der Allgemeinen Erkl\u00e4rung der Menschenrechte (AEMR) von 1948. Die Gegenentw\u00fcrfe basieren denn auch auf der AEMR und den in den UNO-Konventionen enthaltenen Menschenrechten, weichen in einzelnen Punkten aber von diesen ab. Insbesondere sehen die islamischen Menschenrechtserkl\u00e4rungen einen\u2026","rel":"","context":"In &quot;For your Information&quot;","block_context":{"text":"For your Information","link":"https:\/\/sven-teuber.info\/wordpress\/category\/for-your-information\/"},"img":{"alt_text":"","src":"","width":0,"height":0},"classes":[]}],"jetpack_likes_enabled":true,"_links":{"self":[{"href":"https:\/\/sven-teuber.info\/wordpress\/wp-json\/wp\/v2\/posts\/3310","targetHints":{"allow":["GET"]}}],"collection":[{"href":"https:\/\/sven-teuber.info\/wordpress\/wp-json\/wp\/v2\/posts"}],"about":[{"href":"https:\/\/sven-teuber.info\/wordpress\/wp-json\/wp\/v2\/types\/post"}],"author":[{"embeddable":true,"href":"https:\/\/sven-teuber.info\/wordpress\/wp-json\/wp\/v2\/users\/2"}],"replies":[{"embeddable":true,"href":"https:\/\/sven-teuber.info\/wordpress\/wp-json\/wp\/v2\/comments?post=3310"}],"version-history":[{"count":4,"href":"https:\/\/sven-teuber.info\/wordpress\/wp-json\/wp\/v2\/posts\/3310\/revisions"}],"predecessor-version":[{"id":3314,"href":"https:\/\/sven-teuber.info\/wordpress\/wp-json\/wp\/v2\/posts\/3310\/revisions\/3314"}],"wp:attachment":[{"href":"https:\/\/sven-teuber.info\/wordpress\/wp-json\/wp\/v2\/media?parent=3310"}],"wp:term":[{"taxonomy":"category","embeddable":true,"href":"https:\/\/sven-teuber.info\/wordpress\/wp-json\/wp\/v2\/categories?post=3310"},{"taxonomy":"post_tag","embeddable":true,"href":"https:\/\/sven-teuber.info\/wordpress\/wp-json\/wp\/v2\/tags?post=3310"}],"curies":[{"name":"wp","href":"https:\/\/api.w.org\/{rel}","templated":true}]}}