{"id":3326,"date":"2016-01-26T22:18:18","date_gmt":"2016-01-26T21:18:18","guid":{"rendered":"http:\/\/sven-teuber.info\/wordpress\/?p=3326"},"modified":"2016-01-28T20:04:04","modified_gmt":"2016-01-28T19:04:04","slug":"fuer-europa-ist-deutschland-ein-moralischer-parvenue","status":"publish","type":"post","link":"https:\/\/sven-teuber.info\/wordpress\/fuer-europa-ist-deutschland-ein-moralischer-parvenue\/","title":{"rendered":"F\u00fcr Europa ist Deutschland ein moralischer Parven\u00fc"},"content":{"rendered":"<p>Dass die Deutschen den Hang zum moralischen Gr\u00f6\u00dfenwahn haben, wussten schon die gro\u00dfen Soziologen \u2013 von Max Weber \u00fcber Norbert Elias bis Helmuth Plessner.<br \/>\nWie kommen wir aus der Exaltiertheit heraus?<\/p>\n<p>Es wird Zeit, die klassischen Texte der Soziologie wieder zu lesen. Sie spiegeln ihren Entstehungszusammenhang wider \u2013 und wirken zugleich, als seien sie mit Blick auf die Gegenwart geschrieben. Max Webers Vortrag &#8222;Politik als Beruf&#8220; durchzittert der Schock des verlorenen Ersten Weltkriegs, Helmuth Plessner ahnt Mitte der Zwanzigerjahre das Schicksal der Weimarer Republik voraus und im &#8222;Prozess der Zivilisation&#8220; entwirft Norbert Elias am Beginn des Zweiten Weltkriegs ein Gegenbild zum unvorstellbaren Zivilisationsbruch der Nazis.\u00a0 &#8230;<a href=\"http:\/\/m.welt.de\/debatte\/kommentare\/article151484113\/Fuer-Europa-ist-Deutschland-ein-moralischer-Parvenue.html\">weiterlesen<\/a>&#8230;.<\/p>\n<p>Quelle: Die Welt vom 26.01.2016, <span class=\"as_article-author\">Wolf Lepenies.<\/span><\/p>\n<h5>Grundkurs:\u00a0 Soziologie: Max Weber Teil 1 &amp; 2<\/h5>\n<p><span class=\"embed-youtube\" style=\"text-align:center; display: block;\"><iframe loading=\"lazy\" class=\"youtube-player\" width=\"584\" height=\"329\" src=\"https:\/\/www.youtube.com\/embed\/J8KczQ3b44o?version=3&#038;rel=1&#038;showsearch=0&#038;showinfo=1&#038;iv_load_policy=1&#038;fs=1&#038;hl=de-DE&#038;autohide=2&#038;wmode=transparent\" allowfullscreen=\"true\" style=\"border:0;\" sandbox=\"allow-scripts allow-same-origin allow-popups allow-presentation allow-popups-to-escape-sandbox\"><\/iframe><\/span><\/p>\n<p><span class=\"embed-youtube\" style=\"text-align:center; display: block;\"><iframe loading=\"lazy\" class=\"youtube-player\" width=\"584\" height=\"329\" src=\"https:\/\/www.youtube.com\/embed\/EgdiR932Bbk?version=3&#038;rel=1&#038;showsearch=0&#038;showinfo=1&#038;iv_load_policy=1&#038;fs=1&#038;hl=de-DE&#038;autohide=2&#038;wmode=transparent\" allowfullscreen=\"true\" style=\"border:0;\" sandbox=\"allow-scripts allow-same-origin allow-popups allow-presentation allow-popups-to-escape-sandbox\"><\/iframe><\/span><\/p>\n","protected":false},"excerpt":{"rendered":"<p>Dass die Deutschen den Hang zum moralischen Gr\u00f6\u00dfenwahn haben, wussten schon die gro\u00dfen Soziologen \u2013 von Max Weber \u00fcber Norbert Elias bis Helmuth Plessner. Wie kommen wir aus der Exaltiertheit heraus? Es wird Zeit, die klassischen Texte der Soziologie wieder &hellip; <a href=\"https:\/\/sven-teuber.info\/wordpress\/fuer-europa-ist-deutschland-ein-moralischer-parvenue\/\">Weiterlesen <span class=\"meta-nav\">&rarr;<\/span><\/a><\/p>\n","protected":false},"author":2,"featured_media":0,"comment_status":"open","ping_status":"open","sticky":false,"template":"","format":"standard","meta":{"_crdt_document":"","jetpack_post_was_ever_published":false,"_jetpack_newsletter_access":"","_jetpack_dont_email_post_to_subs":false,"_jetpack_newsletter_tier_id":0,"_jetpack_memberships_contains_paywalled_content":false,"_jetpack_memberships_contains_paid_content":false,"footnotes":"","jetpack_publicize_message":"","jetpack_publicize_feature_enabled":true,"jetpack_social_post_already_shared":true,"jetpack_social_options":{"image_generator_settings":{"template":"highway","default_image_id":0,"font":"","enabled":false},"version":2}},"categories":[3],"tags":[343,342,344,345],"class_list":["post-3326","post","type-post","status-publish","format-standard","hentry","category-for-your-information","tag-deutschland","tag-europa","tag-politik-als-beruf","tag-prozess-der-zivilisation"],"jetpack_publicize_connections":[],"jetpack_featured_media_url":"","jetpack_sharing_enabled":true,"jetpack_shortlink":"https:\/\/wp.me\/p3CWBT-RE","jetpack-related-posts":[{"id":5833,"url":"https:\/\/sven-teuber.info\/wordpress\/titel-die-zivilisation-frisst-ihre-kinder\/","url_meta":{"origin":3326,"position":0},"title":"Titel: Die Zivilisation frisst ihre Kinder","author":"steuber","date":"4. Februar 2023","format":false,"excerpt":"Titel: Die Zivilisation frisst ihre Kinder, ST 2023","rel":"","context":"In &quot;Allgemein&quot;","block_context":{"text":"Allgemein","link":"https:\/\/sven-teuber.info\/wordpress\/category\/allgemein\/"},"img":{"alt_text":"","src":"https:\/\/i0.wp.com\/sven-teuber.info\/wordpress\/wp-content\/uploads\/2023\/02\/Die-Zivilisation-frisst-ihre-Kinder.jpg?resize=350%2C200&ssl=1","width":350,"height":200,"srcset":"https:\/\/i0.wp.com\/sven-teuber.info\/wordpress\/wp-content\/uploads\/2023\/02\/Die-Zivilisation-frisst-ihre-Kinder.jpg?resize=350%2C200&ssl=1 1x, https:\/\/i0.wp.com\/sven-teuber.info\/wordpress\/wp-content\/uploads\/2023\/02\/Die-Zivilisation-frisst-ihre-Kinder.jpg?resize=525%2C300&ssl=1 1.5x, https:\/\/i0.wp.com\/sven-teuber.info\/wordpress\/wp-content\/uploads\/2023\/02\/Die-Zivilisation-frisst-ihre-Kinder.jpg?resize=700%2C400&ssl=1 2x, https:\/\/i0.wp.com\/sven-teuber.info\/wordpress\/wp-content\/uploads\/2023\/02\/Die-Zivilisation-frisst-ihre-Kinder.jpg?resize=1050%2C600&ssl=1 3x"},"classes":[]},{"id":2587,"url":"https:\/\/sven-teuber.info\/wordpress\/kann-kunst-denn-kriege-verhindern-frau-karabaic-waz-de\/","url_meta":{"origin":3326,"position":1},"title":"Kann Kunst denn Kriege verhindern, Frau Karabaic? WAZ.de","author":"steuber","date":"13. Januar 2015","format":"quote","excerpt":"FOTO: ANW Flickr Am Niederrhein. \u00a0 Milena Karabaic ist LVR-Dezernentin und hat eine Talk-Runde vorbereitet: \u201eZeichen gegen den Krieg\u201c und die Rolle der Kunst. Donnerstag, im Lehmbruck-Museum Duisburg.Welche Rolle spielt die Kunst in Zeiten des Krieges? Welche M\u00f6glichkeit hat sie? Der Landschaftsverband Rheinland (LVR) l\u00e4dt im Rahmen des Verbundprojektes \u201e1914\u2026","rel":"","context":"In &quot;Allgemein&quot;","block_context":{"text":"Allgemein","link":"https:\/\/sven-teuber.info\/wordpress\/category\/allgemein\/"},"img":{"alt_text":"","src":"","width":0,"height":0},"classes":[]},{"id":2004,"url":"https:\/\/sven-teuber.info\/wordpress\/die-verlorene-unschuld\/","url_meta":{"origin":3326,"position":2},"title":"Die Verlorene Unschuld.","author":"steuber","date":"26. Januar 2014","format":"gallery","excerpt":"Durch den Umstand, dass sich das 100 - j\u00e4hrige Jubil\u00e4um des ersten Weltkrieges ansteht, greifen wir dies auf, um folgerichtig einzustimmen, dass ein solches Massaker \u201eBlutpumpe\u201c mit ca. 9 Millionen tote Soldaten sowie zahlreichen Entstellten und Verst\u00fcmmelten aus unserem kollektiven Ged\u00e4chtnis nicht getilgt wird. Die \u00c4sthetik und Ehrlichkeit einer unb\u00e4ndigen\u2026","rel":"","context":"In &quot;For your Information&quot;","block_context":{"text":"For your Information","link":"https:\/\/sven-teuber.info\/wordpress\/category\/for-your-information\/"},"img":{"alt_text":"","src":"","width":0,"height":0},"classes":[]},{"id":6479,"url":"https:\/\/sven-teuber.info\/wordpress\/titel-82-milliarden-menschen-suchen-ihren-platz\/","url_meta":{"origin":3326,"position":3},"title":"Titel: 8,2 Milliarden Menschen suchen ihren Platz","author":"steuber","date":"17. Februar 2025","format":false,"excerpt":"Einleitung: Titel des Bildes: \"8,2 Milliarden Menschen suchen ihren Platz\": Eine Welt am Limit? In einer Welt, die immer voller wird, stellt sich die Frage: Wo finden wir alle unseren Platz? Das Kunstwerk \"8,2 Milliarden Menschen suchen ihren Platz\" regt zum Nachdenken \u00fcber dieses brisante Thema an. Um das Thema\u2026","rel":"","context":"In &quot;Allgemein&quot;","block_context":{"text":"Allgemein","link":"https:\/\/sven-teuber.info\/wordpress\/category\/allgemein\/"},"img":{"alt_text":"","src":"https:\/\/i0.wp.com\/sven-teuber.info\/wordpress\/wp-content\/uploads\/2025\/02\/8-2-Milliarden-Menschen-WEB.jpg?resize=350%2C200&ssl=1","width":350,"height":200,"srcset":"https:\/\/i0.wp.com\/sven-teuber.info\/wordpress\/wp-content\/uploads\/2025\/02\/8-2-Milliarden-Menschen-WEB.jpg?resize=350%2C200&ssl=1 1x, https:\/\/i0.wp.com\/sven-teuber.info\/wordpress\/wp-content\/uploads\/2025\/02\/8-2-Milliarden-Menschen-WEB.jpg?resize=525%2C300&ssl=1 1.5x, https:\/\/i0.wp.com\/sven-teuber.info\/wordpress\/wp-content\/uploads\/2025\/02\/8-2-Milliarden-Menschen-WEB.jpg?resize=700%2C400&ssl=1 2x"},"classes":[]},{"id":2163,"url":"https:\/\/sven-teuber.info\/wordpress\/100-jahre-erster-weltkrieg\/","url_meta":{"origin":3326,"position":4},"title":"100 JAHRE ERSTER WELTKRIEG","author":"steuber","date":"5. Juni 2014","format":"gallery","excerpt":"Marsch, Marsch, Hurrah! Der Weltenbrand vor 100 Jahren und \"Urkatastrophe\" des 20. Jahrhunderts ist unter dem Zeichen der Weltkriegsideologien wieder in unser\u00a0Bewusstsein\u00a0ger\u00fcckt worden. \u00a0 Dunkel erinnern wir uns an die Bilder, die wir gesehen haben, aber die Letzten, die daran teilgenommen haben, teilten das Schicksal der Anderen, die dort im\u2026","rel":"","context":"In &quot;Allgemein&quot;","block_context":{"text":"Allgemein","link":"https:\/\/sven-teuber.info\/wordpress\/category\/allgemein\/"},"img":{"alt_text":"01-The philosophy of war","src":"https:\/\/i0.wp.com\/sven-teuber.info\/wordpress\/wp-content\/uploads\/2014\/08\/01-The-philosophy-of-war.jpg?resize=350%2C200","width":350,"height":200},"classes":[]},{"id":2785,"url":"https:\/\/sven-teuber.info\/wordpress\/gedichte-von-georg-trakl\/","url_meta":{"origin":3326,"position":5},"title":"Gedichte von Georg Trakl","author":"","date":"24. Februar 2015","format":"link","excerpt":"Georg Trakl (* 3. Februar 1887 in Salzburg; \u2020 3. November 1914 in Krakau, Galizien) war ein \u00f6sterreichischer Dichter des Expressionismus mit starken Einfl\u00fcssen des Symbolismus. \"Im August 1914 brach der Erste Weltkrieg aus. Trakl wurde als Milit\u00e4rapotheker ins Heer einberufen. Er erlebte die Schlacht bei Grodek mit. Dabei hatte\u2026","rel":"","context":"In &quot;Allgemein&quot;","block_context":{"text":"Allgemein","link":"https:\/\/sven-teuber.info\/wordpress\/category\/allgemein\/"},"img":{"alt_text":"","src":"","width":0,"height":0},"classes":[]}],"jetpack_likes_enabled":true,"_links":{"self":[{"href":"https:\/\/sven-teuber.info\/wordpress\/wp-json\/wp\/v2\/posts\/3326","targetHints":{"allow":["GET"]}}],"collection":[{"href":"https:\/\/sven-teuber.info\/wordpress\/wp-json\/wp\/v2\/posts"}],"about":[{"href":"https:\/\/sven-teuber.info\/wordpress\/wp-json\/wp\/v2\/types\/post"}],"author":[{"embeddable":true,"href":"https:\/\/sven-teuber.info\/wordpress\/wp-json\/wp\/v2\/users\/2"}],"replies":[{"embeddable":true,"href":"https:\/\/sven-teuber.info\/wordpress\/wp-json\/wp\/v2\/comments?post=3326"}],"version-history":[{"count":3,"href":"https:\/\/sven-teuber.info\/wordpress\/wp-json\/wp\/v2\/posts\/3326\/revisions"}],"predecessor-version":[{"id":3336,"href":"https:\/\/sven-teuber.info\/wordpress\/wp-json\/wp\/v2\/posts\/3326\/revisions\/3336"}],"wp:attachment":[{"href":"https:\/\/sven-teuber.info\/wordpress\/wp-json\/wp\/v2\/media?parent=3326"}],"wp:term":[{"taxonomy":"category","embeddable":true,"href":"https:\/\/sven-teuber.info\/wordpress\/wp-json\/wp\/v2\/categories?post=3326"},{"taxonomy":"post_tag","embeddable":true,"href":"https:\/\/sven-teuber.info\/wordpress\/wp-json\/wp\/v2\/tags?post=3326"}],"curies":[{"name":"wp","href":"https:\/\/api.w.org\/{rel}","templated":true}]}}