{"id":3337,"date":"2016-01-29T20:30:58","date_gmt":"2016-01-29T19:30:58","guid":{"rendered":"http:\/\/sven-teuber.info\/wordpress\/?p=3337"},"modified":"2016-01-29T16:22:47","modified_gmt":"2016-01-29T15:22:47","slug":"wenn-die-gutmenschen-die-kontrolle-verlieren","status":"publish","type":"post","link":"https:\/\/sven-teuber.info\/wordpress\/wenn-die-gutmenschen-die-kontrolle-verlieren\/","title":{"rendered":"Wenn die Gutmenschen die Kontrolle verlieren\u2026"},"content":{"rendered":"<p><a href=\"https:\/\/sven-teuber.info\/wordpress\/aufruf\/\" rel=\"attachment wp-att-3347\"><img data-recalc-dims=\"1\" loading=\"lazy\" decoding=\"async\" data-attachment-id=\"3347\" data-permalink=\"https:\/\/sven-teuber.info\/wordpress\/wenn-die-gutmenschen-die-kontrolle-verlieren\/aufruf\/\" data-orig-file=\"https:\/\/i0.wp.com\/sven-teuber.info\/wordpress\/wp-content\/uploads\/2016\/01\/Aufruf.jpg?fit=606%2C600&amp;ssl=1\" data-orig-size=\"606,600\" data-comments-opened=\"1\" data-image-meta=\"{&quot;aperture&quot;:&quot;0&quot;,&quot;credit&quot;:&quot;&quot;,&quot;camera&quot;:&quot;&quot;,&quot;caption&quot;:&quot;&quot;,&quot;created_timestamp&quot;:&quot;0&quot;,&quot;copyright&quot;:&quot;&quot;,&quot;focal_length&quot;:&quot;0&quot;,&quot;iso&quot;:&quot;0&quot;,&quot;shutter_speed&quot;:&quot;0&quot;,&quot;title&quot;:&quot;&quot;,&quot;orientation&quot;:&quot;1&quot;}\" data-image-title=\"Aufruf\" data-image-description=\"\" data-image-caption=\"\" data-large-file=\"https:\/\/i0.wp.com\/sven-teuber.info\/wordpress\/wp-content\/uploads\/2016\/01\/Aufruf.jpg?fit=584%2C578&amp;ssl=1\" class=\"size-full wp-image-3347 aligncenter\" src=\"https:\/\/i0.wp.com\/sven-teuber.info\/wordpress\/wp-content\/uploads\/2016\/01\/Aufruf.jpg?resize=584%2C578&#038;ssl=1\" alt=\"Aufruf\" width=\"584\" height=\"578\" srcset=\"https:\/\/i0.wp.com\/sven-teuber.info\/wordpress\/wp-content\/uploads\/2016\/01\/Aufruf.jpg?w=606&amp;ssl=1 606w, https:\/\/i0.wp.com\/sven-teuber.info\/wordpress\/wp-content\/uploads\/2016\/01\/Aufruf.jpg?resize=150%2C150&amp;ssl=1 150w, https:\/\/i0.wp.com\/sven-teuber.info\/wordpress\/wp-content\/uploads\/2016\/01\/Aufruf.jpg?resize=300%2C297&amp;ssl=1 300w, https:\/\/i0.wp.com\/sven-teuber.info\/wordpress\/wp-content\/uploads\/2016\/01\/Aufruf.jpg?resize=242%2C240&amp;ssl=1 242w\" sizes=\"auto, (max-width: 584px) 100vw, 584px\" \/><\/a>Sp\u00e4tsommer 2015, Angela Merkel meint es gut: Sie macht sich Sorgen um die Fl\u00fcchtlinge, die sich an den europ\u00e4ischen Grenzen ansammeln, unertr\u00e4gliche Bilder der Verzweiflung, und entgegen ihrem \u00fcblichen Pragmatismus entscheidet sie im Alleingang, dass Deutschland ihr humanes Gesicht zeigen soll, Willkommenskultur statt durchdachte Politik, zahlreiche freiwillige HelferInnen im Schlepptau, wohl damals ohne zu ahnen, dass sich eine Lawine anbahnt. Die Empathie hat bereits den Verstand verdr\u00e4ngt. 4 Monate sp\u00e4ter hat sie noch immer nicht zur Vernunft wiedergefunden, mit dem Unterschied, dass der Schrei aus dem Herzen verstummt ist. Die Anschl\u00e4ge von Paris und vor allem die sexuellen \u00dcbergriffe in K\u00f6ln und anderswo haben f\u00fcr viele deutsche B\u00fcrgerInnen die Karten neu gemischt.<\/p>\n<p><!--more--><\/p>\n<p>Der Euphorie und dem Stolz auf sich selbst folgt die Skepsis. Die weltweite Bewunderung ihrer humanen Haltung verwandelt sich in Staunen, gar Unverst\u00e4ndnis: Angela Merkel l\u00e4sst trotz Warnungen den Fuchs in den Stall.\u00a0 Glaubt sie wirklich, dass wir das schaffen? Warum wiederholt sie das immer wieder, obwohl die Fakten eher zweifeln lassen: Die Polizei ist \u00fcberfordert, die Kommunen klagen \u00fcber fehlende Mittel, die B\u00fcrgerInnen sind verunsichert, die Regierung ist gespalten und der soziale Frieden bedroht \u2013 aber eine konsequente Kurskorrektur h\u00e4lt sie nicht f\u00fcr notwendig, w\u00e4hrend die Populisten bzw. Extremisten\u00a0 an Zulauf gewinnen und die Meldungen \u00fcber Unruhen und Delikte\u00a0 in den Fl\u00fcchtlingsheimen sich mehren.<\/p>\n<p>Ist die Empathie schon zum Gr\u00f6\u00dfenwahn mutiert, h\u00e4lt sie sich f\u00fcr das moralische Gewissen Deutschlands und Europas, sind ihr die Risiken nicht bewusst? Glaubt sie wirklich, dass eine europ\u00e4ische L\u00f6sung (Verteilungsquoten), die kaum einer haben will, dennoch kommen wird, nur weil sie es gerne h\u00e4tte, weil der Wirtschaftsmotor eines gespaltenen Europas jetzt auch die moralische F\u00fchrung f\u00fcr sich beansprucht?\u00a0 Moral und Politik lassen sich selten in Einklang bringen, Gutmenschentum sollte nicht den sozialen Frieden gef\u00e4hrden.<\/p>\n<p>Es w\u00e4re an der Zeit zu gestehen, dass diese improvisierte Fl\u00fcchtlingspolitik unberechenbar geworden ist.\u00a0 Wird der deutsche Steuerzahler bereit sein, die unabsehbaren Kosten zu tragen? Werden die Fl\u00fcchtlinge und Migranten (deren Kreis immer breiter wird) die Bereitschaft zeigen, sich zu integrieren und kulturelle Werte anzunehmen, die wenig gemein mit den ihren haben?<\/p>\n<p>Die Ungewissheiten haben aus einem ruhigen Land ein beunruhigtes Land gemacht: Angst vor der Zukunft, Angst vor fehlender Sicherheit, Angst vor \u00dcberfremdung. Machen wir uns nichts vor, ein Zuzug in diesem nie gekannten Ausma\u00df ist nicht nur eine Herausforderung, sondern k\u00f6nnte sich zu einer tickenden Zeitbombe entwickeln.<\/p>\n<p>Die Profile der Migranten sind viel zu verschieden, um eine universelle L\u00f6sung der damit verbundenen Probleme zu finden (Kriegsopfer aber auch Kriegsverbrecher, friedliche Muslime auf der Suche nach einem Neuanfang aber auch Islamisten und potentielle Terroristen, Wirtschaftsfl\u00fcchtlinge auf der Suche nach Arbeit\/Wohlstand und gew\u00f6hnliche Kriminelle, die weiter kriminell sein werden), vielf\u00e4ltig eben. Vor dieser Herausforderung isoliert sich Deutschland immer mehr in Europa.<\/p>\n<p>Schweden und \u00d6sterreich haben mittlerweile ihren Kurs korrigiert, Schweden sogar radikal. Diese Verleugnung der Realit\u00e4t k\u00f6nnte Deutschland destabilisieren &#8211; mit unvorhersehbaren wirtschaftlichen, politischen und sozialen Auswirkungen, vor allem im Hinblick auf extremistische Bewegungen. Eine konsequente Kurs\u00e4nderung wird nur dann erfolgen, wenn Angela Merkel die Verantwortung f\u00fcr ihre Fehleinsch\u00e4tzungen\/Fehler \u00fcbernimmt und die politische B\u00fchne verl\u00e4sst, bevor Deutschland aufgrund der entstandenen tiefen Spaltungen unregierbar wird.\u00a0 Die Kanzlerin ist an ihrer Fl\u00fcchtlingspolitik\/Willkommenskultur gescheitert. Sie ist nicht das (schlechte) Gewissen Deutschlands und schon gar nicht die moralische Instanz Europas.\u00a0 Die Sentimentalit\u00e4t steht leider der Vernunft im Wege. Die \u00c4ra Merkel geht zu Ende und uns bleibt ein vermintes Terrain. Was f\u00fcr ein Desaster\u2026<br \/>\n28.01.2016, I.T.T.<\/p>\n","protected":false},"excerpt":{"rendered":"<p>Sp\u00e4tsommer 2015, Angela Merkel meint es gut: Sie macht sich Sorgen um die Fl\u00fcchtlinge, die sich an den europ\u00e4ischen Grenzen ansammeln, unertr\u00e4gliche Bilder der Verzweiflung, und entgegen ihrem \u00fcblichen Pragmatismus entscheidet sie im Alleingang, dass Deutschland ihr humanes Gesicht zeigen &hellip; <a href=\"https:\/\/sven-teuber.info\/wordpress\/wenn-die-gutmenschen-die-kontrolle-verlieren\/\">Weiterlesen <span class=\"meta-nav\">&rarr;<\/span><\/a><\/p>\n","protected":false},"author":2,"featured_media":0,"comment_status":"open","ping_status":"open","sticky":false,"template":"","format":"standard","meta":{"_crdt_document":"","jetpack_post_was_ever_published":false,"_jetpack_newsletter_access":"","_jetpack_dont_email_post_to_subs":false,"_jetpack_newsletter_tier_id":0,"_jetpack_memberships_contains_paywalled_content":false,"_jetpack_memberships_contains_paid_content":false,"footnotes":"","jetpack_publicize_message":"","jetpack_publicize_feature_enabled":true,"jetpack_social_post_already_shared":true,"jetpack_social_options":{"image_generator_settings":{"template":"highway","default_image_id":0,"font":"","enabled":false},"version":2}},"categories":[3],"tags":[348,342],"class_list":["post-3337","post","type-post","status-publish","format-standard","hentry","category-for-your-information","tag-angela-merkel","tag-europa"],"jetpack_publicize_connections":[],"jetpack_featured_media_url":"","jetpack_sharing_enabled":true,"jetpack_shortlink":"https:\/\/wp.me\/p3CWBT-RP","jetpack-related-posts":[{"id":3861,"url":"https:\/\/sven-teuber.info\/wordpress\/merkel-2017-von-itt\/","url_meta":{"origin":3337,"position":0},"title":"Merkel 2017 von ITT","author":"steuber","date":"2. Dezember 2016","format":"quote","excerpt":"Angela Merkel 2017 Sie hat es gewagt: sie tritt nochmal an und schlimmer noch, ihre Chancen stehen sogar gut, denn das Wahlvolk steht f\u00fcr demokratisch legitimierten Stillstand. Uns geht es gut wiederholt sie immer wieder aber dazu gefragt werden wir nicht. Es muss uns einfach gut gehen und das auch\u2026","rel":"","context":"In &quot;ITT&quot;","block_context":{"text":"ITT","link":"https:\/\/sven-teuber.info\/wordpress\/category\/itt\/"},"img":{"alt_text":"","src":"","width":0,"height":0},"classes":[]},{"id":3661,"url":"https:\/\/sven-teuber.info\/wordpress\/ein-blick-zurueck-resuemee\/","url_meta":{"origin":3337,"position":1},"title":"Ein Blick zur\u00fcck, Res\u00fcmee","author":"steuber","date":"27. Juli 2016","format":"status","excerpt":"Wir schaffen das, Wir schaffen das.... Europa der Unwilligen, Strafen f\u00fcr L\u00e4nder, die keine muslimischen Fl\u00fcchtlinge aufnehmen wollen, Merkels Feigheit in der B\u00f6hmermann-Aff\u00e4re und als Kr\u00f6nung des Ganzen der T\u00fcrkei-Deal \u2013 wieder mal im Alleingang: Deutschlands Hang zur Arroganz, wir machen alles besser, nat\u00fcrlich auch die Integration, sogar ohne uns\u2026","rel":"","context":"In &quot;Allgemein&quot;","block_context":{"text":"Allgemein","link":"https:\/\/sven-teuber.info\/wordpress\/category\/allgemein\/"},"img":{"alt_text":"La laicite","src":"https:\/\/i0.wp.com\/sven-teuber.info\/wordpress\/wp-content\/uploads\/2016\/07\/La-laicite-1.jpg?resize=350%2C200","width":350,"height":200,"srcset":"https:\/\/i0.wp.com\/sven-teuber.info\/wordpress\/wp-content\/uploads\/2016\/07\/La-laicite-1.jpg?resize=350%2C200 1x, https:\/\/i0.wp.com\/sven-teuber.info\/wordpress\/wp-content\/uploads\/2016\/07\/La-laicite-1.jpg?resize=525%2C300 1.5x, https:\/\/i0.wp.com\/sven-teuber.info\/wordpress\/wp-content\/uploads\/2016\/07\/La-laicite-1.jpg?resize=700%2C400 2x"},"classes":[]},{"id":3339,"url":"https:\/\/sven-teuber.info\/wordpress\/quand-lallemagne-bien-pensante-perd-le-controle-delle-meme\/","url_meta":{"origin":3337,"position":2},"title":"Quand l\u2019Allemagne bien-pensante perd le contr\u00f4le d\u2019elle-m\u00eame.","author":"steuber","date":"29. Januar 2016","format":false,"excerpt":"Fin de l\u2019\u00e9t\u00e9 2015, tout partait d\u2019un bon sentiment : Angela Merkel s\u2019apitoie sur le sort des r\u00e9fugi\u00e9s qui affluent aux fronti\u00e8res europ\u00e9ennes, des images insupportables tournent en boucle, et, contrairement \u00e0 ses habitudes empreintes de pragmatisme, elle d\u00e9cide en solo de faire de l\u2019Allemagne une terre d\u2019accueil et des\u2026","rel":"","context":"In &quot;For your Information&quot;","block_context":{"text":"For your Information","link":"https:\/\/sven-teuber.info\/wordpress\/category\/for-your-information\/"},"img":{"alt_text":"","src":"","width":0,"height":0},"classes":[]},{"id":3957,"url":"https:\/\/sven-teuber.info\/wordpress\/was-wird-aus-unserer-rente\/","url_meta":{"origin":3337,"position":3},"title":"Was wird aus unserer Rente?","author":"steuber","date":"15. Januar 2017","format":false,"excerpt":"Die Rentenreform 1957 und ihre Folgen \"Vor 50 Jahren wurde in Deutschland die so genannte dynamische Rente eingef\u00fchrt. Die Kopplung der Altersbez\u00fcge an die Lohnentwicklung sicherte den Ruhest\u00e4ndlern Wohlstand im Alter und bescherte der Politik die gr\u00f6\u00dfte Reformbaustelle der Nachkriegsgeschichte\" . Weiterlesen..... Von Gode Japs Quelle: Deutschlandfunk, 22.01.2007 Winfried Schm\u00e4hl\u2026","rel":"","context":"In &quot;Allgemein&quot;","block_context":{"text":"Allgemein","link":"https:\/\/sven-teuber.info\/wordpress\/category\/allgemein\/"},"img":{"alt_text":"","src":"https:\/\/i0.wp.com\/sven-teuber.info\/wordpress\/wp-content\/uploads\/2017\/01\/spd_plakat_1957.jpg?resize=350%2C200","width":350,"height":200,"srcset":"https:\/\/i0.wp.com\/sven-teuber.info\/wordpress\/wp-content\/uploads\/2017\/01\/spd_plakat_1957.jpg?resize=350%2C200 1x, https:\/\/i0.wp.com\/sven-teuber.info\/wordpress\/wp-content\/uploads\/2017\/01\/spd_plakat_1957.jpg?resize=525%2C300 1.5x"},"classes":[]},{"id":4420,"url":"https:\/\/sven-teuber.info\/wordpress\/wohnungsverbote-in-deutschland-fuer-belastete-innenstaedte-kein-zurueck-mehr-fuer-mieter-und-eigentuemer\/","url_meta":{"origin":3337,"position":4},"title":"Wohnungsverbote in Deutschland f\u00fcr belastete Innenst\u00e4dte, kein Zur\u00fcck mehr f\u00fcr Mieter und Eigent\u00fcmer!","author":"steuber","date":"28. Februar 2018","format":false,"excerpt":"Erst der Dieselskandal im Jahr 2017\/2018 und jetzt das Wohnverbot in D\u00fcsseldorf, Hamburg, Berlin, K\u00f6ln und Stuttgart. Das Bundesverwaltungsgericht h\u00e4lt Wohnverbote grunds\u00e4tzlich f\u00fcr zul\u00e4ssig in dem neuen Gerichtsbeschluss. Nachdem Fahrverbote in den belasteten Innenst\u00e4dten zu keiner sp\u00fcrbaren Entlastung der Emissionswerte f\u00fchrten, ist ein Wohnungsverbot in diesen Gebieten unumg\u00e4nglich. Wohnverbote sind\u2026","rel":"","context":"In &quot;Allgemein&quot;","block_context":{"text":"Allgemein","link":"https:\/\/sven-teuber.info\/wordpress\/category\/allgemein\/"},"img":{"alt_text":"","src":"https:\/\/i0.wp.com\/sven-teuber.info\/wordpress\/wp-content\/uploads\/2018\/02\/IMG_2331.jpg?resize=350%2C200","width":350,"height":200,"srcset":"https:\/\/i0.wp.com\/sven-teuber.info\/wordpress\/wp-content\/uploads\/2018\/02\/IMG_2331.jpg?resize=350%2C200 1x, https:\/\/i0.wp.com\/sven-teuber.info\/wordpress\/wp-content\/uploads\/2018\/02\/IMG_2331.jpg?resize=525%2C300 1.5x"},"classes":[]},{"id":3479,"url":"https:\/\/sven-teuber.info\/wordpress\/syrien-die-verblendung\/","url_meta":{"origin":3337,"position":5},"title":"SYRIEN: DIE VERBLENDUNG","author":"steuber","date":"22. Februar 2016","format":false,"excerpt":"Der franz\u00f6sische Fernsehsender France 2 hat es in seiner Reportage \u2018Syrie: l\u2019aveuglement\u2019 (Die Verblendung) aus der Reihe \u2018Un oeil sur la plan\u00e8te\u2019 auf den Punkt gebracht: Die Sicht der Regierungen auf den Konflikt in Syrien bezieht sich eher auf Fiktion als auf die Realit\u00e4t mit ihren vielf\u00e4ltigen Verflechtungen. Die daraus\u2026","rel":"","context":"In &quot;For your Information&quot;","block_context":{"text":"For your Information","link":"https:\/\/sven-teuber.info\/wordpress\/category\/for-your-information\/"},"img":{"alt_text":"","src":"","width":0,"height":0},"classes":[]}],"jetpack_likes_enabled":true,"_links":{"self":[{"href":"https:\/\/sven-teuber.info\/wordpress\/wp-json\/wp\/v2\/posts\/3337","targetHints":{"allow":["GET"]}}],"collection":[{"href":"https:\/\/sven-teuber.info\/wordpress\/wp-json\/wp\/v2\/posts"}],"about":[{"href":"https:\/\/sven-teuber.info\/wordpress\/wp-json\/wp\/v2\/types\/post"}],"author":[{"embeddable":true,"href":"https:\/\/sven-teuber.info\/wordpress\/wp-json\/wp\/v2\/users\/2"}],"replies":[{"embeddable":true,"href":"https:\/\/sven-teuber.info\/wordpress\/wp-json\/wp\/v2\/comments?post=3337"}],"version-history":[{"count":4,"href":"https:\/\/sven-teuber.info\/wordpress\/wp-json\/wp\/v2\/posts\/3337\/revisions"}],"predecessor-version":[{"id":3349,"href":"https:\/\/sven-teuber.info\/wordpress\/wp-json\/wp\/v2\/posts\/3337\/revisions\/3349"}],"wp:attachment":[{"href":"https:\/\/sven-teuber.info\/wordpress\/wp-json\/wp\/v2\/media?parent=3337"}],"wp:term":[{"taxonomy":"category","embeddable":true,"href":"https:\/\/sven-teuber.info\/wordpress\/wp-json\/wp\/v2\/categories?post=3337"},{"taxonomy":"post_tag","embeddable":true,"href":"https:\/\/sven-teuber.info\/wordpress\/wp-json\/wp\/v2\/tags?post=3337"}],"curies":[{"name":"wp","href":"https:\/\/api.w.org\/{rel}","templated":true}]}}