{"id":3339,"date":"2016-01-29T20:35:27","date_gmt":"2016-01-29T19:35:27","guid":{"rendered":"http:\/\/sven-teuber.info\/wordpress\/?p=3339"},"modified":"2016-01-29T20:50:52","modified_gmt":"2016-01-29T19:50:52","slug":"quand-lallemagne-bien-pensante-perd-le-controle-delle-meme","status":"publish","type":"post","link":"https:\/\/sven-teuber.info\/wordpress\/quand-lallemagne-bien-pensante-perd-le-controle-delle-meme\/","title":{"rendered":"Quand l\u2019Allemagne bien-pensante perd le contr\u00f4le d\u2019elle-m\u00eame."},"content":{"rendered":"<p><a href=\"https:\/\/sven-teuber.info\/wordpress\/olympus-digital-camera-3\/\" rel=\"attachment wp-att-3345\"><img data-recalc-dims=\"1\" decoding=\"async\" data-attachment-id=\"3345\" data-permalink=\"https:\/\/sven-teuber.info\/wordpress\/quand-lallemagne-bien-pensante-perd-le-controle-delle-meme\/olympus-digital-camera-3\/\" data-orig-file=\"https:\/\/i0.wp.com\/sven-teuber.info\/wordpress\/wp-content\/uploads\/2016\/01\/Ausverkauf.jpg?fit=%2C&amp;ssl=1\" data-orig-size=\"\" data-comments-opened=\"1\" data-image-meta=\"[]\" data-image-title=\"OLYMPUS DIGITAL CAMERA\" data-image-description=\"\" data-image-caption=\"\" data-large-file=\"https:\/\/i0.wp.com\/sven-teuber.info\/wordpress\/wp-content\/uploads\/2016\/01\/Ausverkauf.jpg?fit=1024%2C1024&amp;ssl=1\" class=\"size-full wp-image-3345 aligncenter\" src=\"https:\/\/i0.wp.com\/sven-teuber.info\/wordpress\/wp-content\/uploads\/2016\/01\/Ausverkauf.jpg?w=584&#038;ssl=1\" alt=\"OLYMPUS DIGITAL CAMERA\" \/><\/a><\/p>\n<p>Fin de l\u2019\u00e9t\u00e9 2015, tout partait d\u2019un bon sentiment : Angela Merkel s\u2019apitoie sur le sort des r\u00e9fugi\u00e9s qui affluent aux fronti\u00e8res europ\u00e9ennes, des images insupportables tournent en boucle, et, contrairement \u00e0 ses habitudes empreintes de pragmatisme, elle d\u00e9cide en solo de faire de l\u2019Allemagne une terre d\u2019accueil et des Allemand(e)s un peuple d\u00e9vou\u00e9 inconditionnellement \u00e0 la cause des r\u00e9fugi\u00e9s, sans se douter qu\u2019elle d\u00e9clenchera une avalanche migratoire, l\u2019empathie ayant d\u00e9j\u00e0 \u00e9touff\u00e9 la raison. 4 mois plus tard, elle n\u2019a toujours pas renou\u00e9 avec la raison, \u00e0 la diff\u00e9rence pr\u00e8s que le cri du coeur s\u2019est tu. Les attentats du 13 novembre \u00e0 Paris puis les agressions sexuelles du nouvel an \u00e0 Cologne<br \/>\n(et malheureusement aussi ailleurs) ont chang\u00e9 la donne pour un grand nombre d\u2019Allemands, faisant place au scepticisme.<\/p>\n<p><!--more--><\/p>\n<p>L\u2019admiration que son geste humanitaire a suscit\u00e9 en 2015 s\u2019est transform\u00e9e en incr\u00e9dulit\u00e9: Angela Merkel laisse entrer le loup dans la bergerie. Croit-elle vraiment en ce qu\u2019elle a dit et continue de r\u00e9p\u00e9ter \u2013 \u2018Wir schaffen das\u2019 (\u2018nous y arriverons\u2019)? Les faits tiennent un autre langage: la police est d\u00e9pass\u00e9e, les communes d\u00e9bord\u00e9es, les citoyens inquiets, son gouvernement divis\u00e9 et l\u2019ordre social menac\u00e9 &#8211; mais pas un geste d\u2019apaisement de sa part tandis que les mouvements populistes prennent de l\u2019ampleur et que les d\u00e9lits dans les foyers de migrants se multiplient. Est-elle pass\u00e9e de l\u2019empathie \u00e0 la folie des grandeurs en s\u2019\u00e9rigeant en conscience morale, refusant d\u2019admettre qu\u2019elle met non seulement la population allemande en danger mais aussi l\u2019Europe? Pense-t\u2019elle s\u00e9rieusement que la solution europ\u00e9enne (l\u2019application des quotas controvers\u00e9s de r\u00e9partition) viendra parce qu\u2019elle en a d\u00e9cid\u00e9 ainsi, parce que le moteur \u00e9conomique d\u2019une Europe divis\u00e9e se veut moralisateur et rassembleur ? La morale et la politique ne font pas bon m\u00e9nage, encore moins lorsque la morale bien-pensante vient perturber l\u2019ordre social national et l\u2019\u00e9quilibre europ\u00e9en. Alors il serait temps d\u2019admettre que cette politique migratoire improvis\u00e9e risque de porter un coup fatal \u00e0 l\u2019Allemagne.<\/p>\n<p>Le contribuable allemand acceptera-t\u2019il de payer la facture? Les r\u00e9fugi\u00e9s et les migrants (entretemps le cercle s\u2019est \u00e9largi) auront-ils la volont\u00e9 de s\u2019int\u00e9grer et d\u2019adh\u00e9rer \u00e0 des valeurs diam\u00e9tralement oppos\u00e9es aux leurs? Autant d\u2019incertitudes qui ont fait d\u2019un pays o\u00f9 il faisait bon vivre un pays marqu\u00e9 par la peur de l\u2019avenir et un sentiment d\u2019ins\u00e9curit\u00e9 car, ne nous voilons pas la face, un flux migratoire de cette ampleur est une bombe \u00e0 retardement, d\u2019autant que les migrants ont des profils trop diff\u00e9rents (victimes de la guerre mais aussi criminels de guerre, musulmans en qu\u00eate d\u2019une nouvelle vie mais aussi islamistes et terroristes potentiels, r\u00e9fugi\u00e9s \u00e9conomiques et d\u00e9linquants itin\u00e9rants, etc.) pour trouver une r\u00e9ponse universelle aux probl\u00e8mes qui se posent. Face \u00e0 ce d\u00e9fi, l\u2019Allemagne est en position d\u2019isolement en Europe, ses deux alli\u00e9es, la Su\u00e8de et l\u2019Autriche, ayant r\u00e9agi \u00e0 la menace de d\u00e9stabilisation soci\u00e9tale en rectifiant le tir, pour ce qui est de la Su\u00e8de d\u2019une mani\u00e8re tr\u00e8s cons\u00e9quente.<\/p>\n<p>Ce d\u00e9ni de la r\u00e9alit\u00e9 met l\u2019Allemagne en danger, avec des cons\u00e9quences impr\u00e9visibles tant \u00e9conomiquement et politiquement que socialement sur un terrain fertile aux d\u00e9rives extr\u00e9mistes. Une correction n\u2019est possible que si Angela Merkel accepte d\u2019assumer ses erreurs et de quitter la sc\u00e8ne politique avant que l\u2019Allemagne ne devienne ingouvernable en raison de ses divisions profondes dont elle est responsable. La chanceli\u00e8re a failli \u00e0 son mandat. Elle n\u2019est pas la conscience de l\u2019Allemagne et encore moins celle de l\u2019Europe. Le sentimentalisme ne saurait occulter la raison. L\u2019\u00e8re Merkel prend fin en nous laissant un terrain min\u00e9. Quel g\u00e2chis!<\/p>\n<p>Cologne, 28\/01\/2016, I.T.T.<\/p>\n","protected":false},"excerpt":{"rendered":"<p>Fin de l\u2019\u00e9t\u00e9 2015, tout partait d\u2019un bon sentiment : Angela Merkel s\u2019apitoie sur le sort des r\u00e9fugi\u00e9s qui affluent aux fronti\u00e8res europ\u00e9ennes, des images insupportables tournent en boucle, et, contrairement \u00e0 ses habitudes empreintes de pragmatisme, elle d\u00e9cide en &hellip; <a href=\"https:\/\/sven-teuber.info\/wordpress\/quand-lallemagne-bien-pensante-perd-le-controle-delle-meme\/\">Weiterlesen <span class=\"meta-nav\">&rarr;<\/span><\/a><\/p>\n","protected":false},"author":2,"featured_media":0,"comment_status":"open","ping_status":"open","sticky":false,"template":"","format":"standard","meta":{"_crdt_document":"","jetpack_post_was_ever_published":false,"_jetpack_newsletter_access":"","_jetpack_dont_email_post_to_subs":false,"_jetpack_newsletter_tier_id":0,"_jetpack_memberships_contains_paywalled_content":false,"_jetpack_memberships_contains_paid_content":false,"footnotes":"","jetpack_publicize_message":"","jetpack_publicize_feature_enabled":true,"jetpack_social_post_already_shared":true,"jetpack_social_options":{"image_generator_settings":{"template":"highway","default_image_id":0,"font":"","enabled":false},"version":2}},"categories":[3],"tags":[348,342,347],"class_list":["post-3339","post","type-post","status-publish","format-standard","hentry","category-for-your-information","tag-angela-merkel","tag-europa","tag-lallemagne"],"jetpack_publicize_connections":[],"jetpack_featured_media_url":"","jetpack_sharing_enabled":true,"jetpack_shortlink":"https:\/\/wp.me\/p3CWBT-RR","jetpack-related-posts":[{"id":2598,"url":"https:\/\/sven-teuber.info\/wordpress\/a-propos-de-la-philosophie-de-hegel\/","url_meta":{"origin":3339,"position":0},"title":"A propos de la philosophie de Hegel","author":"steuber","date":"14. Januar 2015","format":false,"excerpt":"Voici un grand article que nous faisons para\u00eetre en 3 parties sur Hegel (photo) et sa conception de l\u2019ath\u00e9isme, par Paul Dubouchet, Ma\u00eetre de conf\u00e9rence de droit public \u00e0 l\u2019Universit\u00e9 de Corse, qui a consacr\u00e9 ses recherches \u00e0 une exploration de la raison pratique \u00e0 partir de l\u2019exp\u00e9rience privil\u00e9gi\u00e9e du\u2026","rel":"","context":"In &quot;Allgemein&quot;","block_context":{"text":"Allgemein","link":"https:\/\/sven-teuber.info\/wordpress\/category\/allgemein\/"},"img":{"alt_text":"","src":"","width":0,"height":0},"classes":[]},{"id":3731,"url":"https:\/\/sven-teuber.info\/wordpress\/lallemagne-et-sa-sacro-sainte-liberte-religieuse\/","url_meta":{"origin":3339,"position":1},"title":"L\u2019Allemagne et sa sacro-sainte libert\u00e9 religieuse","author":"steuber","date":"22. August 2016","format":false,"excerpt":"Avanc\u00e9e de l\u2019islamisme, attentats au nom d\u2019Allah, agressions sexuelles, haine des juifs et des homosexuels, des millions de musulmans fuyant les pays islamiques pour se r\u00e9fugier chez les m\u00e9cr\u00e9ants: la crise des r\u00e9fugi\u00e9s nous en fait de bonnes et empeste les d\u00e9bats sur le r\u00f4le de l\u2019Islam, religion de paix\u2026","rel":"","context":"In &quot;Allgemein&quot;","block_context":{"text":"Allgemein","link":"https:\/\/sven-teuber.info\/wordpress\/category\/allgemein\/"},"img":{"alt_text":"Marx_FR","src":"https:\/\/i0.wp.com\/sven-teuber.info\/wordpress\/wp-content\/uploads\/2016\/08\/Marx_FR.jpg?resize=350%2C200","width":350,"height":200,"srcset":"https:\/\/i0.wp.com\/sven-teuber.info\/wordpress\/wp-content\/uploads\/2016\/08\/Marx_FR.jpg?resize=350%2C200 1x, https:\/\/i0.wp.com\/sven-teuber.info\/wordpress\/wp-content\/uploads\/2016\/08\/Marx_FR.jpg?resize=525%2C300 1.5x, https:\/\/i0.wp.com\/sven-teuber.info\/wordpress\/wp-content\/uploads\/2016\/08\/Marx_FR.jpg?resize=700%2C400 2x"},"classes":[]},{"id":4198,"url":"https:\/\/sven-teuber.info\/wordpress\/lettre-ouverte-au-ministere-de-leducation-nationale\/","url_meta":{"origin":3339,"position":2},"title":"Lettre ouverte au Minist\u00e8re de l\u2019Education nationale","author":"steuber","date":"8. September 2017","format":"chat","excerpt":"Minist\u00e8re de l\u2019Education nationale, Monsieur Jean-Michel Blanquer, Ministre de l\u2019Education nationale, Madame Fr\u00e9d\u00e9rique Vidal, Ministre de l\u2019Enseignement sup\u00e9rieur et de la Recherche, Je souhaiterais, par la pr\u00e9sente, vous faire part de quelques constats regrettables relatifs au fonctionnement de votre administration \/ vos administrations. Vivant en Allemagne, ces dysfonctionnements me sont\u2026","rel":"","context":"In &quot;For your Information&quot;","block_context":{"text":"For your Information","link":"https:\/\/sven-teuber.info\/wordpress\/category\/for-your-information\/"},"img":{"alt_text":"","src":"https:\/\/i0.wp.com\/sven-teuber.info\/wordpress\/wp-content\/uploads\/2017\/09\/Linien-2.jpg?resize=350%2C200","width":350,"height":200,"srcset":"https:\/\/i0.wp.com\/sven-teuber.info\/wordpress\/wp-content\/uploads\/2017\/09\/Linien-2.jpg?resize=350%2C200 1x, https:\/\/i0.wp.com\/sven-teuber.info\/wordpress\/wp-content\/uploads\/2017\/09\/Linien-2.jpg?resize=525%2C300 1.5x, https:\/\/i0.wp.com\/sven-teuber.info\/wordpress\/wp-content\/uploads\/2017\/09\/Linien-2.jpg?resize=700%2C400 2x"},"classes":[]},{"id":5320,"url":"https:\/\/sven-teuber.info\/wordpress\/distributions-solidaires-de-nourriture-aux-temples-de-pashupatinath-nepal\/","url_meta":{"origin":3339,"position":3},"title":"Distributions solidaires de nourriture aux temples de Pashupatinath N\u00e9pal.","author":"steuber","date":"15. August 2020","format":false,"excerpt":"Le N\u00e9pal a d\u00e9cr\u00e9t\u00e9 le confinement le 23 mars et malgr\u00e9 un assouplissement consid\u00e9rable des mesures sanitaires depuis le 22 juillet, la situation demeure inqui\u00e9tante pour une partie importante de la population, du moins dans la vall\u00e9e de Kathmandou. Avec la fermeture des fronti\u00e8res, l'absence de tourisme, la d\u00e9pendance \u00e0\u2026","rel":"","context":"In &quot;Allgemein&quot;","block_context":{"text":"Allgemein","link":"https:\/\/sven-teuber.info\/wordpress\/category\/allgemein\/"},"img":{"alt_text":"","src":"","width":0,"height":0},"classes":[]},{"id":2908,"url":"https:\/\/sven-teuber.info\/wordpress\/extrait-du-petit-dico-syrizien\/","url_meta":{"origin":3339,"position":4},"title":"Extrait du petit dico syrizien","author":"steuber","date":"6. Juli 2015","format":"quote","excerpt":"Extrait du petit dico syrizien Le petit dico syrizien, sorti en Gr\u00e8ce en 2015, est l\u2019oeuvre commune de deux usurpateurs narcissiques, \u00e9lus d\u00e9mocratiquement par le peuple grec pour remplacer la religion par l\u2019id\u00e9ologie, l\u2019information par la propagande et la r\u00e9flexion par la r\u00e9bellion. Voici quelques exemples de d\u00e9finitions\u00a0: TROIKA Rassemblement\u2026","rel":"","context":"In &quot;Allgemein&quot;","block_context":{"text":"Allgemein","link":"https:\/\/sven-teuber.info\/wordpress\/category\/allgemein\/"},"img":{"alt_text":"","src":"","width":0,"height":0},"classes":[]},{"id":3472,"url":"https:\/\/sven-teuber.info\/wordpress\/un-oeil-sur-la-planete-syrie-le-grand-aveuglement\/","url_meta":{"origin":3339,"position":5},"title":"Un \u0152il sur la plan\u00e8te. Syrie : le grand aveuglement","author":"steuber","date":"19. Februar 2016","format":"video","excerpt":"\"Cinq ans apr\u00e8s le d\u00e9but du conflit syrien, le bilan est absolument terrifiant, avec 260 000 tu\u00e9s, huit millions de d\u00e9plac\u00e9s dans le pays, quatre millions de r\u00e9fugi\u00e9s \u00e0 l\u2019\u00e9tranger\". Au sommaire : La passion du djihad. Les deux tiers de la population rest\u00e9e en Syrie ont choisi de vivre\u2026","rel":"","context":"In &quot;For your Information&quot;","block_context":{"text":"For your Information","link":"https:\/\/sven-teuber.info\/wordpress\/category\/for-your-information\/"},"img":{"alt_text":"","src":"","width":0,"height":0},"classes":[]}],"jetpack_likes_enabled":true,"_links":{"self":[{"href":"https:\/\/sven-teuber.info\/wordpress\/wp-json\/wp\/v2\/posts\/3339","targetHints":{"allow":["GET"]}}],"collection":[{"href":"https:\/\/sven-teuber.info\/wordpress\/wp-json\/wp\/v2\/posts"}],"about":[{"href":"https:\/\/sven-teuber.info\/wordpress\/wp-json\/wp\/v2\/types\/post"}],"author":[{"embeddable":true,"href":"https:\/\/sven-teuber.info\/wordpress\/wp-json\/wp\/v2\/users\/2"}],"replies":[{"embeddable":true,"href":"https:\/\/sven-teuber.info\/wordpress\/wp-json\/wp\/v2\/comments?post=3339"}],"version-history":[{"count":4,"href":"https:\/\/sven-teuber.info\/wordpress\/wp-json\/wp\/v2\/posts\/3339\/revisions"}],"predecessor-version":[{"id":3346,"href":"https:\/\/sven-teuber.info\/wordpress\/wp-json\/wp\/v2\/posts\/3339\/revisions\/3346"}],"wp:attachment":[{"href":"https:\/\/sven-teuber.info\/wordpress\/wp-json\/wp\/v2\/media?parent=3339"}],"wp:term":[{"taxonomy":"category","embeddable":true,"href":"https:\/\/sven-teuber.info\/wordpress\/wp-json\/wp\/v2\/categories?post=3339"},{"taxonomy":"post_tag","embeddable":true,"href":"https:\/\/sven-teuber.info\/wordpress\/wp-json\/wp\/v2\/tags?post=3339"}],"curies":[{"name":"wp","href":"https:\/\/api.w.org\/{rel}","templated":true}]}}