{"id":3362,"date":"2016-01-30T20:50:19","date_gmt":"2016-01-30T19:50:19","guid":{"rendered":"http:\/\/sven-teuber.info\/wordpress\/?p=3362"},"modified":"2016-01-30T20:50:19","modified_gmt":"2016-01-30T19:50:19","slug":"die-kunst-ist-tot-es-lebe-dada","status":"publish","type":"post","link":"https:\/\/sven-teuber.info\/wordpress\/die-kunst-ist-tot-es-lebe-dada\/","title":{"rendered":"Die Kunst ist tot, es lebe Dada!"},"content":{"rendered":"<p><a href=\"https:\/\/sven-teuber.info\/wordpress\/100_dada_klein\/\" rel=\"attachment wp-att-3366\"><img data-recalc-dims=\"1\" loading=\"lazy\" decoding=\"async\" data-attachment-id=\"3366\" data-permalink=\"https:\/\/sven-teuber.info\/wordpress\/die-kunst-ist-tot-es-lebe-dada\/100_dada_klein\/\" data-orig-file=\"https:\/\/i0.wp.com\/sven-teuber.info\/wordpress\/wp-content\/uploads\/2016\/01\/100_Dada_klein.jpg?fit=600%2C557&amp;ssl=1\" data-orig-size=\"600,557\" data-comments-opened=\"1\" data-image-meta=\"{&quot;aperture&quot;:&quot;0&quot;,&quot;credit&quot;:&quot;&quot;,&quot;camera&quot;:&quot;&quot;,&quot;caption&quot;:&quot;&quot;,&quot;created_timestamp&quot;:&quot;0&quot;,&quot;copyright&quot;:&quot;&quot;,&quot;focal_length&quot;:&quot;0&quot;,&quot;iso&quot;:&quot;0&quot;,&quot;shutter_speed&quot;:&quot;0&quot;,&quot;title&quot;:&quot;&quot;,&quot;orientation&quot;:&quot;1&quot;}\" data-image-title=\"100_Dada_klein\" data-image-description=\"\" data-image-caption=\"\" data-large-file=\"https:\/\/i0.wp.com\/sven-teuber.info\/wordpress\/wp-content\/uploads\/2016\/01\/100_Dada_klein.jpg?fit=584%2C542&amp;ssl=1\" class=\"size-full wp-image-3366 aligncenter\" src=\"https:\/\/i0.wp.com\/sven-teuber.info\/wordpress\/wp-content\/uploads\/2016\/01\/100_Dada_klein.jpg?resize=584%2C542&#038;ssl=1\" alt=\"100_Dada_klein\" width=\"584\" height=\"542\" srcset=\"https:\/\/i0.wp.com\/sven-teuber.info\/wordpress\/wp-content\/uploads\/2016\/01\/100_Dada_klein.jpg?w=600&amp;ssl=1 600w, https:\/\/i0.wp.com\/sven-teuber.info\/wordpress\/wp-content\/uploads\/2016\/01\/100_Dada_klein.jpg?resize=300%2C279&amp;ssl=1 300w, https:\/\/i0.wp.com\/sven-teuber.info\/wordpress\/wp-content\/uploads\/2016\/01\/100_Dada_klein.jpg?resize=259%2C240&amp;ssl=1 259w\" sizes=\"auto, (max-width: 584px) 100vw, 584px\" \/><\/a><\/p>\n","protected":false},"excerpt":{"rendered":"","protected":false},"author":2,"featured_media":0,"comment_status":"open","ping_status":"open","sticky":false,"template":"","format":"video","meta":{"_crdt_document":"","jetpack_post_was_ever_published":false,"_jetpack_newsletter_access":"","_jetpack_dont_email_post_to_subs":false,"_jetpack_newsletter_tier_id":0,"_jetpack_memberships_contains_paywalled_content":false,"_jetpack_memberships_contains_paid_content":false,"footnotes":"","jetpack_publicize_message":"","jetpack_publicize_feature_enabled":true,"jetpack_social_post_already_shared":true,"jetpack_social_options":{"image_generator_settings":{"template":"highway","default_image_id":0,"font":"","enabled":false},"version":2}},"categories":[1,23],"tags":[354,353,28],"class_list":["post-3362","post","type-post","status-publish","format-video","hentry","category-allgemein","category-events","tag-blog","tag-dada","tag-kunst","post_format-post-format-video"],"jetpack_publicize_connections":[],"jetpack_featured_media_url":"","jetpack_sharing_enabled":true,"jetpack_shortlink":"https:\/\/wp.me\/p3CWBT-Se","jetpack-related-posts":[{"id":6596,"url":"https:\/\/sven-teuber.info\/wordpress\/dada-und-die-experimentelle-fotografie-konzepte-kuenstler-und-aktualitaet\/","url_meta":{"origin":3362,"position":0},"title":"Dada und die experimentelle Fotografie: Konzepte, K\u00fcnstler und Aktualit\u00e4t","author":"steuber","date":"18. August 2025","format":false,"excerpt":"1. Einleitung: Bedeutung von Dada in der Fotografie Die Dada-Bewegung, entstanden 1916 im Z\u00fcrcher Cabaret Voltaire, gilt als eine der radikalsten k\u00fcnstlerischen Str\u00f6mungen des 20. Jahrhunderts. Sie war weniger ein Stil als vielmehr eine Haltung: der bewusste Bruch mit tradierten Kunstnormen, die Ablehnung rationaler Systeme und die Hinwendung zum Absurden,\u2026","rel":"","context":"In &quot;Allgemein&quot;","block_context":{"text":"Allgemein","link":"https:\/\/sven-teuber.info\/wordpress\/category\/allgemein\/"},"img":{"alt_text":"","src":"","width":0,"height":0},"classes":[]},{"id":4150,"url":"https:\/\/sven-teuber.info\/wordpress\/titel-dada-is-not-selfie\/","url_meta":{"origin":3362,"position":1},"title":"Titel: &#8222;Dada is not Selfie&#8220;","author":"steuber","date":"14. Mai 2017","format":false,"excerpt":"Aktuelles DAS SELFIE-PROJEKT Gruppenausstellung K\u00fcnstlernetzwerk crossart international Galerie & Antiquariat Rolf Hartung Beteiligte K\u00fcnstler: matoon, Torsten Wolber, LEONI A. J\u00e4kel, Bina Placzek-Theisen, Ebba Jahn, Peter M\u00fcck, Karin M\u00fchlwitz (kam\u00fa), Sylvia Reu\u00dfe, Sylvia D\u00f6lz, Petra Nettesheim, Manfred F\u00fcrth, Gitti Richardson, Chris Schulz, Hans Kohl, Alexis Derchain, Sven Teuber, Gabriele M\u00fcller, Jochen\u2026","rel":"","context":"In &quot;Exhibition&quot;","block_context":{"text":"Exhibition","link":"https:\/\/sven-teuber.info\/wordpress\/category\/exhibition\/"},"img":{"alt_text":"","src":"https:\/\/i0.wp.com\/sven-teuber.info\/wordpress\/wp-content\/uploads\/2017\/05\/Dada-is-not-Selfie.jpg?resize=350%2C200","width":350,"height":200,"srcset":"https:\/\/i0.wp.com\/sven-teuber.info\/wordpress\/wp-content\/uploads\/2017\/05\/Dada-is-not-Selfie.jpg?resize=350%2C200 1x, https:\/\/i0.wp.com\/sven-teuber.info\/wordpress\/wp-content\/uploads\/2017\/05\/Dada-is-not-Selfie.jpg?resize=525%2C300 1.5x, https:\/\/i0.wp.com\/sven-teuber.info\/wordpress\/wp-content\/uploads\/2017\/05\/Dada-is-not-Selfie.jpg?resize=700%2C400 2x, https:\/\/i0.wp.com\/sven-teuber.info\/wordpress\/wp-content\/uploads\/2017\/05\/Dada-is-not-Selfie.jpg?resize=1050%2C600 3x"},"classes":[]},{"id":3418,"url":"https:\/\/sven-teuber.info\/wordpress\/dada-und-die-kleinhirnkikrikis\/","url_meta":{"origin":3362,"position":2},"title":"Dada und die Kleinhirnkikrikis","author":"steuber","date":"6. Februar 2016","format":"image","excerpt":"\u00a0\u00a0\u00a0\u00a0\u00a0\u00a0\u00a0\u00a0\u00a0\u00a0\u00a0\u00a0\u00a0\u00a0\u00a0\u00a0\u00a0\u00a0\u00a0\u00a0\u00a0\u00a0\u00a0 \"Armina\" (HxWxP) : 55x20x20 cm - Weight : 8,0 Kg, Eiche H\u00fcpfend \u00fcber Kriecherbalken die Kleinhirnkikrikis der gesteigerten Langeweile. Es lebe das Drama der sexuellen Viertelkost, Exzesse des bet\u00e4ubten Denkens, Gedruckte Sicherheit, Orientiertes Wimpernklimpern der Propagandeure der Resignation. Die Lebensversicherungskannibalen erzielen wieder Erfolge, Kikiriki! Den aprilschwangeren Geschlechtsfinger lassen wir\u2026","rel":"","context":"In &quot;Foto-stretch&quot;","block_context":{"text":"Foto-stretch","link":"https:\/\/sven-teuber.info\/wordpress\/category\/foto-stretch\/"},"img":{"alt_text":"Armina","src":"https:\/\/i0.wp.com\/sven-teuber.info\/wordpress\/wp-content\/uploads\/2016\/02\/Armina.jpg?resize=350%2C200","width":350,"height":200},"classes":[]},{"id":3413,"url":"https:\/\/sven-teuber.info\/wordpress\/dada-siegt-und-der-ursprung-der-welt\/","url_meta":{"origin":3362,"position":3},"title":"DADA siegt und der Ursprung der Welt","author":"steuber","date":"5. Februar 2016","format":"image","excerpt":"Mixt Technik, Leinwand Format 120x80 cm In seiner \u00c4sthetik und Ehrlichkeit erscheint sie uns erneut. Die Demaskierung, die durch die Enth\u00fcllung bekannt geworden ist, \u00e4ndert unsere ach so gem\u00fctliche Gegenwart. Das 21. Jahrhundert steht daher ganz im aufkommenden Licht des Zitates von Richard Huelsenbeck \u201cAm Anfang war Data\u201d vom April\u2026","rel":"","context":"In &quot;Foto-stretch&quot;","block_context":{"text":"Foto-stretch","link":"https:\/\/sven-teuber.info\/wordpress\/category\/foto-stretch\/"},"img":{"alt_text":"Dada-courbet","src":"https:\/\/i0.wp.com\/sven-teuber.info\/wordpress\/wp-content\/uploads\/2016\/02\/Dada-courbet.jpg?resize=350%2C200","width":350,"height":200,"srcset":"https:\/\/i0.wp.com\/sven-teuber.info\/wordpress\/wp-content\/uploads\/2016\/02\/Dada-courbet.jpg?resize=350%2C200 1x, https:\/\/i0.wp.com\/sven-teuber.info\/wordpress\/wp-content\/uploads\/2016\/02\/Dada-courbet.jpg?resize=525%2C300 1.5x"},"classes":[]},{"id":2004,"url":"https:\/\/sven-teuber.info\/wordpress\/die-verlorene-unschuld\/","url_meta":{"origin":3362,"position":4},"title":"Die Verlorene Unschuld.","author":"steuber","date":"26. Januar 2014","format":"gallery","excerpt":"Durch den Umstand, dass sich das 100 - j\u00e4hrige Jubil\u00e4um des ersten Weltkrieges ansteht, greifen wir dies auf, um folgerichtig einzustimmen, dass ein solches Massaker \u201eBlutpumpe\u201c mit ca. 9 Millionen tote Soldaten sowie zahlreichen Entstellten und Verst\u00fcmmelten aus unserem kollektiven Ged\u00e4chtnis nicht getilgt wird. Die \u00c4sthetik und Ehrlichkeit einer unb\u00e4ndigen\u2026","rel":"","context":"In &quot;For your Information&quot;","block_context":{"text":"For your Information","link":"https:\/\/sven-teuber.info\/wordpress\/category\/for-your-information\/"},"img":{"alt_text":"","src":"","width":0,"height":0},"classes":[]},{"id":3421,"url":"https:\/\/sven-teuber.info\/wordpress\/dada-zum-um-halben-preis\/","url_meta":{"origin":3362,"position":5},"title":"Dada zum halben Preis","author":"steuber","date":"8. Februar 2016","format":"image","excerpt":"Hinter bunten Schaufensterscheiben Grabbelkistensonderangebote alles zum halben Preis. Masken, frisch geschminkte Gesichter mit demselben L\u00e4cheln schemenhaft stets bereit Vergesslichkeit Preisvergleich. F\u00fcnf Silberlinge f\u00fcr jede tote Seele, die in einem K\u00f6rper steckt. Ein Super-Sonderangebot zum halben Preis.","rel":"","context":"In &quot;Foto-stretch&quot;","block_context":{"text":"Foto-stretch","link":"https:\/\/sven-teuber.info\/wordpress\/category\/foto-stretch\/"},"img":{"alt_text":"P1020485-B","src":"https:\/\/i0.wp.com\/sven-teuber.info\/wordpress\/wp-content\/uploads\/2016\/02\/P1020485-B.jpg?resize=350%2C200","width":350,"height":200},"classes":[]}],"jetpack_likes_enabled":true,"_links":{"self":[{"href":"https:\/\/sven-teuber.info\/wordpress\/wp-json\/wp\/v2\/posts\/3362","targetHints":{"allow":["GET"]}}],"collection":[{"href":"https:\/\/sven-teuber.info\/wordpress\/wp-json\/wp\/v2\/posts"}],"about":[{"href":"https:\/\/sven-teuber.info\/wordpress\/wp-json\/wp\/v2\/types\/post"}],"author":[{"embeddable":true,"href":"https:\/\/sven-teuber.info\/wordpress\/wp-json\/wp\/v2\/users\/2"}],"replies":[{"embeddable":true,"href":"https:\/\/sven-teuber.info\/wordpress\/wp-json\/wp\/v2\/comments?post=3362"}],"version-history":[{"count":3,"href":"https:\/\/sven-teuber.info\/wordpress\/wp-json\/wp\/v2\/posts\/3362\/revisions"}],"predecessor-version":[{"id":3369,"href":"https:\/\/sven-teuber.info\/wordpress\/wp-json\/wp\/v2\/posts\/3362\/revisions\/3369"}],"wp:attachment":[{"href":"https:\/\/sven-teuber.info\/wordpress\/wp-json\/wp\/v2\/media?parent=3362"}],"wp:term":[{"taxonomy":"category","embeddable":true,"href":"https:\/\/sven-teuber.info\/wordpress\/wp-json\/wp\/v2\/categories?post=3362"},{"taxonomy":"post_tag","embeddable":true,"href":"https:\/\/sven-teuber.info\/wordpress\/wp-json\/wp\/v2\/tags?post=3362"}],"curies":[{"name":"wp","href":"https:\/\/api.w.org\/{rel}","templated":true}]}}