{"id":3661,"date":"2016-07-27T20:02:53","date_gmt":"2016-07-27T19:02:53","guid":{"rendered":"http:\/\/sven-teuber.info\/wordpress\/?p=3661"},"modified":"2016-07-29T14:57:47","modified_gmt":"2016-07-29T13:57:47","slug":"ein-blick-zurueck-resuemee","status":"publish","type":"post","link":"https:\/\/sven-teuber.info\/wordpress\/ein-blick-zurueck-resuemee\/","title":{"rendered":"Ein Blick zur\u00fcck, Res\u00fcmee"},"content":{"rendered":"<p><a href=\"https:\/\/sven-teuber.info\/wordpress\/la-laicite-2\/\"><img data-recalc-dims=\"1\" loading=\"lazy\" decoding=\"async\" data-attachment-id=\"3660\" data-permalink=\"https:\/\/sven-teuber.info\/wordpress\/ein-blick-zurueck-resuemee\/la-laicite-2\/\" data-orig-file=\"https:\/\/i0.wp.com\/sven-teuber.info\/wordpress\/wp-content\/uploads\/2016\/07\/La-laicite-1.jpg?fit=1024%2C768&amp;ssl=1\" data-orig-size=\"1024,768\" data-comments-opened=\"1\" data-image-meta=\"{&quot;aperture&quot;:&quot;0&quot;,&quot;credit&quot;:&quot;&quot;,&quot;camera&quot;:&quot;&quot;,&quot;caption&quot;:&quot;&quot;,&quot;created_timestamp&quot;:&quot;0&quot;,&quot;copyright&quot;:&quot;&quot;,&quot;focal_length&quot;:&quot;0&quot;,&quot;iso&quot;:&quot;0&quot;,&quot;shutter_speed&quot;:&quot;0&quot;,&quot;title&quot;:&quot;&quot;,&quot;orientation&quot;:&quot;0&quot;}\" data-image-title=\"La laicite\" data-image-description=\"\" data-image-caption=\"\" data-large-file=\"https:\/\/i0.wp.com\/sven-teuber.info\/wordpress\/wp-content\/uploads\/2016\/07\/La-laicite-1.jpg?fit=584%2C438&amp;ssl=1\" class=\"size-full wp-image-3660 aligncenter\" src=\"https:\/\/i0.wp.com\/sven-teuber.info\/wordpress\/wp-content\/uploads\/2016\/07\/La-laicite-1.jpg?resize=584%2C438&#038;ssl=1\" alt=\"La laicite\" width=\"584\" height=\"438\" srcset=\"https:\/\/i0.wp.com\/sven-teuber.info\/wordpress\/wp-content\/uploads\/2016\/07\/La-laicite-1.jpg?w=1024&amp;ssl=1 1024w, https:\/\/i0.wp.com\/sven-teuber.info\/wordpress\/wp-content\/uploads\/2016\/07\/La-laicite-1.jpg?resize=300%2C225&amp;ssl=1 300w, https:\/\/i0.wp.com\/sven-teuber.info\/wordpress\/wp-content\/uploads\/2016\/07\/La-laicite-1.jpg?resize=768%2C576&amp;ssl=1 768w, https:\/\/i0.wp.com\/sven-teuber.info\/wordpress\/wp-content\/uploads\/2016\/07\/La-laicite-1.jpg?resize=320%2C240&amp;ssl=1 320w\" sizes=\"auto, (max-width: 584px) 100vw, 584px\" \/><\/a><\/p>\n<p><strong>Wir schaffen das, Wir schaffen das&#8230;.<br \/>\n<\/strong><\/p>\n<p><!--more--><\/p>\n<p>Europa der Unwilligen, Strafen f\u00fcr L\u00e4nder, die keine muslimischen Fl\u00fcchtlinge aufnehmen wollen, Merkels Feigheit in der B\u00f6hmermann-Aff\u00e4re und als Kr\u00f6nung des Ganzen der T\u00fcrkei-Deal \u2013 wieder mal im Alleingang: Deutschlands Hang zur Arroganz, wir machen alles besser, nat\u00fcrlich auch die Integration, sogar ohne uns \u00fcberhaupt zu fragen, ob die Menschen, die wir aufgenommen haben, ein Interesse daran haben. Die Islamisten und sonstige Kriegsverbrecher unter ihnen wahrscheinlich eher nicht. Und die gibt es tats\u00e4chlich, wie wir jetzt wissen.<\/p>\n<p>Skeptiker\/Kritiker, die nicht geh\u00f6rt wurden und mit der Keule der Fremdenfeindlichkeit\/Islamophobie erschlagen wurden, gerade von den Menschen, die grenzenlose Toleranz predigen. Die Kritik sollte im Keim erstickt werden, damit das Projekt (aber welches Projekt eigentlich?) nicht in Frage gestellt wird.<\/p>\n<p>Gut ausgebildete Fachkr\u00e4fte aus Syrien als Bereicherung f\u00fcr unser geschichtlich geplagtes Land hat man geh\u00f6rt, stattdessen eine Horde von Testosteron gesteuerten jungen M\u00e4nnern, die uns\u00a0 ihre Verachtung entgegen schleudern. Arbeitswillige Menschen, die die klammen Rentenkassen auff\u00fcllen sollten, stattdessen Sozialbetrug durch Mehrfachregistrierungen\u2026<\/p>\n<p>Integrations- und Deutschkurse, Wohnungen, mehr Polizei, Sozialarbeiter und Richter, Aufstockung der Beh\u00f6rden mit Personal und etliche Milliarden an Steuergeldern (unser Geld), um das Jahrhundert-Projekt des freundlichen Gesichtes zu finanzieren \u2013 all das, was unter derselben Regentschaft in den Jahren davor radikal zusammengek\u00fcrzt wurde.<\/p>\n<p>Einige Tausend Schl\u00e4fer (ob Psychopathen oder Islam-Junkies), langweilige Diskussionen um religi\u00f6se Gef\u00fchle und Grenzen der Satire, Schwimmunterricht und Kopft\u00fccher, und jetzt auch noch Pro-Erdogan-Demonstrationen in unseren St\u00e4dten \u2013 und in welchem Namen diesmal?<\/p>\n<p>Gutmenschen und Merkel-Groupies, die in ihrer an Dummheit grenzenden Ahnungslosigkeit f\u00fcr dieses Desaster mitverantwortlich sind. Bislang ist wirklich nichts von dem eingetroffen, was Angela Merkel und ihre neuen Freunde aus der ehemaligen Opposition vorhergesagt haben. Und der neue gemeinsame Feind, die AfD, hilft vom eigenen Versagen abzulenken. Jetzt wei\u00df der deutsche B\u00fcrger endlich, wor\u00fcber er sich emp\u00f6ren darf.<\/p>\n<p>Was \u00fcbrig geblieben ist: L\u00fcgen, Fehleinsch\u00e4tzungen und Verantwortungslosigkeit. Das Mindeste, was wir erwarten d\u00fcrfen, ist ein R\u00fccktritt der Kanzlerin, wie es sonst in der Politik \u00fcblich ist, wenn das Versagen zu offensichtlich wird. Ihr Freund Cameron hat es schlie\u00dflich auch getan.<\/p>\n<p>Ist es noch mit den demokratischen Grunds\u00e4tzen zu vereinbaren, \u00a0wenn man wie Feudalherren das Volk und gleich einen ganzen Kontinent regiert, unbelehrbar einen Fehler nach dem anderen macht und auf Wiederwahl hofft, indem man auf Amnesie setzt?<\/p>\n<p>Anne Will wird\u2019s schon richten\u2026<\/p>\n<p>Die Wahrscheinlichkeit \u00fcber ein Losverfahren jemanden zu finden, der das besser macht als Angela Merkel ist relativ hoch. Politiker sind eben nur Menschen und wissen auch nicht mehr als unser eins. Bescheidenheit und Selbstkritik geh\u00f6ren offensichtlich nicht zu den christlichen Werten der Frau Merkel.<\/p>\n<p>(27.07.16, ST\/IT)<\/p>\n","protected":false},"excerpt":{"rendered":"<p>Wir schaffen das, Wir schaffen das&#8230;.<\/p>\n","protected":false},"author":2,"featured_media":0,"comment_status":"open","ping_status":"open","sticky":false,"template":"","format":"status","meta":{"_crdt_document":"","jetpack_post_was_ever_published":false,"_jetpack_newsletter_access":"","_jetpack_dont_email_post_to_subs":false,"_jetpack_newsletter_tier_id":0,"_jetpack_memberships_contains_paywalled_content":false,"_jetpack_memberships_contains_paid_content":false,"footnotes":"","jetpack_publicize_message":"","jetpack_publicize_feature_enabled":true,"jetpack_social_post_already_shared":true,"jetpack_social_options":{"image_generator_settings":{"template":"highway","default_image_id":0,"font":"","enabled":false},"version":2}},"categories":[1,3],"tags":[436,437,434,435,438,439],"class_list":["post-3661","post","type-post","status-publish","format-status","hentry","category-allgemein","category-for-your-information","tag-boehmermann-affaere","tag-islamisten","tag-merkel","tag-politiker","tag-psychopathen","tag-wir-schaffen-das","post_format-post-format-status"],"jetpack_publicize_connections":[],"jetpack_featured_media_url":"","jetpack_sharing_enabled":true,"jetpack_shortlink":"https:\/\/wp.me\/p3CWBT-X3","jetpack-related-posts":[{"id":3706,"url":"https:\/\/sven-teuber.info\/wordpress\/kein-zusammenhang-zwischen-fluechtlingen-und-terror\/","url_meta":{"origin":3661,"position":0},"title":"Kein Zusammenhang zwischen Fl\u00fcchtlingen und Terror.","author":"steuber","date":"19. August 2016","format":false,"excerpt":"Artikel erschienen in der Zeit Online, Donnerstag 18 August 2016 \"Mehr Fl\u00fcchtlinge und damit mehr Terror in Deutschland? Diesen Zusammenhang sieht die Kanzlerin nicht. Ihre Partei, so verspricht sie, will f\u00fcr mehr Sicherheit sorgen\". Link: Islamistischer Terror: Merkel sieht keine Verbindung zwischen Fl\u00fcchtlingszuzug und Terror Kommentar zu dem Artikel. Wenn\u2026","rel":"","context":"In &quot;Allgemein&quot;","block_context":{"text":"Allgemein","link":"https:\/\/sven-teuber.info\/wordpress\/category\/allgemein\/"},"img":{"alt_text":"","src":"https:\/\/i0.wp.com\/sven-teuber.info\/wordpress\/wp-content\/uploads\/2016\/08\/Merkel-1.jpg?resize=350%2C200","width":350,"height":200,"srcset":"https:\/\/i0.wp.com\/sven-teuber.info\/wordpress\/wp-content\/uploads\/2016\/08\/Merkel-1.jpg?resize=350%2C200 1x, https:\/\/i0.wp.com\/sven-teuber.info\/wordpress\/wp-content\/uploads\/2016\/08\/Merkel-1.jpg?resize=525%2C300 1.5x, https:\/\/i0.wp.com\/sven-teuber.info\/wordpress\/wp-content\/uploads\/2016\/08\/Merkel-1.jpg?resize=700%2C400 2x"},"classes":[]},{"id":3337,"url":"https:\/\/sven-teuber.info\/wordpress\/wenn-die-gutmenschen-die-kontrolle-verlieren\/","url_meta":{"origin":3661,"position":1},"title":"Wenn die Gutmenschen die Kontrolle verlieren\u2026","author":"steuber","date":"29. Januar 2016","format":false,"excerpt":"Sp\u00e4tsommer 2015, Angela Merkel meint es gut: Sie macht sich Sorgen um die Fl\u00fcchtlinge, die sich an den europ\u00e4ischen Grenzen ansammeln, unertr\u00e4gliche Bilder der Verzweiflung, und entgegen ihrem \u00fcblichen Pragmatismus entscheidet sie im Alleingang, dass Deutschland ihr humanes Gesicht zeigen soll, Willkommenskultur statt durchdachte Politik, zahlreiche freiwillige HelferInnen im Schlepptau,\u2026","rel":"","context":"In &quot;For your Information&quot;","block_context":{"text":"For your Information","link":"https:\/\/sven-teuber.info\/wordpress\/category\/for-your-information\/"},"img":{"alt_text":"Aufruf","src":"https:\/\/i0.wp.com\/sven-teuber.info\/wordpress\/wp-content\/uploads\/2016\/01\/Aufruf.jpg?resize=350%2C200","width":350,"height":200,"srcset":"https:\/\/i0.wp.com\/sven-teuber.info\/wordpress\/wp-content\/uploads\/2016\/01\/Aufruf.jpg?resize=350%2C200 1x, https:\/\/i0.wp.com\/sven-teuber.info\/wordpress\/wp-content\/uploads\/2016\/01\/Aufruf.jpg?resize=525%2C300 1.5x"},"classes":[]},{"id":3861,"url":"https:\/\/sven-teuber.info\/wordpress\/merkel-2017-von-itt\/","url_meta":{"origin":3661,"position":2},"title":"Merkel 2017 von ITT","author":"steuber","date":"2. Dezember 2016","format":"quote","excerpt":"Angela Merkel 2017 Sie hat es gewagt: sie tritt nochmal an und schlimmer noch, ihre Chancen stehen sogar gut, denn das Wahlvolk steht f\u00fcr demokratisch legitimierten Stillstand. Uns geht es gut wiederholt sie immer wieder aber dazu gefragt werden wir nicht. Es muss uns einfach gut gehen und das auch\u2026","rel":"","context":"In &quot;ITT&quot;","block_context":{"text":"ITT","link":"https:\/\/sven-teuber.info\/wordpress\/category\/itt\/"},"img":{"alt_text":"","src":"","width":0,"height":0},"classes":[]},{"id":3479,"url":"https:\/\/sven-teuber.info\/wordpress\/syrien-die-verblendung\/","url_meta":{"origin":3661,"position":3},"title":"SYRIEN: DIE VERBLENDUNG","author":"steuber","date":"22. Februar 2016","format":false,"excerpt":"Der franz\u00f6sische Fernsehsender France 2 hat es in seiner Reportage \u2018Syrie: l\u2019aveuglement\u2019 (Die Verblendung) aus der Reihe \u2018Un oeil sur la plan\u00e8te\u2019 auf den Punkt gebracht: Die Sicht der Regierungen auf den Konflikt in Syrien bezieht sich eher auf Fiktion als auf die Realit\u00e4t mit ihren vielf\u00e4ltigen Verflechtungen. Die daraus\u2026","rel":"","context":"In &quot;For your Information&quot;","block_context":{"text":"For your Information","link":"https:\/\/sven-teuber.info\/wordpress\/category\/for-your-information\/"},"img":{"alt_text":"","src":"","width":0,"height":0},"classes":[]},{"id":3339,"url":"https:\/\/sven-teuber.info\/wordpress\/quand-lallemagne-bien-pensante-perd-le-controle-delle-meme\/","url_meta":{"origin":3661,"position":4},"title":"Quand l\u2019Allemagne bien-pensante perd le contr\u00f4le d\u2019elle-m\u00eame.","author":"steuber","date":"29. Januar 2016","format":false,"excerpt":"Fin de l\u2019\u00e9t\u00e9 2015, tout partait d\u2019un bon sentiment : Angela Merkel s\u2019apitoie sur le sort des r\u00e9fugi\u00e9s qui affluent aux fronti\u00e8res europ\u00e9ennes, des images insupportables tournent en boucle, et, contrairement \u00e0 ses habitudes empreintes de pragmatisme, elle d\u00e9cide en solo de faire de l\u2019Allemagne une terre d\u2019accueil et des\u2026","rel":"","context":"In &quot;For your Information&quot;","block_context":{"text":"For your Information","link":"https:\/\/sven-teuber.info\/wordpress\/category\/for-your-information\/"},"img":{"alt_text":"","src":"","width":0,"height":0},"classes":[]},{"id":2904,"url":"https:\/\/sven-teuber.info\/wordpress\/syrisisches-woerterbuch\/","url_meta":{"origin":3661,"position":5},"title":"Syrisisches W\u00f6rterbuch","author":"steuber","date":"6. Juli 2015","format":"quote","excerpt":"Syrisisches W\u00f6rterbuch \u00a0Das syrisische W\u00f6rterbuch wurde 2015 in Griechenland herausgegeben von zwei narzisstischen Gaunern, die vom griechischen Volk demokratisch gew\u00e4hlt wurden, um die Religion durch Ideologie, die Information durch Propaganda und den Verstand durch Aufm\u00fcpfigkeit zu ersetzen. Nachfolgend einige Beispiele: TROIKA Zusammenkunft von Terroristen, die die Wiege der Demokratie vernichten\u2026","rel":"","context":"In &quot;Allgemein&quot;","block_context":{"text":"Allgemein","link":"https:\/\/sven-teuber.info\/wordpress\/category\/allgemein\/"},"img":{"alt_text":"","src":"","width":0,"height":0},"classes":[]}],"jetpack_likes_enabled":true,"_links":{"self":[{"href":"https:\/\/sven-teuber.info\/wordpress\/wp-json\/wp\/v2\/posts\/3661","targetHints":{"allow":["GET"]}}],"collection":[{"href":"https:\/\/sven-teuber.info\/wordpress\/wp-json\/wp\/v2\/posts"}],"about":[{"href":"https:\/\/sven-teuber.info\/wordpress\/wp-json\/wp\/v2\/types\/post"}],"author":[{"embeddable":true,"href":"https:\/\/sven-teuber.info\/wordpress\/wp-json\/wp\/v2\/users\/2"}],"replies":[{"embeddable":true,"href":"https:\/\/sven-teuber.info\/wordpress\/wp-json\/wp\/v2\/comments?post=3661"}],"version-history":[{"count":6,"href":"https:\/\/sven-teuber.info\/wordpress\/wp-json\/wp\/v2\/posts\/3661\/revisions"}],"predecessor-version":[{"id":3699,"href":"https:\/\/sven-teuber.info\/wordpress\/wp-json\/wp\/v2\/posts\/3661\/revisions\/3699"}],"wp:attachment":[{"href":"https:\/\/sven-teuber.info\/wordpress\/wp-json\/wp\/v2\/media?parent=3661"}],"wp:term":[{"taxonomy":"category","embeddable":true,"href":"https:\/\/sven-teuber.info\/wordpress\/wp-json\/wp\/v2\/categories?post=3661"},{"taxonomy":"post_tag","embeddable":true,"href":"https:\/\/sven-teuber.info\/wordpress\/wp-json\/wp\/v2\/tags?post=3661"}],"curies":[{"name":"wp","href":"https:\/\/api.w.org\/{rel}","templated":true}]}}