{"id":3706,"date":"2016-08-19T20:00:40","date_gmt":"2016-08-19T19:00:40","guid":{"rendered":"http:\/\/sven-teuber.info\/wordpress\/?p=3706"},"modified":"2016-08-19T09:51:59","modified_gmt":"2016-08-19T08:51:59","slug":"kein-zusammenhang-zwischen-fluechtlingen-und-terror","status":"publish","type":"post","link":"https:\/\/sven-teuber.info\/wordpress\/kein-zusammenhang-zwischen-fluechtlingen-und-terror\/","title":{"rendered":"Kein Zusammenhang zwischen Fl\u00fcchtlingen und Terror."},"content":{"rendered":"<div id=\"attachment_3705\" style=\"width: 1034px\" class=\"wp-caption aligncenter\"><a href=\"https:\/\/sven-teuber.info\/wordpress\/merkel-1\/\"><img data-recalc-dims=\"1\" loading=\"lazy\" decoding=\"async\" aria-describedby=\"caption-attachment-3705\" data-attachment-id=\"3705\" data-permalink=\"https:\/\/sven-teuber.info\/wordpress\/kein-zusammenhang-zwischen-fluechtlingen-und-terror\/merkel-1\/\" data-orig-file=\"https:\/\/i0.wp.com\/sven-teuber.info\/wordpress\/wp-content\/uploads\/2016\/08\/Merkel-1.jpg?fit=1024%2C432&amp;ssl=1\" data-orig-size=\"1024,432\" data-comments-opened=\"1\" data-image-meta=\"{&quot;aperture&quot;:&quot;0&quot;,&quot;credit&quot;:&quot;&quot;,&quot;camera&quot;:&quot;&quot;,&quot;caption&quot;:&quot;&quot;,&quot;created_timestamp&quot;:&quot;0&quot;,&quot;copyright&quot;:&quot;&quot;,&quot;focal_length&quot;:&quot;0&quot;,&quot;iso&quot;:&quot;0&quot;,&quot;shutter_speed&quot;:&quot;0&quot;,&quot;title&quot;:&quot;&quot;,&quot;orientation&quot;:&quot;0&quot;}\" data-image-title=\"Merkel-1\" data-image-description=\"\" data-image-caption=\"\" data-large-file=\"https:\/\/i0.wp.com\/sven-teuber.info\/wordpress\/wp-content\/uploads\/2016\/08\/Merkel-1.jpg?fit=584%2C246&amp;ssl=1\" class=\"wp-image-3705 size-full\" title=\"Des Menschen h\u00f6chstes Gut\" src=\"https:\/\/i0.wp.com\/sven-teuber.info\/wordpress\/wp-content\/uploads\/2016\/08\/Merkel-1.jpg?resize=584%2C246&#038;ssl=1\" width=\"584\" height=\"246\" srcset=\"https:\/\/i0.wp.com\/sven-teuber.info\/wordpress\/wp-content\/uploads\/2016\/08\/Merkel-1.jpg?w=1024&amp;ssl=1 1024w, https:\/\/i0.wp.com\/sven-teuber.info\/wordpress\/wp-content\/uploads\/2016\/08\/Merkel-1.jpg?resize=300%2C127&amp;ssl=1 300w, https:\/\/i0.wp.com\/sven-teuber.info\/wordpress\/wp-content\/uploads\/2016\/08\/Merkel-1.jpg?resize=768%2C324&amp;ssl=1 768w, https:\/\/i0.wp.com\/sven-teuber.info\/wordpress\/wp-content\/uploads\/2016\/08\/Merkel-1.jpg?resize=569%2C240&amp;ssl=1 569w\" sizes=\"auto, (max-width: 584px) 100vw, 584px\" \/><\/a><p id=\"caption-attachment-3705\" class=\"wp-caption-text\">Titel: Des Menschen h\u00f6chstes Gut, ST<\/p><\/div>\n<p>Artikel erschienen in der Zeit Online, Donnerstag 18 August 2016<\/p>\n<p><em>&#8222;Mehr Fl\u00fcchtlinge und damit mehr Terror in Deutschland? Diesen Zusammenhang sieht die Kanzlerin nicht. Ihre Partei, so verspricht sie, will f\u00fcr mehr Sicherheit sorgen&#8220;.<\/em><\/p>\n<p><a href=\"http:\/\/www.zeit.de\/politik\/2016-08\/angela-merkel-fluechtlinge-terror-wahlkampf-mecklenburg-vorpommern\">Link: Islamistischer Terror: Merkel sieht keine Verbindung zwischen Fl\u00fcchtlingszuzug und Terror<\/a><\/p>\n<p><strong>Kommentar zu dem Artikel.<\/strong><\/p>\n<p>Wenn ein Zusammenhang zwischen dem Zuzug von Fl\u00fcchtlingen und einer gewachsenen Terrorgefahr ausgeschlossen wird, darf es auch keine Anschl\u00e4ge geben, die von Fl\u00fcchtlingen ver\u00fcbt werden.<\/p>\n<p><!--more--><\/p>\n<p>Bis jetzt sind Terroranschl\u00e4ge \u00fcberwiegend von Personen begangen worden, die entweder schon in Europa lebten oder \u00fcber die Fl\u00fcchtlingsroute nach Europa gekommen sind.\u00a0 Die Einreise \u00fcber legale Transitwege nach Europa kann zwar nicht ausgeschlossen werden, ist aber doch eher die Ausnahme.<\/p>\n<p><strong>Was ist der Unterschied zwischen einem Fl\u00fcchtling und einem Terroristen?<\/strong><\/p>\n<p>Die differenzierte Betrachtung \u00a0von Frau Merkel, dass Fl\u00fcchtlinge keine Terroristen sind, liegt nahe.<br \/>\nAttent\u00e4ter, die sich und andere umbringen, fl\u00fcchten nicht, denn sie verfolgen das Ziel, f\u00fcr den Islam als M\u00e4rtyrer zu sterben und m\u00f6glichst viele Unbeteiligte umzubringen, um dann die Reise ins Paradies anzutreten. Dem zufolge haben sie auch nicht den Anspruch in Europa zu bleiben, Deutschkurse zu besuchen und sich integrieren zu lassen.<\/p>\n<p>Es kann sich daher nur um hier lebende Islamisten, Konvertiten, Gastarbeiterkinder handeln, die den Terror unterst\u00fctzen und sich radikalisiert haben, um als islamistische Harakiri-Reisende den Status der Gl\u00fcckseligkeit im Paradies zu erlangen und als selbstlose M\u00e4rtyrer m\u00f6glichst viele Ungl\u00e4ubige in die H\u00f6lle zu schicken, um den wahren, einzig richtigen Glauben zum Wohle aller zu etablieren.<\/p>\n<p>Die von den ungl\u00e4ubigen Menschen gemachten weltlichen Gesetze und Moralvorstellungen k\u00f6nnen nur abgel\u00f6st werden \u00fcber ein Kalifat, um die wahre g\u00f6ttliche Rechtsprechung, die Scharia, zum Wohle aller einzuf\u00fchren.<\/p>\n<p>Bedauerlicherweise wird es von den meisten Nicht-Muslimen oder moderaten Muslimen und dem Rest der Welt missverstanden. Der gefestigte Glaube und die \u00dcberzeugung erfordert nun mal, dass dann eben alle Menschen zu ihrem Gl\u00fcck gezwungen werden, \u00a0weil sie zu verkommen sind, um zu verstehen, dass es sich dabei um das gr\u00f6\u00dfte Geschenk Gottes handelt.<\/p>\n<p>Mit der selbigen \u00dcberzeugung ist man auch der Meinung, durch Deutsch- und Integrationskurse sowie \u00fcber die Gesetze von Ungl\u00e4ubigen (Grundgesetz, Meinungsfreiheit, Gleichberechtigung, Demokratie) problematische,\u00a0 unwillige Islamisten davon abzuhalten, sich \u00fcber den IS blitzradikalisieren zu lassen und sie dazu zu bringen, in das Lager friedliebender muslimischer Mitb\u00fcrger, Christen oder Atheisten zu wechseln.<\/p>\n<p>In dem Kontext der differenzierten Betrachtung\u00a0 (unter den Fl\u00fcchtlingen gibt es keine Terroristen) bietet Frau Merkel ihre sehr eigene Sicht der Dinge, \u00a0die einer pers\u00f6nlichen Logik folgt. Ihre Betrachtung und Einsch\u00e4tzung wird aber nicht von allen anderen Regierungen und B\u00fcrgern in Europa geteilt und st\u00f6\u00dft sogar auf Widerstand; deshalb wird sie missionarisch vorangetrieben und gipfelte dank einem unerbittlichen Einsatz\u00a0 und starkem Durchsetzungsverm\u00f6gen unserer Bundeskanzlerin gegen\u00fcber den anderen europ\u00e4ischen L\u00e4ndern in dem zweifelhaften T\u00fcrkei-Deal. Auch diese L\u00e4nder mussten zu ihrem Gl\u00fcck gezwungen werden.<\/p>\n<p>Wenn selbst ein muslimischer Staat wie Saudi-Arabien keine Fl\u00fcchtlinge aufnimmt aufgrund einer erh\u00f6hten Terrorgef\u00e4hrdung, liegt es nahe, dass nicht auszuschlie\u00dfen ist, dass islamistische Extremisten sich auch unter den Fl\u00fcchtlingen befinden.<\/p>\n<p>Diesen Widerspruch kann aber Frau Merkel und Teile der Regierung zu Recht \u00a0ignorieren, da\u00a0 Fl\u00fcchtlinge per se keine Terroristen sind und Saudi-Arabien nicht Deutschland ist &#8211; und weil es bei uns die Meinungsfreiheit gibt.<\/p>\n<p>Dass andere europ\u00e4ische Staaten eine \u00e4hnliche Strategie verfolgen oder die Aufnahme regulieren, stark reglementieren, ist nur auf den Umstand zur\u00fcckzuf\u00fchren, dass diese das Merkelsche Prinzip der Staatsf\u00fchrung nicht verstanden haben. Von daher ist es auch stimmig, alle, die nicht verstehen wollen, als europ\u00e4ische Abtr\u00fcnnige zu bezeichnen, die die europ\u00e4ische Wertegemeinschaft \u00a0von Frau Merkel nicht mittragen wollen.<\/p>\n<p>Auf die Problematik, dass vielleicht dennoch Terroristen in Deutschland leben oder nach Deutschland bzw. Europa \u00a0kommen, hat unsere Bundeskanzlerin folgenden L\u00f6sungsansatz parat: \u201eAuf die zunehmende Bedrohung\u201c\u00a0 mit \u201eMehr Personal plus mehr Eingriffsm\u00f6glichkeiten\u201c zu reagieren.<\/p>\n<p>Genial getroffene Entscheidungen, komplexe Zusammenh\u00e4nge und Gef\u00e4hrdungslagen mit weitreichenden Konsequenzen f\u00fcr den B\u00fcrger und den Staat verst\u00e4ndlich zu formulieren, ohne auf die eigentliche Ursache des Problems eingehen zu wollen. Dazu geh\u00f6rt auch der vor kurzem ver\u00f6ffentlichte <a href=\"http:\/\/www.n24.de\/n24\/Nachrichten\/Politik\/d\/5994480\/angela-merkels-neun-punkte-plan.html\">9-Punkte-Plan<\/a>, der in seiner Reduktion auf das Wesentliche kaum mehr zu \u00fcberbieten ist.<\/p>\n<p>Die \u00c4ngste der B\u00fcrger sind daher v\u00f6llig unbegr\u00fcndet, da es sich um keine rational begr\u00fcndeten \u00c4ngste handeln kann. Diese werden ausschlie\u00dflich von rechten Populisten und weiteren Kritikern \u00a0missbraucht, um die Menschen in unserem Land zu verunsichern. Nicht zu vergessen, dass wir auf die hochqualifizierten zuk\u00fcnftigen Arbeitnehmer aufgrund unserer demografischen Entwicklung nicht verzichten k\u00f6nnen, um Exportweltmeister zu bleiben.<\/p>\n<p>Zum Schluss, was ich wirklich vermisst habe, ist \u201eWir schaffen das\u201c am Ende der Wahlveranstaltung, um einen Optimismus ohne Grenzen zu verbreiten und die Menschen zu motivieren, am entscheidenden Wahltag das Kreuz auf dem Stimmzettel auf die richtige Stelle zu setzen, oder wer keine Alternativen mehr dazu sieht, ganz demokratisch auf seine Stimmabgabe zu verzichten und sich als getreuer Untertan seinem Schicksal hinzugeben.<\/p>\n<p>ST 19.08.2016<\/p>\n","protected":false},"excerpt":{"rendered":"<p>Artikel erschienen in der Zeit Online, Donnerstag 18 August 2016 &#8222;Mehr Fl\u00fcchtlinge und damit mehr Terror in Deutschland? Diesen Zusammenhang sieht die Kanzlerin nicht. Ihre Partei, so verspricht sie, will f\u00fcr mehr Sicherheit sorgen&#8220;. Link: Islamistischer Terror: Merkel sieht keine &hellip; <a href=\"https:\/\/sven-teuber.info\/wordpress\/kein-zusammenhang-zwischen-fluechtlingen-und-terror\/\">Weiterlesen <span class=\"meta-nav\">&rarr;<\/span><\/a><\/p>\n","protected":false},"author":2,"featured_media":0,"comment_status":"open","ping_status":"open","sticky":false,"template":"","format":"standard","meta":{"_crdt_document":"","jetpack_post_was_ever_published":false,"_jetpack_newsletter_access":"","_jetpack_dont_email_post_to_subs":false,"_jetpack_newsletter_tier_id":0,"_jetpack_memberships_contains_paywalled_content":false,"_jetpack_memberships_contains_paid_content":false,"footnotes":"","jetpack_publicize_message":"","jetpack_publicize_feature_enabled":true,"jetpack_social_post_already_shared":true,"jetpack_social_options":{"image_generator_settings":{"template":"highway","default_image_id":0,"font":"","enabled":false},"version":2}},"categories":[1,3],"tags":[456,459,453,454,434,455,457,460,458],"class_list":["post-3706","post","type-post","status-publish","format-standard","hentry","category-allgemein","category-for-your-information","tag-9-punkte-plan","tag-fluechtling","tag-fluechtlingszuzug-und-terror","tag-kommentar","tag-merkel","tag-merkelsche-prinzip-der-staatsfuehrung","tag-politik","tag-terroristen","tag-unterschied"],"jetpack_publicize_connections":[],"jetpack_featured_media_url":"","jetpack_sharing_enabled":true,"jetpack_shortlink":"https:\/\/wp.me\/p3CWBT-XM","jetpack-related-posts":[{"id":3861,"url":"https:\/\/sven-teuber.info\/wordpress\/merkel-2017-von-itt\/","url_meta":{"origin":3706,"position":0},"title":"Merkel 2017 von ITT","author":"steuber","date":"2. Dezember 2016","format":"quote","excerpt":"Angela Merkel 2017 Sie hat es gewagt: sie tritt nochmal an und schlimmer noch, ihre Chancen stehen sogar gut, denn das Wahlvolk steht f\u00fcr demokratisch legitimierten Stillstand. Uns geht es gut wiederholt sie immer wieder aber dazu gefragt werden wir nicht. Es muss uns einfach gut gehen und das auch\u2026","rel":"","context":"In &quot;ITT&quot;","block_context":{"text":"ITT","link":"https:\/\/sven-teuber.info\/wordpress\/category\/itt\/"},"img":{"alt_text":"","src":"","width":0,"height":0},"classes":[]},{"id":2788,"url":"https:\/\/sven-teuber.info\/wordpress\/verfolgte-jesiden-das-leid-der-fluechtlinge\/","url_meta":{"origin":3706,"position":1},"title":"Verfolgte Jesiden: das Leid der Fl\u00fcchtlinge","author":"","date":"25. Februar 2015","format":"video","excerpt":"Mehr als 2 Mio. Menschen fl\u00fcchten im Irak vor der Terrormiliz Islamischer Staat (IS). Auch wenn die IS-Milizen in einigen D\u00f6rfern und St\u00e4dten besiegt wurden - das Leiden der Fl\u00fcchtlinge ist noch lange nicht vorbei. \"Die Fl\u00fcchtlinge sind in einer katastrophalen Lage. Nur wenige Hilfslieferungen haben die Menschen in den\u2026","rel":"","context":"In &quot;Allgemein&quot;","block_context":{"text":"Allgemein","link":"https:\/\/sven-teuber.info\/wordpress\/category\/allgemein\/"},"img":{"alt_text":"","src":"","width":0,"height":0},"classes":[]},{"id":3242,"url":"https:\/\/sven-teuber.info\/wordpress\/grenzen-auf-oder-dicht\/","url_meta":{"origin":3706,"position":2},"title":"Grenzen auf oder dicht?","author":"steuber","date":"26. Dezember 2015","format":false,"excerpt":"Der Zugewinn von rechtskonservativen populistischen Str\u00f6mungen stellt eine Abkehr eines liberalen Individualismus dar, der eingebettet ist in ein demokratisches Gef\u00fcge, welches f\u00fcr die Grunds\u00e4tze einer offenen Gesellschaft eintritt. Durch den Umstand, dass diese Kr\u00e4fte an Einfluss gewinnen und ein \u00e4hnlich geartetes faschistoides Gedankengut diese \u00c4ngste durch Terror noch zus\u00e4tzlich anheizt,\u2026","rel":"","context":"In &quot;Allgemein&quot;","block_context":{"text":"Allgemein","link":"https:\/\/sven-teuber.info\/wordpress\/category\/allgemein\/"},"img":{"alt_text":"","src":"","width":0,"height":0},"classes":[]},{"id":3337,"url":"https:\/\/sven-teuber.info\/wordpress\/wenn-die-gutmenschen-die-kontrolle-verlieren\/","url_meta":{"origin":3706,"position":3},"title":"Wenn die Gutmenschen die Kontrolle verlieren\u2026","author":"steuber","date":"29. Januar 2016","format":false,"excerpt":"Sp\u00e4tsommer 2015, Angela Merkel meint es gut: Sie macht sich Sorgen um die Fl\u00fcchtlinge, die sich an den europ\u00e4ischen Grenzen ansammeln, unertr\u00e4gliche Bilder der Verzweiflung, und entgegen ihrem \u00fcblichen Pragmatismus entscheidet sie im Alleingang, dass Deutschland ihr humanes Gesicht zeigen soll, Willkommenskultur statt durchdachte Politik, zahlreiche freiwillige HelferInnen im Schlepptau,\u2026","rel":"","context":"In &quot;For your Information&quot;","block_context":{"text":"For your Information","link":"https:\/\/sven-teuber.info\/wordpress\/category\/for-your-information\/"},"img":{"alt_text":"Aufruf","src":"https:\/\/i0.wp.com\/sven-teuber.info\/wordpress\/wp-content\/uploads\/2016\/01\/Aufruf.jpg?resize=350%2C200","width":350,"height":200,"srcset":"https:\/\/i0.wp.com\/sven-teuber.info\/wordpress\/wp-content\/uploads\/2016\/01\/Aufruf.jpg?resize=350%2C200 1x, https:\/\/i0.wp.com\/sven-teuber.info\/wordpress\/wp-content\/uploads\/2016\/01\/Aufruf.jpg?resize=525%2C300 1.5x"},"classes":[]},{"id":3893,"url":"https:\/\/sven-teuber.info\/wordpress\/offener-brief-zu-dem-anschlag-in-berlin\/","url_meta":{"origin":3706,"position":4},"title":"Offener Brief zu dem Anschlag in Berlin. Stellungnahme des Arbeitsministeriums","author":"steuber","date":"22. Dezember 2016","format":false,"excerpt":"Offener Brief zu dem Anschlag in Berlin, es sind schwierige Zeiten und das Entsetzen \u00fcber die Ereignisse in Berlin l\u00f6st eine gro\u00dfe Betroffenheit und auch berechtigte \u00c4ngste aus. Es wird viel \u00fcber den Anschlag berichtet \u00a0und diskutiert. Was ich vermisse und wor\u00fcber niemand ein Wort verliert: Wo bleibt die Hilfe\u2026","rel":"","context":"In &quot;Allgemein&quot;","block_context":{"text":"Allgemein","link":"https:\/\/sven-teuber.info\/wordpress\/category\/allgemein\/"},"img":{"alt_text":"","src":"","width":0,"height":0},"classes":[]},{"id":3661,"url":"https:\/\/sven-teuber.info\/wordpress\/ein-blick-zurueck-resuemee\/","url_meta":{"origin":3706,"position":5},"title":"Ein Blick zur\u00fcck, Res\u00fcmee","author":"steuber","date":"27. Juli 2016","format":"status","excerpt":"Wir schaffen das, Wir schaffen das.... Europa der Unwilligen, Strafen f\u00fcr L\u00e4nder, die keine muslimischen Fl\u00fcchtlinge aufnehmen wollen, Merkels Feigheit in der B\u00f6hmermann-Aff\u00e4re und als Kr\u00f6nung des Ganzen der T\u00fcrkei-Deal \u2013 wieder mal im Alleingang: Deutschlands Hang zur Arroganz, wir machen alles besser, nat\u00fcrlich auch die Integration, sogar ohne uns\u2026","rel":"","context":"In &quot;Allgemein&quot;","block_context":{"text":"Allgemein","link":"https:\/\/sven-teuber.info\/wordpress\/category\/allgemein\/"},"img":{"alt_text":"La laicite","src":"https:\/\/i0.wp.com\/sven-teuber.info\/wordpress\/wp-content\/uploads\/2016\/07\/La-laicite-1.jpg?resize=350%2C200","width":350,"height":200,"srcset":"https:\/\/i0.wp.com\/sven-teuber.info\/wordpress\/wp-content\/uploads\/2016\/07\/La-laicite-1.jpg?resize=350%2C200 1x, https:\/\/i0.wp.com\/sven-teuber.info\/wordpress\/wp-content\/uploads\/2016\/07\/La-laicite-1.jpg?resize=525%2C300 1.5x, https:\/\/i0.wp.com\/sven-teuber.info\/wordpress\/wp-content\/uploads\/2016\/07\/La-laicite-1.jpg?resize=700%2C400 2x"},"classes":[]}],"jetpack_likes_enabled":true,"_links":{"self":[{"href":"https:\/\/sven-teuber.info\/wordpress\/wp-json\/wp\/v2\/posts\/3706","targetHints":{"allow":["GET"]}}],"collection":[{"href":"https:\/\/sven-teuber.info\/wordpress\/wp-json\/wp\/v2\/posts"}],"about":[{"href":"https:\/\/sven-teuber.info\/wordpress\/wp-json\/wp\/v2\/types\/post"}],"author":[{"embeddable":true,"href":"https:\/\/sven-teuber.info\/wordpress\/wp-json\/wp\/v2\/users\/2"}],"replies":[{"embeddable":true,"href":"https:\/\/sven-teuber.info\/wordpress\/wp-json\/wp\/v2\/comments?post=3706"}],"version-history":[{"count":4,"href":"https:\/\/sven-teuber.info\/wordpress\/wp-json\/wp\/v2\/posts\/3706\/revisions"}],"predecessor-version":[{"id":3708,"href":"https:\/\/sven-teuber.info\/wordpress\/wp-json\/wp\/v2\/posts\/3706\/revisions\/3708"}],"wp:attachment":[{"href":"https:\/\/sven-teuber.info\/wordpress\/wp-json\/wp\/v2\/media?parent=3706"}],"wp:term":[{"taxonomy":"category","embeddable":true,"href":"https:\/\/sven-teuber.info\/wordpress\/wp-json\/wp\/v2\/categories?post=3706"},{"taxonomy":"post_tag","embeddable":true,"href":"https:\/\/sven-teuber.info\/wordpress\/wp-json\/wp\/v2\/tags?post=3706"}],"curies":[{"name":"wp","href":"https:\/\/api.w.org\/{rel}","templated":true}]}}