{"id":3720,"date":"2016-08-21T23:00:18","date_gmt":"2016-08-21T22:00:18","guid":{"rendered":"http:\/\/sven-teuber.info\/wordpress\/?p=3720"},"modified":"2016-08-21T19:25:12","modified_gmt":"2016-08-21T18:25:12","slug":"aufwachen-diktatur-in-anmarsch","status":"publish","type":"post","link":"https:\/\/sven-teuber.info\/wordpress\/aufwachen-diktatur-in-anmarsch\/","title":{"rendered":"CETA AUFWACHEN! Diktatur in Anmarsch!"},"content":{"rendered":"<div id=\"attachment_3722\" style=\"width: 627px\" class=\"wp-caption aligncenter\"><a href=\"https:\/\/sven-teuber.info\/wordpress\/achtung\/\"><img data-recalc-dims=\"1\" loading=\"lazy\" decoding=\"async\" aria-describedby=\"caption-attachment-3722\" data-attachment-id=\"3722\" data-permalink=\"https:\/\/sven-teuber.info\/wordpress\/aufwachen-diktatur-in-anmarsch\/achtung\/\" data-orig-file=\"https:\/\/i0.wp.com\/sven-teuber.info\/wordpress\/wp-content\/uploads\/2016\/08\/Achtung.jpg?fit=472%2C354&amp;ssl=1\" data-orig-size=\"472,354\" data-comments-opened=\"1\" data-image-meta=\"{&quot;aperture&quot;:&quot;0&quot;,&quot;credit&quot;:&quot;&quot;,&quot;camera&quot;:&quot;iPhone 4&quot;,&quot;caption&quot;:&quot;&quot;,&quot;created_timestamp&quot;:&quot;1306748352&quot;,&quot;copyright&quot;:&quot;&quot;,&quot;focal_length&quot;:&quot;0&quot;,&quot;iso&quot;:&quot;0&quot;,&quot;shutter_speed&quot;:&quot;0&quot;,&quot;title&quot;:&quot;&quot;,&quot;orientation&quot;:&quot;0&quot;}\" data-image-title=\"Achtung\" data-image-description=\"\" data-image-caption=\"\" data-large-file=\"https:\/\/i0.wp.com\/sven-teuber.info\/wordpress\/wp-content\/uploads\/2016\/08\/Achtung.jpg?fit=472%2C354&amp;ssl=1\" class=\"wp-image-3722 \" src=\"https:\/\/i0.wp.com\/sven-teuber.info\/wordpress\/wp-content\/uploads\/2016\/08\/Achtung.jpg?resize=584%2C438&#038;ssl=1\" alt=\"Achtung\" width=\"584\" height=\"438\" srcset=\"https:\/\/i0.wp.com\/sven-teuber.info\/wordpress\/wp-content\/uploads\/2016\/08\/Achtung.jpg?w=472&amp;ssl=1 472w, https:\/\/i0.wp.com\/sven-teuber.info\/wordpress\/wp-content\/uploads\/2016\/08\/Achtung.jpg?resize=300%2C225&amp;ssl=1 300w, https:\/\/i0.wp.com\/sven-teuber.info\/wordpress\/wp-content\/uploads\/2016\/08\/Achtung.jpg?resize=320%2C240&amp;ssl=1 320w\" sizes=\"auto, (max-width: 584px) 100vw, 584px\" \/><\/a><p id=\"caption-attachment-3722\" class=\"wp-caption-text\">Titel: Der Fall<\/p><\/div>\n<h5>Neuigkeit zur Petition \u00b7 AUFWACHEN! Diktatur in Anmarsch!<\/h5>\n<div class=\"page-wrap\">\n<div id=\"page\" class=\"table-row table-row-expand main\">\n<div id=\"content\">\n<div class=\"petition_updates_show\" data-view=\"petitions\/updates\/show\" data-fetch_summary=\"{&quot;signature&quot;:{&quot;model&quot;:&quot;Signature&quot;,&quot;id&quot;:&quot;new&quot;},&quot;adsCollection&quot;:{&quot;collection&quot;:&quot;PetitionAdsCollection&quot;,&quot;params&quot;:{&quot;petition_id&quot;:&quot;b\u00fcrgerklage-gegen-ceta&quot;,&quot;context&quot;:&quot;update_show&quot;,&quot;country_code&quot;:&quot;DE&quot;}},&quot;model&quot;:{&quot;model&quot;:&quot;PetitionUpdate&quot;,&quot;id&quot;:&quot;17620283&quot;},&quot;recentPetitionUpdatesCollection&quot;:{&quot;collection&quot;:&quot;RecentPetitionUpdatesCollection&quot;,&quot;params&quot;:{&quot;petition_id&quot;:&quot;b\u00fcrgerklage-gegen-ceta&quot;}},&quot;userSignature&quot;:{&quot;model&quot;:&quot;UserSignature&quot;,&quot;id&quot;:&quot;2134204&quot;}}\" data-view-attached=\"true\">\n<div class=\"container mbs\">\n<div class=\"row\">\n<div class=\"js-update-content col-sm-8 col-xs-12\">\n<div class=\"mtxxl xs-mts mrxxl xs-mrn\">\n<p class=\"type-l type-break-word\"><span class=\"type-no-wrap type-uppercase type-weak\">20. Aug. 2016 \u2014\u00a0<\/span>Liebe Unterst\u00fctzerinnen und Unterst\u00fctzer der CETA-Klage,<\/p>\n<p>bevor ich \u00fcber wichtige Neuigkeiten berichte, m\u00f6chte ich kurz auf mein eigenes Anliegen hinweisen. Am 9.September 2016 abends wird das B\u00fcrgerkomitee f\u00fcr den ganzen M\u00e4rkischen Kreis in L\u00fcdenscheid gegr\u00fcndet. Ein B\u00fcrgerkomitee k\u00fcmmert sich darum, dass ein gescheiter und unbestechlicher Kandidat ermittelt und in den Deutschen Bundestag gew\u00e4hlt wird. WER MACHT MIT? Die B\u00fcrgerinnen und B\u00fcrger aus den folgenden Ortschaften im Sauerland sind gefragt: Altena, Balve, Halver, Hemer, Herscheid, Iserlohn, Kierspe, L\u00fcdenscheid, Menden, Nachrodt-Wiblingwerde, Neuenrade, Olpe, Plettenberg, Schalksm\u00fchle, Werdohl.<\/p>\n<p>BITTE MELDEN SIE SICH AN <a href=\"mailto:loesungsideen@web.de\">loesungsideen@web.de<\/a><\/p>\n<p>Jetzt zu den Neuigkeiten.<\/p>\n<\/div>\n<\/div>\n<\/div>\n<\/div>\n<\/div>\n<\/div>\n<\/div>\n<\/div>\n<p><!--more--><\/p>\n<p class=\"type-l type-break-word\">1. Am 27.August werde ich mit einem Mitkl\u00e4ger die 68.000 Vollmachterkl\u00e4rungen nach Karlsruhe fahren und zu unserer CETA-Klage an das Bundesverfassungsgericht \u00fcberreichen. Sie werden dar\u00fcber noch ausf\u00fchrliche Informationen erhalten.<\/p>\n<p>2. GABRIEL tanzt f\u00fcr die KONZERNE. Im Artikel \u201eGabriel will CETA durchsetzen\u201c (DER SPIEGEL vom 6.8.2016) wird es ganz klar verk\u00fcndet: Gabriel will trotz gro\u00dfer Widerst\u00e4nde in seiner Partei ( <a href=\"http:\/\/www.sueddeutsche.de\/politik\/spd-widerstand-gegen-gabriel-1.3123305\" target=\"_blank\" data-pass-thru=\"true\">http:\/\/www.sueddeutsche.de\/politik\/spd-widerstand-gegen-gabriel-1.3123305<\/a>) und der Bev\u00f6lkerung das umstrittene Freihandelsabkommen CETA durchsetzen. WARUM MACHT ER DAS?<\/p>\n<p>3. Aus seri\u00f6sen Quellen habe ich folgendes erfahren: unsere Regierenden erhalten als Preis f\u00fcr Ihr Schweigen \u00fcber die Hintergr\u00fcnde und Absichten der Freihandelsabkommen, die uns und Europa bedrohen, dass die deutschen Investoren Ost-Mitteleuropa als Gebiet ohne trans-atlantische Konkurrenz bekommen. Tats\u00e4chlich sitzen ja dort schon \u00fcberall deutsche Investoren. Schauen Sie in die Westukraine: Wieviel landwirtschaftlicher Boden ist bereits in deutscher Hand!<\/p>\n<p>Unsere f\u00fchrenden Politiker sichern mit ihrem Ja zu dem gesamtgesellschaftlich gesehen verh\u00e4ngnisvollen CETA-Abkommen deutschen Konzernen und Finanzm\u00e4chtigen die gew\u00fcnschte Profit-steigernde EXPANSION.<\/p>\n<p>Durch die vielen Spenden an die Parteien und die lukrativen Nebenjobs f\u00fcr die Abgeordneten ( <a href=\"http:\/\/www.spiegel.de\/politik\/deutschland\/bundestag-so-viele-nebeneinkuenfte-haben-die-abgeordneten-a-1045916.html\" target=\"_blank\" data-pass-thru=\"true\">http:\/\/www.spiegel.de\/politik\/deutschland\/bundestag-so-viele-nebeneinkuenfte-haben-die-abgeordneten-a-1045916.html<\/a>) sind die Konzerne einflussreicher als alle anderen gesellschaftlichen Gruppen. Das vertr\u00e4gt sich nicht mit den demokratischen Prinzipien des Interessenausgleichs.<\/p>\n<p>WAS k\u00f6nnen WIR f\u00fcr eine absolut NOTWENDIGE, NEUE, POLITISCHE KULTUR tun?<\/p>\n<p>Werden Sie Ansprechpartner in Ihrem Wahlkreis f\u00fcr ein zuk\u00fcnftiges B\u00fcrgerkomitee oder Unterst\u00fctzer eines schon bestehenden B\u00fcrgerkomitees.<\/p>\n<p><a href=\"http:\/\/direktkandidaten.info\/bks\" target=\"_blank\" data-pass-thru=\"true\">http:\/\/direktkandidaten.info\/bks<\/a><\/p>\n<p>Tragen Sie sich als Kandidatenbewerber ein.<\/p>\n<p><a href=\"http:\/\/direktkandidaten.info\/kandidaten\" target=\"_blank\" data-pass-thru=\"true\">http:\/\/direktkandidaten.info\/kandidaten<\/a><\/p>\n<p>WAS k\u00f6nnen WIR f\u00fcr unsere FREIHEIT NOCH tun?<br \/>\nErz\u00e4hlen Sie weiter, welche \u00dcbel mit CETA auf uns zukommen.<br \/>\nMachen Sie mit bei der Emailprotestaktion bei BUND.<\/p>\n<p><a href=\"https:\/\/aktion.bund.net\/ceta-werden-wir-verhindern\" target=\"_blank\" data-pass-thru=\"true\">https:\/\/aktion.bund.net\/ceta-werden-wir-verhindern<\/a><\/p>\n<p>Nehmen Sie teil an der Gro\u00dfdemonstration am 17.September in 7 St\u00e4dten.<\/p>\n<p><a href=\"http:\/\/ttip-demo.de\/home\/\" target=\"_blank\" data-pass-thru=\"true\">http:\/\/ttip-demo.de\/home\/<\/a><\/p>\n<p>Werben Sie f\u00fcr die Verfassungsbeschwerde von Mehr Demokratie\/Campact\/Foodwatch mit dem Traumziel: eine Millionen CETA-Gegner.<\/p>\n<p><a href=\"https:\/\/www.ceta-verfassungsbeschwerde.de\/?channel=mehrdemokratie\" target=\"_blank\" data-pass-thru=\"true\">https:\/\/www.ceta-verfassungsbeschwerde.de\/?channel=mehrdemokratie<\/a><\/p>\n<p>Mit herzlichen Gr\u00fc\u00dfen<br \/>\nMarianne Grimmenstein<\/p>\n<p>&nbsp;<\/p>\n","protected":false},"excerpt":{"rendered":"<p>Neuigkeit zur Petition \u00b7 AUFWACHEN! Diktatur in Anmarsch! 20. Aug. 2016 \u2014\u00a0Liebe Unterst\u00fctzerinnen und Unterst\u00fctzer der CETA-Klage, bevor ich \u00fcber wichtige Neuigkeiten berichte, m\u00f6chte ich kurz auf mein eigenes Anliegen hinweisen. Am 9.September 2016 abends wird das B\u00fcrgerkomitee f\u00fcr den &hellip; <a href=\"https:\/\/sven-teuber.info\/wordpress\/aufwachen-diktatur-in-anmarsch\/\">Weiterlesen <span class=\"meta-nav\">&rarr;<\/span><\/a><\/p>\n","protected":false},"author":2,"featured_media":0,"comment_status":"open","ping_status":"open","sticky":false,"template":"","format":"video","meta":{"_crdt_document":"","jetpack_post_was_ever_published":false,"_jetpack_newsletter_access":"","_jetpack_dont_email_post_to_subs":false,"_jetpack_newsletter_tier_id":0,"_jetpack_memberships_contains_paywalled_content":false,"_jetpack_memberships_contains_paid_content":false,"footnotes":"","jetpack_publicize_message":"","jetpack_publicize_feature_enabled":true,"jetpack_social_post_already_shared":true,"jetpack_social_options":{"image_generator_settings":{"template":"highway","default_image_id":0,"font":"","enabled":false},"version":2}},"categories":[1,3],"tags":[410,471,411],"class_list":["post-3720","post","type-post","status-publish","format-video","hentry","category-allgemein","category-for-your-information","tag-ceta","tag-freihandelsabkommen","tag-marianne-grimmenstein","post_format-post-format-video"],"jetpack_publicize_connections":[],"jetpack_featured_media_url":"","jetpack_sharing_enabled":true,"jetpack_shortlink":"https:\/\/wp.me\/p3CWBT-Y0","jetpack-related-posts":[{"id":3545,"url":"https:\/\/sven-teuber.info\/wordpress\/buergerklage-gegen-ceta\/","url_meta":{"origin":3720,"position":0},"title":"B\u00fcrgerklage gegen CETA","author":"steuber","date":"22. April 2016","format":"link","excerpt":"CETA ist das TTIP f\u00fcr Kanada. Ziel des Abkommens ist die F\u00f6rderung des Freihandels, also des Verkehrs von Waren, Dienstleistungen und Kapitals, zwischen der EU und Kanada durch den Abbau von Handelshemmnissen. Dem Verst\u00e4ndnis der CETA-Architekten nach, stellen insbesondere soziale, \u00f6kologische und kulturelle gesetzliche Schutzstandards solche Hemmnisse dar, und m\u00fcssen\u2026","rel":"","context":"In &quot;For your Information&quot;","block_context":{"text":"For your Information","link":"https:\/\/sven-teuber.info\/wordpress\/category\/for-your-information\/"},"img":{"alt_text":"","src":"","width":0,"height":0},"classes":[]},{"id":3479,"url":"https:\/\/sven-teuber.info\/wordpress\/syrien-die-verblendung\/","url_meta":{"origin":3720,"position":1},"title":"SYRIEN: DIE VERBLENDUNG","author":"steuber","date":"22. Februar 2016","format":false,"excerpt":"Der franz\u00f6sische Fernsehsender France 2 hat es in seiner Reportage \u2018Syrie: l\u2019aveuglement\u2019 (Die Verblendung) aus der Reihe \u2018Un oeil sur la plan\u00e8te\u2019 auf den Punkt gebracht: Die Sicht der Regierungen auf den Konflikt in Syrien bezieht sich eher auf Fiktion als auf die Realit\u00e4t mit ihren vielf\u00e4ltigen Verflechtungen. Die daraus\u2026","rel":"","context":"In &quot;For your Information&quot;","block_context":{"text":"For your Information","link":"https:\/\/sven-teuber.info\/wordpress\/category\/for-your-information\/"},"img":{"alt_text":"","src":"","width":0,"height":0},"classes":[]},{"id":3242,"url":"https:\/\/sven-teuber.info\/wordpress\/grenzen-auf-oder-dicht\/","url_meta":{"origin":3720,"position":2},"title":"Grenzen auf oder dicht?","author":"steuber","date":"26. Dezember 2015","format":false,"excerpt":"Der Zugewinn von rechtskonservativen populistischen Str\u00f6mungen stellt eine Abkehr eines liberalen Individualismus dar, der eingebettet ist in ein demokratisches Gef\u00fcge, welches f\u00fcr die Grunds\u00e4tze einer offenen Gesellschaft eintritt. Durch den Umstand, dass diese Kr\u00e4fte an Einfluss gewinnen und ein \u00e4hnlich geartetes faschistoides Gedankengut diese \u00c4ngste durch Terror noch zus\u00e4tzlich anheizt,\u2026","rel":"","context":"In &quot;Allgemein&quot;","block_context":{"text":"Allgemein","link":"https:\/\/sven-teuber.info\/wordpress\/category\/allgemein\/"},"img":{"alt_text":"","src":"","width":0,"height":0},"classes":[]}],"jetpack_likes_enabled":true,"_links":{"self":[{"href":"https:\/\/sven-teuber.info\/wordpress\/wp-json\/wp\/v2\/posts\/3720","targetHints":{"allow":["GET"]}}],"collection":[{"href":"https:\/\/sven-teuber.info\/wordpress\/wp-json\/wp\/v2\/posts"}],"about":[{"href":"https:\/\/sven-teuber.info\/wordpress\/wp-json\/wp\/v2\/types\/post"}],"author":[{"embeddable":true,"href":"https:\/\/sven-teuber.info\/wordpress\/wp-json\/wp\/v2\/users\/2"}],"replies":[{"embeddable":true,"href":"https:\/\/sven-teuber.info\/wordpress\/wp-json\/wp\/v2\/comments?post=3720"}],"version-history":[{"count":7,"href":"https:\/\/sven-teuber.info\/wordpress\/wp-json\/wp\/v2\/posts\/3720\/revisions"}],"predecessor-version":[{"id":3728,"href":"https:\/\/sven-teuber.info\/wordpress\/wp-json\/wp\/v2\/posts\/3720\/revisions\/3728"}],"wp:attachment":[{"href":"https:\/\/sven-teuber.info\/wordpress\/wp-json\/wp\/v2\/media?parent=3720"}],"wp:term":[{"taxonomy":"category","embeddable":true,"href":"https:\/\/sven-teuber.info\/wordpress\/wp-json\/wp\/v2\/categories?post=3720"},{"taxonomy":"post_tag","embeddable":true,"href":"https:\/\/sven-teuber.info\/wordpress\/wp-json\/wp\/v2\/tags?post=3720"}],"curies":[{"name":"wp","href":"https:\/\/api.w.org\/{rel}","templated":true}]}}