{"id":3736,"date":"2016-08-23T22:00:22","date_gmt":"2016-08-23T20:00:22","guid":{"rendered":"http:\/\/sven-teuber.info\/wordpress\/?p=3736"},"modified":"2016-08-23T22:01:15","modified_gmt":"2016-08-23T20:01:15","slug":"titel-die-zeiten-aendern-sich","status":"publish","type":"post","link":"https:\/\/sven-teuber.info\/wordpress\/titel-die-zeiten-aendern-sich\/","title":{"rendered":"Titel: Die Zeiten \u00e4ndern sich"},"content":{"rendered":"<p><a href=\"https:\/\/sven-teuber.info\/wordpress\/die-zeiten-aendern-sich\/\"><img data-recalc-dims=\"1\" loading=\"lazy\" decoding=\"async\" data-attachment-id=\"3735\" data-permalink=\"https:\/\/sven-teuber.info\/wordpress\/titel-die-zeiten-aendern-sich\/die-zeiten-aendern-sich\/\" data-orig-file=\"https:\/\/i0.wp.com\/sven-teuber.info\/wordpress\/wp-content\/uploads\/2016\/08\/Die-Zeiten-%C3%A4ndern-sich.jpg?fit=1366%2C768&amp;ssl=1\" data-orig-size=\"1366,768\" data-comments-opened=\"1\" data-image-meta=\"{&quot;aperture&quot;:&quot;0&quot;,&quot;credit&quot;:&quot;&quot;,&quot;camera&quot;:&quot;&quot;,&quot;caption&quot;:&quot;&quot;,&quot;created_timestamp&quot;:&quot;0&quot;,&quot;copyright&quot;:&quot;&quot;,&quot;focal_length&quot;:&quot;0&quot;,&quot;iso&quot;:&quot;0&quot;,&quot;shutter_speed&quot;:&quot;0&quot;,&quot;title&quot;:&quot;&quot;,&quot;orientation&quot;:&quot;0&quot;}\" data-image-title=\"Die Zeiten \u00e4ndern sich\" data-image-description=\"\" data-image-caption=\"\" data-large-file=\"https:\/\/i0.wp.com\/sven-teuber.info\/wordpress\/wp-content\/uploads\/2016\/08\/Die-Zeiten-%C3%A4ndern-sich.jpg?fit=584%2C329&amp;ssl=1\" class=\"aligncenter wp-image-3735 size-full\" src=\"https:\/\/i0.wp.com\/sven-teuber.info\/wordpress\/wp-content\/uploads\/2016\/08\/Die-Zeiten-%C3%A4ndern-sich.jpg?resize=584%2C328&#038;ssl=1\" alt=\"Die Zeiten \u00e4ndern sich\" width=\"584\" height=\"328\" srcset=\"https:\/\/i0.wp.com\/sven-teuber.info\/wordpress\/wp-content\/uploads\/2016\/08\/Die-Zeiten-%C3%A4ndern-sich.jpg?w=1366&amp;ssl=1 1366w, https:\/\/i0.wp.com\/sven-teuber.info\/wordpress\/wp-content\/uploads\/2016\/08\/Die-Zeiten-%C3%A4ndern-sich.jpg?resize=300%2C169&amp;ssl=1 300w, https:\/\/i0.wp.com\/sven-teuber.info\/wordpress\/wp-content\/uploads\/2016\/08\/Die-Zeiten-%C3%A4ndern-sich.jpg?resize=768%2C432&amp;ssl=1 768w, https:\/\/i0.wp.com\/sven-teuber.info\/wordpress\/wp-content\/uploads\/2016\/08\/Die-Zeiten-%C3%A4ndern-sich.jpg?resize=1024%2C576&amp;ssl=1 1024w, https:\/\/i0.wp.com\/sven-teuber.info\/wordpress\/wp-content\/uploads\/2016\/08\/Die-Zeiten-%C3%A4ndern-sich.jpg?resize=427%2C240&amp;ssl=1 427w, https:\/\/i0.wp.com\/sven-teuber.info\/wordpress\/wp-content\/uploads\/2016\/08\/Die-Zeiten-%C3%A4ndern-sich.jpg?w=1168&amp;ssl=1 1168w\" sizes=\"auto, (max-width: 584px) 100vw, 584px\" \/><\/a> <!-- Used by Chartbeat in tracking startup time --><\/p>\n<div id=\"container-page\">\n<div class=\"viewport\">\n<div id=\"container-main\">\n<div data-view-type=\"tabbed\">\n<div class=\"section-contained\">\n<div class=\"layout -top-narrow\">\n<div class=\"layout__main\">\n<div class=\"layout__content\">\n<div class=\"sidebar-scrollable profile-scrollable scrollable-measure-selector\" data-role=\"content-area\">\n<div>\n<div data-role=\"content-area\">\n<div>\n<div class=\"card card-profile card-profile-post\">\n<div class=\"card-discussion no-image\">\n<div class=\"card-body\">\n<div class=\"card-comment\" data-role=\"post\">\n<div class=\"card-comment\">\n<div class=\"comment-body\">\n<div data-role=\"post-content\">\n<div class=\"comment-message expanded \" dir=\"auto\" data-role=\"message\">\n<p>Ein Albtraum freies Nachtleben haben zumeist nur jene Menschen, die sich den realen Albtr\u00e4umen am Tage stellen.<\/p>\n<p>Nichts kann so schlimm sein, das es nicht noch schlimmer kommen k\u00f6nnte.<\/p>\n<\/div>\n<\/div>\n<\/div>\n<\/div>\n<\/div>\n<\/div>\n<\/div>\n<\/div>\n<\/div>\n<\/div>\n<\/div>\n<\/div>\n<\/div>\n<\/div>\n<\/div>\n<\/div>\n<\/div>\n<\/div>\n<\/div>\n<\/div>\n","protected":false},"excerpt":{"rendered":"<p>Ein Albtraum freies Nachtleben haben zumeist nur jene Menschen, die sich den realen Albtr\u00e4umen am Tage stellen. Nichts kann so schlimm sein, das es nicht noch schlimmer kommen k\u00f6nnte.<\/p>\n","protected":false},"author":2,"featured_media":0,"comment_status":"open","ping_status":"open","sticky":false,"template":"","format":"image","meta":{"_crdt_document":"","jetpack_post_was_ever_published":false,"_jetpack_newsletter_access":"","_jetpack_dont_email_post_to_subs":false,"_jetpack_newsletter_tier_id":0,"_jetpack_memberships_contains_paywalled_content":false,"_jetpack_memberships_contains_paid_content":false,"footnotes":"","jetpack_publicize_message":"","jetpack_publicize_feature_enabled":true,"jetpack_social_post_already_shared":true,"jetpack_social_options":{"image_generator_settings":{"template":"highway","default_image_id":0,"font":"","enabled":false},"version":2}},"categories":[1,2],"tags":[],"class_list":["post-3736","post","type-post","status-publish","format-image","hentry","category-allgemein","category-photographie","post_format-post-format-image"],"jetpack_publicize_connections":[],"jetpack_featured_media_url":"","jetpack_sharing_enabled":true,"jetpack_shortlink":"https:\/\/wp.me\/p3CWBT-Yg","jetpack-related-posts":[{"id":6506,"url":"https:\/\/sven-teuber.info\/wordpress\/titel-grodek-von-georg-trakl-photographie\/","url_meta":{"origin":3736,"position":0},"title":"Titel: \u201eGrodek\u201c von\u00a0Georg Trakl. Photographie","author":"steuber","date":"16. April 2025","format":false,"excerpt":"Das Gedicht \u201eGrodek\u201c von Georg Trakl. Am Abend t\u00f6nen die herbstlichen W\u00e4lderVon t\u00f6dlichen Waffen, die goldnen EbenenUnd blauen Seen, dar\u00fcber die SonneD\u00fcstrer hinrollt; umf\u00e4ngt die NachtSterbende Krieger, die wilde KlageIhrer zerbrochenen M\u00fcnder. Doch stille sammelt im WeidengrundRotes Gew\u00f6lk, darin ein z\u00fcrnender Gott wohntDas vergo\u00dfne Blut sich, mondne K\u00fchle;Alle Stra\u00dfen m\u00fcnden\u2026","rel":"","context":"In &quot;Allgemein&quot;","block_context":{"text":"Allgemein","link":"https:\/\/sven-teuber.info\/wordpress\/category\/allgemein\/"},"img":{"alt_text":"","src":"https:\/\/i0.wp.com\/sven-teuber.info\/wordpress\/wp-content\/uploads\/2025\/04\/Grodek-Georg-Trakl_Klein-1.jpg?resize=350%2C200&ssl=1","width":350,"height":200,"srcset":"https:\/\/i0.wp.com\/sven-teuber.info\/wordpress\/wp-content\/uploads\/2025\/04\/Grodek-Georg-Trakl_Klein-1.jpg?resize=350%2C200&ssl=1 1x, https:\/\/i0.wp.com\/sven-teuber.info\/wordpress\/wp-content\/uploads\/2025\/04\/Grodek-Georg-Trakl_Klein-1.jpg?resize=525%2C300&ssl=1 1.5x, https:\/\/i0.wp.com\/sven-teuber.info\/wordpress\/wp-content\/uploads\/2025\/04\/Grodek-Georg-Trakl_Klein-1.jpg?resize=700%2C400&ssl=1 2x"},"classes":[]},{"id":4080,"url":"https:\/\/sven-teuber.info\/wordpress\/titel-for-humanoid-control-and-intelligence\/","url_meta":{"origin":3736,"position":1},"title":"Titel: For Humanoid Control and Intelligence","author":"steuber","date":"25. Februar 2017","format":false,"excerpt":"","rel":"","context":"In &quot;Allgemein&quot;","block_context":{"text":"Allgemein","link":"https:\/\/sven-teuber.info\/wordpress\/category\/allgemein\/"},"img":{"alt_text":"","src":"https:\/\/i0.wp.com\/sven-teuber.info\/wordpress\/wp-content\/uploads\/2017\/02\/For-Humanoid-Control-and-Intelligence.jpg?resize=350%2C200","width":350,"height":200,"srcset":"https:\/\/i0.wp.com\/sven-teuber.info\/wordpress\/wp-content\/uploads\/2017\/02\/For-Humanoid-Control-and-Intelligence.jpg?resize=350%2C200 1x, https:\/\/i0.wp.com\/sven-teuber.info\/wordpress\/wp-content\/uploads\/2017\/02\/For-Humanoid-Control-and-Intelligence.jpg?resize=525%2C300 1.5x, https:\/\/i0.wp.com\/sven-teuber.info\/wordpress\/wp-content\/uploads\/2017\/02\/For-Humanoid-Control-and-Intelligence.jpg?resize=700%2C400 2x, https:\/\/i0.wp.com\/sven-teuber.info\/wordpress\/wp-content\/uploads\/2017\/02\/For-Humanoid-Control-and-Intelligence.jpg?resize=1050%2C600 3x, https:\/\/i0.wp.com\/sven-teuber.info\/wordpress\/wp-content\/uploads\/2017\/02\/For-Humanoid-Control-and-Intelligence.jpg?resize=1400%2C800 4x"},"classes":[]},{"id":4150,"url":"https:\/\/sven-teuber.info\/wordpress\/titel-dada-is-not-selfie\/","url_meta":{"origin":3736,"position":2},"title":"Titel: &#8222;Dada is not Selfie&#8220;","author":"steuber","date":"14. Mai 2017","format":false,"excerpt":"Aktuelles DAS SELFIE-PROJEKT Gruppenausstellung K\u00fcnstlernetzwerk crossart international Galerie & Antiquariat Rolf Hartung Beteiligte K\u00fcnstler: matoon, Torsten Wolber, LEONI A. J\u00e4kel, Bina Placzek-Theisen, Ebba Jahn, Peter M\u00fcck, Karin M\u00fchlwitz (kam\u00fa), Sylvia Reu\u00dfe, Sylvia D\u00f6lz, Petra Nettesheim, Manfred F\u00fcrth, Gitti Richardson, Chris Schulz, Hans Kohl, Alexis Derchain, Sven Teuber, Gabriele M\u00fcller, Jochen\u2026","rel":"","context":"In &quot;Exhibition&quot;","block_context":{"text":"Exhibition","link":"https:\/\/sven-teuber.info\/wordpress\/category\/exhibition\/"},"img":{"alt_text":"","src":"https:\/\/i0.wp.com\/sven-teuber.info\/wordpress\/wp-content\/uploads\/2017\/05\/Dada-is-not-Selfie.jpg?resize=350%2C200","width":350,"height":200,"srcset":"https:\/\/i0.wp.com\/sven-teuber.info\/wordpress\/wp-content\/uploads\/2017\/05\/Dada-is-not-Selfie.jpg?resize=350%2C200 1x, https:\/\/i0.wp.com\/sven-teuber.info\/wordpress\/wp-content\/uploads\/2017\/05\/Dada-is-not-Selfie.jpg?resize=525%2C300 1.5x, https:\/\/i0.wp.com\/sven-teuber.info\/wordpress\/wp-content\/uploads\/2017\/05\/Dada-is-not-Selfie.jpg?resize=700%2C400 2x, https:\/\/i0.wp.com\/sven-teuber.info\/wordpress\/wp-content\/uploads\/2017\/05\/Dada-is-not-Selfie.jpg?resize=1050%2C600 3x"},"classes":[]},{"id":6689,"url":"https:\/\/sven-teuber.info\/wordpress\/titel-die-letzte-botschaft-hunderte-stimmen-auf-schwarzem-grund\/","url_meta":{"origin":3736,"position":3},"title":"Titel: Die letzte Botschaft: Hunderte Stimmen auf schwarzem Grund","author":"steuber","date":"12. September 2025","format":false,"excerpt":"Ich nehme das Echo hundertfacher Gedanken auf, banne es in eine Photographie und schaffe so aus verg\u00e4nglicher Spur ein letztes, bleibendes Zeugnis. Es ist eine massive schwarze Tafel, die mit den wei\u00dfen malerischen Hinterlassenschaften Hunderter Menschen \u00fcbers\u00e4t ist. Jedes Symbol, jedes Wort und jedes abstrakte Zeichen ist eine individuelle Geschichte,\u2026","rel":"","context":"In &quot;Allgemein&quot;","block_context":{"text":"Allgemein","link":"https:\/\/sven-teuber.info\/wordpress\/category\/allgemein\/"},"img":{"alt_text":"","src":"https:\/\/i0.wp.com\/sven-teuber.info\/wordpress\/wp-content\/uploads\/2025\/09\/IMG-20250911-WA0000.jpg?resize=350%2C200&ssl=1","width":350,"height":200,"srcset":"https:\/\/i0.wp.com\/sven-teuber.info\/wordpress\/wp-content\/uploads\/2025\/09\/IMG-20250911-WA0000.jpg?resize=350%2C200&ssl=1 1x, https:\/\/i0.wp.com\/sven-teuber.info\/wordpress\/wp-content\/uploads\/2025\/09\/IMG-20250911-WA0000.jpg?resize=525%2C300&ssl=1 1.5x, https:\/\/i0.wp.com\/sven-teuber.info\/wordpress\/wp-content\/uploads\/2025\/09\/IMG-20250911-WA0000.jpg?resize=700%2C400&ssl=1 2x, https:\/\/i0.wp.com\/sven-teuber.info\/wordpress\/wp-content\/uploads\/2025\/09\/IMG-20250911-WA0000.jpg?resize=1050%2C600&ssl=1 3x"},"classes":[]},{"id":5971,"url":"https:\/\/sven-teuber.info\/wordpress\/titel-snowstorm-st-2023\/","url_meta":{"origin":3736,"position":4},"title":"Titel: Snowstorm, ST 2023","author":"steuber","date":"29. Juni 2023","format":false,"excerpt":"Titel: Snowstorm, ST 2023","rel":"","context":"In &quot;Allgemein&quot;","block_context":{"text":"Allgemein","link":"https:\/\/sven-teuber.info\/wordpress\/category\/allgemein\/"},"img":{"alt_text":"","src":"https:\/\/i0.wp.com\/sven-teuber.info\/wordpress\/wp-content\/uploads\/2023\/06\/Snowstorm-scaled.jpg?resize=350%2C200&ssl=1","width":350,"height":200,"srcset":"https:\/\/i0.wp.com\/sven-teuber.info\/wordpress\/wp-content\/uploads\/2023\/06\/Snowstorm-scaled.jpg?resize=350%2C200&ssl=1 1x, https:\/\/i0.wp.com\/sven-teuber.info\/wordpress\/wp-content\/uploads\/2023\/06\/Snowstorm-scaled.jpg?resize=525%2C300&ssl=1 1.5x, https:\/\/i0.wp.com\/sven-teuber.info\/wordpress\/wp-content\/uploads\/2023\/06\/Snowstorm-scaled.jpg?resize=700%2C400&ssl=1 2x, https:\/\/i0.wp.com\/sven-teuber.info\/wordpress\/wp-content\/uploads\/2023\/06\/Snowstorm-scaled.jpg?resize=1050%2C600&ssl=1 3x, https:\/\/i0.wp.com\/sven-teuber.info\/wordpress\/wp-content\/uploads\/2023\/06\/Snowstorm-scaled.jpg?resize=1400%2C800&ssl=1 4x"},"classes":[]},{"id":5857,"url":"https:\/\/sven-teuber.info\/wordpress\/titel-mutter-sein\/","url_meta":{"origin":3736,"position":5},"title":"Titel: Mutter sein","author":"steuber","date":"10. Februar 2023","format":false,"excerpt":"Titel: Mutter sein, ST 2023","rel":"","context":"In &quot;Allgemein&quot;","block_context":{"text":"Allgemein","link":"https:\/\/sven-teuber.info\/wordpress\/category\/allgemein\/"},"img":{"alt_text":"","src":"https:\/\/i0.wp.com\/sven-teuber.info\/wordpress\/wp-content\/uploads\/2023\/02\/image00128329.jpg?resize=350%2C200&ssl=1","width":350,"height":200,"srcset":"https:\/\/i0.wp.com\/sven-teuber.info\/wordpress\/wp-content\/uploads\/2023\/02\/image00128329.jpg?resize=350%2C200&ssl=1 1x, https:\/\/i0.wp.com\/sven-teuber.info\/wordpress\/wp-content\/uploads\/2023\/02\/image00128329.jpg?resize=525%2C300&ssl=1 1.5x, https:\/\/i0.wp.com\/sven-teuber.info\/wordpress\/wp-content\/uploads\/2023\/02\/image00128329.jpg?resize=700%2C400&ssl=1 2x"},"classes":[]}],"jetpack_likes_enabled":true,"_links":{"self":[{"href":"https:\/\/sven-teuber.info\/wordpress\/wp-json\/wp\/v2\/posts\/3736","targetHints":{"allow":["GET"]}}],"collection":[{"href":"https:\/\/sven-teuber.info\/wordpress\/wp-json\/wp\/v2\/posts"}],"about":[{"href":"https:\/\/sven-teuber.info\/wordpress\/wp-json\/wp\/v2\/types\/post"}],"author":[{"embeddable":true,"href":"https:\/\/sven-teuber.info\/wordpress\/wp-json\/wp\/v2\/users\/2"}],"replies":[{"embeddable":true,"href":"https:\/\/sven-teuber.info\/wordpress\/wp-json\/wp\/v2\/comments?post=3736"}],"version-history":[{"count":2,"href":"https:\/\/sven-teuber.info\/wordpress\/wp-json\/wp\/v2\/posts\/3736\/revisions"}],"predecessor-version":[{"id":3747,"href":"https:\/\/sven-teuber.info\/wordpress\/wp-json\/wp\/v2\/posts\/3736\/revisions\/3747"}],"wp:attachment":[{"href":"https:\/\/sven-teuber.info\/wordpress\/wp-json\/wp\/v2\/media?parent=3736"}],"wp:term":[{"taxonomy":"category","embeddable":true,"href":"https:\/\/sven-teuber.info\/wordpress\/wp-json\/wp\/v2\/categories?post=3736"},{"taxonomy":"post_tag","embeddable":true,"href":"https:\/\/sven-teuber.info\/wordpress\/wp-json\/wp\/v2\/tags?post=3736"}],"curies":[{"name":"wp","href":"https:\/\/api.w.org\/{rel}","templated":true}]}}