{"id":3739,"date":"2016-08-23T19:42:23","date_gmt":"2016-08-23T18:42:23","guid":{"rendered":"http:\/\/sven-teuber.info\/wordpress\/?p=3739"},"modified":"2016-08-23T19:42:23","modified_gmt":"2016-08-23T18:42:23","slug":"burkini-debatte-zu-viel-stoff-als-gefahr-fuer-sitte-und-ordnung","status":"publish","type":"post","link":"https:\/\/sven-teuber.info\/wordpress\/burkini-debatte-zu-viel-stoff-als-gefahr-fuer-sitte-und-ordnung\/","title":{"rendered":"Burkini-Debatte &#8211; Zu viel Stoff als Gefahr f\u00fcr Sitte und Ordnung?"},"content":{"rendered":"<p>Der Artikel &#8222;<em>Burkini Debatte: Wie nackt ist nackt genug?<\/em>&#8220; von<a href=\"http:\/\/www.welt.de\/autor\/annemarie-ballschmiter\/\"> <span class=\"as_article-author\">Annemarie Ballschmiter<\/span><\/a>, ist erschienen\u00a0in &#8222;Der Welt&#8220; am 23.08.2016.<\/p>\n<p>&#8222;<em>Der Burkini, also der muslimische Ganzk\u00f6rperanzug zum Baden, ist ein Aufreger des Sommers. Was ist dran an der Hysterie um ein paar Lagen Stoff? Und br\u00e4chte er nicht auch ein paar Vorteile<\/em>?&#8220; <a href=\"http:\/\/m.welt.de\/icon\/mode\/article157805504\/Zu-viel-Stoff-als-Gefahr-fuer-Sitte-und-Ordnung.html\">link<\/a>\u00a0zu diesem Artikel.<\/p>\n<p>Stellungnahme zu dem Artikel:<\/p>\n<p><a href=\"https:\/\/sven-teuber.info\/wordpress\/frau-4\/\"><img data-recalc-dims=\"1\" loading=\"lazy\" decoding=\"async\" data-attachment-id=\"3742\" data-permalink=\"https:\/\/sven-teuber.info\/wordpress\/burkini-debatte-zu-viel-stoff-als-gefahr-fuer-sitte-und-ordnung\/frau-4\/\" data-orig-file=\"https:\/\/i0.wp.com\/sven-teuber.info\/wordpress\/wp-content\/uploads\/2016\/08\/Frau-4.jpg?fit=1024%2C724&amp;ssl=1\" data-orig-size=\"1024,724\" data-comments-opened=\"1\" data-image-meta=\"{&quot;aperture&quot;:&quot;0&quot;,&quot;credit&quot;:&quot;&quot;,&quot;camera&quot;:&quot;&quot;,&quot;caption&quot;:&quot;&quot;,&quot;created_timestamp&quot;:&quot;0&quot;,&quot;copyright&quot;:&quot;&quot;,&quot;focal_length&quot;:&quot;0&quot;,&quot;iso&quot;:&quot;0&quot;,&quot;shutter_speed&quot;:&quot;0&quot;,&quot;title&quot;:&quot;&quot;,&quot;orientation&quot;:&quot;0&quot;}\" data-image-title=\"Die Frau\" data-image-description=\"\" data-image-caption=\"\" data-large-file=\"https:\/\/i0.wp.com\/sven-teuber.info\/wordpress\/wp-content\/uploads\/2016\/08\/Frau-4.jpg?fit=584%2C413&amp;ssl=1\" class=\"size-full wp-image-3742 aligncenter\" src=\"https:\/\/i0.wp.com\/sven-teuber.info\/wordpress\/wp-content\/uploads\/2016\/08\/Frau-4.jpg?resize=584%2C413&#038;ssl=1\" alt=\"Die Frau\" width=\"584\" height=\"413\" srcset=\"https:\/\/i0.wp.com\/sven-teuber.info\/wordpress\/wp-content\/uploads\/2016\/08\/Frau-4.jpg?w=1024&amp;ssl=1 1024w, https:\/\/i0.wp.com\/sven-teuber.info\/wordpress\/wp-content\/uploads\/2016\/08\/Frau-4.jpg?resize=300%2C212&amp;ssl=1 300w, https:\/\/i0.wp.com\/sven-teuber.info\/wordpress\/wp-content\/uploads\/2016\/08\/Frau-4.jpg?resize=768%2C543&amp;ssl=1 768w, https:\/\/i0.wp.com\/sven-teuber.info\/wordpress\/wp-content\/uploads\/2016\/08\/Frau-4.jpg?resize=339%2C240&amp;ssl=1 339w\" sizes=\"auto, (max-width: 584px) 100vw, 584px\" \/><\/a><\/p>\n<p><span style=\"color: #000000; font-family: Calibri;\">Es gibt viele Gr\u00fcnde und Argumente, wie in dem Artikel beschrieben, die nicht gegen ein mehr an Stoff am K\u00f6rper sprechen w\u00fcrden. Im Grunde hat sich damals auch niemand dar\u00fcber aufgeregt, dass Hare-Krishna, Bhagwan-J\u00fcnger in ihren orangenen Gew\u00e4ndern, Sikh mit ihren Turbanen, Afrikaner mit bunten Gew\u00e4ndern oder Nonnen, Trachtentr\u00e4ger gemeinsam mit uns leben und sich damit zeigen.<\/span><\/p>\n<p><!--more--><\/p>\n<p><span style=\"color: #000000; font-family: Calibri;\">Der Unterschied ist aber: sie kleideten sich zwar anders, blieben aber in ihrem Verhalten unauff\u00e4llig und lebten in Einklang mit unseren Gesetzen in unserer Gesellschaft friedlich miteinander und stellten keine Glaubensforderungen. Selbst das Missionieren entfiel und keiner beschwerte sich, dass religi\u00f6se Gef\u00fchle verletzt werden. Buddhisten, die ihren Buddha in Puffs, Baum\u00e4rkten und in anderen verkitschten Ausf\u00fchrungen jeden Tag sehen, hatten nicht einmal den Anspruch, sich auf die Blasphemie zu berufen oder Gewalt anzuwenden. Die Inhalte der Diskussionen zu religi\u00f6sen Fragen heute lassen sich daher eindeutig identifizieren und einer bestimmten islamistischen Gruppierung \/ Glaubensrichtung zuordnen, die den Anspruch f\u00fcr sich erhebt, ihre Forderungen mit allen Mitteln durchzusetzen, auch gegen\u00fcber unseren integrierten muslimischen Mitb\u00fcrgern, die diese radikalen Ansichten nicht teilen.<\/span><\/p>\n<p><span style=\"color: #000000; font-family: Calibri;\">Kann eine pluralistische Gesellschaft, die sich aus unterschiedlichen Religionsgemeinschaften, Atheisten, heterogenen Lebensentw\u00fcrfen zusammensetzt, es sich erlauben, dass eine bestimmte Glaubensrichtung sich gegen\u00fcber allen anderen durchsetzt, um ihre eigene spezifische religi\u00f6se<\/span><span style=\"color: #000000; font-family: Calibri;\">\u00a0 <\/span><span style=\"color: #000000; font-family: Calibri;\">Vorstellung innerhalb der Gesellschaft zu etablieren?<\/span><span style=\"color: #000000; font-family: Calibri;\">\u00a0\u00a0\u00a0 <\/span><\/p>\n<p><span style=\"color: #000000; font-family: Calibri;\">In der Diskussion um Kopftuch, Burkini, Hidschab, Niqab, Burka geht es daher aus meiner Sicht nicht um ein St\u00fcck Stoff, sondern um ein Herrschaftssymbol, die Ablehnung der Mehrheitsgesellschaft und eine \u00dcberzeugung, die sowohl religi\u00f6s als auch politisch motiviert ist und diese totalit\u00e4re religi\u00f6se Ideologie dazu nutzt, sich abzuheben und Werte zu etablieren, die im Widerspruch zur Freiheit, Gleichberechtigung und Demokratie stehen.<\/span><\/p>\n<p><span style=\"color: #000000; font-family: Calibri;\">In L\u00e4ndern wie Saudi-Arabien (Wahhabismus), Afghanistan (Taliban) und anderen islamischen Staaten ist das Tragen von Niqab, Burka, Hidschab, Kopft\u00fcchern keine Option, sondern Pflicht. Die dortigen Werte und Gesetze weichen fundamental von unseren ab und f\u00fchren daher zu Spannungen bis hin zu Terrorakten und Kriegen, die nun auch nach Europa exportiert wurden.<\/span><span style=\"color: #000000; font-family: Calibri;\">\u00a0 <\/span><\/p>\n<p><span style=\"color: #000000; font-family: Calibri;\">Aus meiner Sicht liegt es daher nahe, sich dem entgegen zu stellen, um Grenzen aufzuzeigen, wenn eine Religion zu viel Raum innerhalb der Gesellschaft f\u00fcr sich einfordert und gesellschaftliche Prozesse anzusto\u00dfen versucht, durch welche die Mehrheit der B\u00fcrger und der soziale Frieden bedroht werden. Dann klappt es auch mit der Integration, wenn sie gewollt und angenommen wird. Nur so ist es m\u00f6glich mit einander friedlich zu leben \u2013 mit R\u00fccksichtnahme und Toleranz gegen\u00fcber denen, die nicht zu dieser Religionsgemeinschaft geh\u00f6ren.<\/span><\/p>\n","protected":false},"excerpt":{"rendered":"<p>Der Artikel &#8222;Burkini Debatte: Wie nackt ist nackt genug?&#8220; von Annemarie Ballschmiter, ist erschienen\u00a0in &#8222;Der Welt&#8220; am 23.08.2016. &#8222;Der Burkini, also der muslimische Ganzk\u00f6rperanzug zum Baden, ist ein Aufreger des Sommers. Was ist dran an der Hysterie um ein paar &hellip; <a href=\"https:\/\/sven-teuber.info\/wordpress\/burkini-debatte-zu-viel-stoff-als-gefahr-fuer-sitte-und-ordnung\/\">Weiterlesen <span class=\"meta-nav\">&rarr;<\/span><\/a><\/p>\n","protected":false},"author":2,"featured_media":0,"comment_status":"open","ping_status":"open","sticky":false,"template":"","format":"standard","meta":{"_crdt_document":"","jetpack_post_was_ever_published":false,"_jetpack_newsletter_access":"","_jetpack_dont_email_post_to_subs":false,"_jetpack_newsletter_tier_id":0,"_jetpack_memberships_contains_paywalled_content":false,"_jetpack_memberships_contains_paid_content":false,"footnotes":"","jetpack_publicize_message":"","jetpack_publicize_feature_enabled":true,"jetpack_social_post_already_shared":true,"jetpack_social_options":{"image_generator_settings":{"template":"highway","default_image_id":0,"font":"","enabled":false},"version":2}},"categories":[1,3],"tags":[474,106,475],"class_list":["post-3739","post","type-post","status-publish","format-standard","hentry","category-allgemein","category-for-your-information","tag-burkini-debatte","tag-gesellschaft","tag-religioese-gefuehle"],"jetpack_publicize_connections":[],"jetpack_featured_media_url":"","jetpack_sharing_enabled":true,"jetpack_shortlink":"https:\/\/wp.me\/p3CWBT-Yj","jetpack-related-posts":[{"id":4052,"url":"https:\/\/sven-teuber.info\/wordpress\/selfies-selbstbezogene-kapitulation\/","url_meta":{"origin":3739,"position":0},"title":"Selfies, selbstbezogene Kapitulation?","author":"steuber","date":"5. Februar 2017","format":"chat","excerpt":"DAS SELFIE-PROJEKT von Crossart International Dieses Ausstellungsprojekt schl\u00e4gt im Puls der Zeit. Doch wir nehmen die heutige Definition des SELFIES nur als Ausgangspunkt dieses spannenden Projektes. Weiterlesen\u2026. Selfies, selbstbezogene Kapitulation? oder die Sucht nach Selbstbest\u00e4tigung. Schmollmund, tiefer Ausschnitt, Tattoos auf nackter Haut. Auf Instagram und anderen sozialen Netzwerken gibt es\u2026","rel":"","context":"In &quot;Exhibition&quot;","block_context":{"text":"Exhibition","link":"https:\/\/sven-teuber.info\/wordpress\/category\/exhibition\/"},"img":{"alt_text":"","src":"https:\/\/i0.wp.com\/sven-teuber.info\/wordpress\/wp-content\/uploads\/2017\/02\/Selfie-copy.jpg?resize=350%2C200","width":350,"height":200,"srcset":"https:\/\/i0.wp.com\/sven-teuber.info\/wordpress\/wp-content\/uploads\/2017\/02\/Selfie-copy.jpg?resize=350%2C200 1x, https:\/\/i0.wp.com\/sven-teuber.info\/wordpress\/wp-content\/uploads\/2017\/02\/Selfie-copy.jpg?resize=525%2C300 1.5x, https:\/\/i0.wp.com\/sven-teuber.info\/wordpress\/wp-content\/uploads\/2017\/02\/Selfie-copy.jpg?resize=700%2C400 2x"},"classes":[]},{"id":2739,"url":"https:\/\/sven-teuber.info\/wordpress\/petition-zur-streichung-des-gotteslaesterungsparagraphen-veroeffentlicht\/","url_meta":{"origin":3739,"position":1},"title":"Petition zur Streichung des \u201eGottesl\u00e4sterungsparagraphen\u201c ver\u00f6ffentlicht","author":"steuber","date":"31. Januar 2015","format":"link","excerpt":"von GBS posted on January 20, 2015 06:01PM GMT \"Giordano-Bruno-Stiftung ruft zur St\u00e4rkung der Kunst-, Presse- und Meinungsfreiheit auf. (Originalartikel hier: http:\/\/www.giordano-bruno-stiftung.de\/meldung\/petition-166-stgb ) Der Petitionsausschuss des Deutschen Bundestags hat die Petition zur Streichung des sogenannten \u201eGottesl\u00e4sterungsparagraphen\u201c 166 StGB auf seiner Internetseite ver\u00f6ffentlicht. Der Paragraph bedroht K\u00fcnstlerinnen und K\u00fcnstler mit Gef\u00e4ngnisstrafen\u2026","rel":"","context":"In &quot;Allgemein&quot;","block_context":{"text":"Allgemein","link":"https:\/\/sven-teuber.info\/wordpress\/category\/allgemein\/"},"img":{"alt_text":"","src":"","width":0,"height":0},"classes":[]},{"id":6468,"url":"https:\/\/sven-teuber.info\/wordpress\/die-rueckkehr-der-werte\/","url_meta":{"origin":3739,"position":2},"title":"Die R\u00fcckkehr der Werte","author":"steuber","date":"12. Februar 2025","format":false,"excerpt":"Im Jahr 2027 hatte sich die Welt ver\u00e4ndert. Europa war von wirtschaftlichen Unsicherheiten und politischen Spannungen gepr\u00e4gt, und die Erinnerungen an die Bundestagswahl 2025 waren noch frisch in den K\u00f6pfen der Menschen. In einem kleinen Dorf am Rande Deutschlands lebte Anna, eine junge Journalistin, die sich der Aufgabe verschrieben hatte,\u2026","rel":"","context":"In &quot;Allgemein&quot;","block_context":{"text":"Allgemein","link":"https:\/\/sven-teuber.info\/wordpress\/category\/allgemein\/"},"img":{"alt_text":"","src":"","width":0,"height":0},"classes":[]},{"id":2611,"url":"https:\/\/sven-teuber.info\/wordpress\/arthur-schopenhauer\/","url_meta":{"origin":3739,"position":3},"title":"Arthur Schopenhauer","author":"steuber","date":"15. Januar 2015","format":false,"excerpt":"Das grundlegend neue Motiv, das Schopenhauer in die Philosophie einf\u00fchrt, ist die Vorrangstellung des Willens, des Willens insbesondere gegen\u00fcber der Erkenntnis. Das klingt f\u00fcr heutige Ohren banal, bedeutete aber im 19. Jahrhundert eine echte Revolution. Dessen war sich Schopenhauer voll und ganz bewu\u00dft: \u201eDer Grundzug\", schreibt er, \u201eder Grundzug meiner\u2026","rel":"","context":"In &quot;Allgemein&quot;","block_context":{"text":"Allgemein","link":"https:\/\/sven-teuber.info\/wordpress\/category\/allgemein\/"},"img":{"alt_text":"","src":"","width":0,"height":0},"classes":[]},{"id":6677,"url":"https:\/\/sven-teuber.info\/wordpress\/freiheit-der-vernunft-vs-ideologischer-zwang-eine-misessche-analyse-aktueller-politischer-dynamiken\/","url_meta":{"origin":3739,"position":4},"title":"Freiheit der Vernunft vs. Ideologischer Zwang: Eine Mises&#8217;sche Analyse aktueller politischer Dynamiken","author":"steuber","date":"8. September 2025","format":false,"excerpt":"Einleitung: Die Theorie des ideologischen Zwangs Ludwig von Mises, einer der bedeutendsten Vertreter des Liberalismus, stellt in seiner sozialtheoretischen Analyse eine fundamentale These auf: Herrschaftssysteme, die sich auf dogmatische und nicht hinterfragbare ideologische Pr\u00e4missen st\u00fctzen, befinden sich in einem strukturellen Konflikt mit der freien Vernunft des Einzelnen. Sein zentrales Argument\u2026","rel":"","context":"In &quot;Allgemein&quot;","block_context":{"text":"Allgemein","link":"https:\/\/sven-teuber.info\/wordpress\/category\/allgemein\/"},"img":{"alt_text":"","src":"","width":0,"height":0},"classes":[]},{"id":4338,"url":"https:\/\/sven-teuber.info\/wordpress\/demokratie-4-0-chatbots-und-big-data-bei-wahlen-nutzen\/","url_meta":{"origin":3739,"position":5},"title":"Demokratie 4.0: Chatbots und Big Data bei Wahlen nutzen","author":"steuber","date":"15. November 2017","format":"link","excerpt":"\"K\u00fcnstliche Intelligenz und Big Data verschaffen Unternehmen bei komplexen Sachverhalten den n\u00f6tigen Durchblick und assistieren beim Treffen von Entscheidungen. Die Kommunikation zwischen Unternehmen und Kunden wird durch Chatbots unterst\u00fctzt. Dieselben Dienste k\u00f6nnten die Technologien auch f\u00fcr den B\u00fcrger leisten \u2013 beispielsweise bei k\u00fcnftigen Wahlen. Soziale Netzwerke, Social Bots, Big Data\u2026","rel":"","context":"In &quot;Allgemein&quot;","block_context":{"text":"Allgemein","link":"https:\/\/sven-teuber.info\/wordpress\/category\/allgemein\/"},"img":{"alt_text":"","src":"https:\/\/i0.wp.com\/sven-teuber.info\/wordpress\/wp-content\/uploads\/2017\/11\/A4E8F56A-95FE-4BA0-9302-BB10AEBF181B.jpeg?resize=350%2C200","width":350,"height":200,"srcset":"https:\/\/i0.wp.com\/sven-teuber.info\/wordpress\/wp-content\/uploads\/2017\/11\/A4E8F56A-95FE-4BA0-9302-BB10AEBF181B.jpeg?resize=350%2C200 1x, https:\/\/i0.wp.com\/sven-teuber.info\/wordpress\/wp-content\/uploads\/2017\/11\/A4E8F56A-95FE-4BA0-9302-BB10AEBF181B.jpeg?resize=525%2C300 1.5x, https:\/\/i0.wp.com\/sven-teuber.info\/wordpress\/wp-content\/uploads\/2017\/11\/A4E8F56A-95FE-4BA0-9302-BB10AEBF181B.jpeg?resize=700%2C400 2x"},"classes":[]}],"jetpack_likes_enabled":true,"_links":{"self":[{"href":"https:\/\/sven-teuber.info\/wordpress\/wp-json\/wp\/v2\/posts\/3739","targetHints":{"allow":["GET"]}}],"collection":[{"href":"https:\/\/sven-teuber.info\/wordpress\/wp-json\/wp\/v2\/posts"}],"about":[{"href":"https:\/\/sven-teuber.info\/wordpress\/wp-json\/wp\/v2\/types\/post"}],"author":[{"embeddable":true,"href":"https:\/\/sven-teuber.info\/wordpress\/wp-json\/wp\/v2\/users\/2"}],"replies":[{"embeddable":true,"href":"https:\/\/sven-teuber.info\/wordpress\/wp-json\/wp\/v2\/comments?post=3739"}],"version-history":[{"count":6,"href":"https:\/\/sven-teuber.info\/wordpress\/wp-json\/wp\/v2\/posts\/3739\/revisions"}],"predecessor-version":[{"id":3746,"href":"https:\/\/sven-teuber.info\/wordpress\/wp-json\/wp\/v2\/posts\/3739\/revisions\/3746"}],"wp:attachment":[{"href":"https:\/\/sven-teuber.info\/wordpress\/wp-json\/wp\/v2\/media?parent=3739"}],"wp:term":[{"taxonomy":"category","embeddable":true,"href":"https:\/\/sven-teuber.info\/wordpress\/wp-json\/wp\/v2\/categories?post=3739"},{"taxonomy":"post_tag","embeddable":true,"href":"https:\/\/sven-teuber.info\/wordpress\/wp-json\/wp\/v2\/tags?post=3739"}],"curies":[{"name":"wp","href":"https:\/\/api.w.org\/{rel}","templated":true}]}}