{"id":3869,"date":"2016-12-04T15:29:09","date_gmt":"2016-12-04T13:29:09","guid":{"rendered":"http:\/\/sven-teuber.info\/wordpress\/?p=3869"},"modified":"2016-12-04T15:29:09","modified_gmt":"2016-12-04T13:29:09","slug":"artclub-einladung-zum-10-jubilaeumsfest-sa-10-12","status":"publish","type":"post","link":"https:\/\/sven-teuber.info\/wordpress\/artclub-einladung-zum-10-jubilaeumsfest-sa-10-12\/","title":{"rendered":"artclub &#8211; Einladung zum 10 Jubil\u00e4umsfest Sa. 10.12."},"content":{"rendered":"<p>Liebe Kunstfreundinnen und Kunstfreunde,<\/p>\n<p>hiermit laden wir herzlich ein zu unserem Jubil\u00e4umsfest:<\/p>\n<p><strong>Sa. 10.12., ab 19:00 Uhr, Eintritt gratis &amp; Buffet gratis<\/strong><br \/>\n<strong>&#8222;<em>10 Jahre artclub<\/em>&#8220; &#8211; Kunstfest zum 10-j\u00e4hrigen Bestehen des artclub (2006-2016)<\/strong><\/p>\n<p>Das Jubil\u00e4umsfest ist gleichzeitig unser Abschlussfest in der Melchiorstrasse und unsere letzte \u00f6ffentliche Veranstaltung hier; ein entsprechend spannendes und abwechslungsreiches Programm wird geboten:<\/p>\n<p><!--more--><br \/>\n<em><u>Auftretende Live-K\u00fcnstler&amp;innen:<\/u><\/em><\/p>\n<p><strong>A-Moll-Dienstag<\/strong><strong><br \/>\nStimmungsvoll und rockig; die Live-Band die Spass macht und Musik in Szene setzt<\/strong><\/p>\n<p><strong>Fallinn Wolff\u00a0 <\/strong><strong><br \/>\nDie beiden jungen Musikerinnen Linn Meissner und Beate Wolff spielen Dream Pop und singen wundersame und wunderbare musikalische M\u00e4rchen-Geschichten &#8211; vom Feinsten<\/strong><\/p>\n<p><strong>G\u00f6ttin Gala\u00a0<\/strong><strong><br \/>\nGala Gabriele Hummel \u00fcberrascht mit einer Mischung aus Performance, Literatur und Theater, oft wird es auch sehr heiter und ist immer sehr am\u00fcsant und wirklich erlebenswert<\/strong><\/p>\n<p><strong>Nanni Rasul <\/strong><strong><br \/>\nDie K\u00fcnstlerin ist spezialisiert auf orientalischen Bauchtanz im entsprechenden Kost\u00fcm und wird begleitet von den T\u00e4nzerinnen Stephanie Walbr\u00f6l und Angelika<\/strong><\/p>\n<p><strong>Dr. Ritardando\u00a0 <\/strong><strong><br \/>\nDer geheimnisvolle Musik-Interpret wird mit seiner rauh-rauchigen Stimme seine Lieder vortragen die unter die Haut gehen<\/strong><\/p>\n<p><strong>Schall &amp; Sellge<\/strong><strong><br \/>\nHansj\u00f6rg Schall und Klaus Sellge sind das A-Capella-Duo, das schon in den vergangenen Jahren bei unseren Festen das Publikum in Begeisterung versetzte und auch schon Besucher zum Mitsingen gewann\u00a0 <\/strong><\/p>\n<h3>Einzelausstellungen<\/h3>\n<ul>\n<li><a href=\"http:\/\/www.artclub-galerie.de\/kuenstler\/papst\/\">Maja PAPST<\/a> im Projektraum Kabinett<\/li>\n<li><a href=\"http:\/\/www.artclub-galerie.de\/kuenstler\/teuber\/\">Sven TEUBER<\/a> im Projektraum Basement<\/li>\n<li><a href=\"http:\/\/www.artclub-galerie.de\/kuenstler\/kramer\/\">Werner KRAMER<\/a> im Projektraum Passage<\/li>\n<\/ul>\n<p>Es wird also ein tolles Programm geboten; ein Gratis-Buffet &#8211; gestiftet vom Lokal Alte Feuerwache &#8211; wird f\u00fcr entsprechende Gaumenfreuden sorgen.<\/p>\n<p>Wir freuen uns auf feierlustige G\u00e4ste<\/p>\n<p><strong>artclub <\/strong><br \/>\n<strong>GALERIE + ARCHIV AKTIV + K\u00dcNSTLERCLUB + VERANSTALTUNGSRAUM<\/strong><br \/>\nMelchiorstr. 14\u00a0\u00a0 &#8211;\u00a0 50670 K\u00f6ln &#8211; Agnesviertel\u00a0 &#8211; Gegen\u00fcber &#8222;Alte Feuerwache&#8220;<br \/>\nMail: <a href=\"mailto:mail@artclub-Galerie.de\">mail@artclub-Galerie.de<\/a>\u00a0\u00a0\u00a0\u00a0 Web:\u00a0 <a href=\"http:\/\/www.artclub-galerie.de\">www.artclub-galerie.de<\/a><\/p>\n","protected":false},"excerpt":{"rendered":"<p>Liebe Kunstfreundinnen und Kunstfreunde, hiermit laden wir herzlich ein zu unserem Jubil\u00e4umsfest: Sa. 10.12., ab 19:00 Uhr, Eintritt gratis &amp; Buffet gratis &#8222;10 Jahre artclub&#8220; &#8211; Kunstfest zum 10-j\u00e4hrigen Bestehen des artclub (2006-2016) Das Jubil\u00e4umsfest ist gleichzeitig unser Abschlussfest in &hellip; <a href=\"https:\/\/sven-teuber.info\/wordpress\/artclub-einladung-zum-10-jubilaeumsfest-sa-10-12\/\">Weiterlesen <span class=\"meta-nav\">&rarr;<\/span><\/a><\/p>\n","protected":false},"author":2,"featured_media":0,"comment_status":"open","ping_status":"open","sticky":false,"template":"","format":"standard","meta":{"_crdt_document":"","jetpack_post_was_ever_published":false,"_jetpack_newsletter_access":"","_jetpack_dont_email_post_to_subs":false,"_jetpack_newsletter_tier_id":0,"_jetpack_memberships_contains_paywalled_content":false,"_jetpack_memberships_contains_paid_content":false,"footnotes":"","jetpack_publicize_message":"","jetpack_publicize_feature_enabled":true,"jetpack_social_post_already_shared":true,"jetpack_social_options":{"image_generator_settings":{"template":"highway","default_image_id":0,"font":"","enabled":false},"version":2}},"categories":[4,3],"tags":[340],"class_list":["post-3869","post","type-post","status-publish","format-standard","hentry","category-exhibition","category-for-your-information","tag-artclub"],"jetpack_publicize_connections":[],"jetpack_featured_media_url":"","jetpack_sharing_enabled":true,"jetpack_shortlink":"https:\/\/wp.me\/p3CWBT-10p","jetpack-related-posts":[{"id":2478,"url":"https:\/\/sven-teuber.info\/wordpress\/artclub-gemeinschaftsausstellung-power-of-art\/","url_meta":{"origin":3869,"position":0},"title":"Artclub-Gemeinschaftsausstellung &#8222;Power of Art&#8220;","author":"steuber","date":"2. November 2014","format":"aside","excerpt":"artclub GALERIE + ARCHIV AKTIV + K\u00dcNSTLERCLUB + VERANSTALTUNGSRAUM Melchiorstr. 14\u00a0\u00a0 -\u00a0 50670 K\u00f6ln - Agnesviertel\u00a0 - Gegen\u00fcber \"Alte Feuerwache\" Mail: mail@artclub-Galerie.de\u00a0\u00a0\u00a0\u00a0 Web:\u00a0 www.artclub-galerie.de .......................................................................................... Liebe Kunstfreunde, hiermit laden wir herzlich zur musikalischen Er\u00f6ffnung: Vernissage Sa. 8.11. von 19 - 23 Uhr Im Rahmen der artclub-Gemeinschaftsausstellung \"Power of Art\" werden\u2026","rel":"","context":"In &quot;Events&quot;","block_context":{"text":"Events","link":"https:\/\/sven-teuber.info\/wordpress\/category\/events\/"},"img":{"alt_text":"","src":"","width":0,"height":0},"classes":[]},{"id":3315,"url":"https:\/\/sven-teuber.info\/wordpress\/vernissage-fr-22-1-von-19-23-uhr-artclub-koeln\/","url_meta":{"origin":3869,"position":1},"title":"Vernissage Fr. 22.1., von 19 &#8211; 23 Uhr, Artclub K\u00f6ln","author":"steuber","date":"18. Januar 2016","format":"status","excerpt":"Vernissage Fr. 22.1., von 19 - 23 Uhr, Artclub K\u00f6ln Liebe Kunstfreundinnen und Kunstfreunde, hiermit laden wir herzlich zur Ausstellungser\u00f6ffnung von vier neuen Ausstellungen: Vernissage Fr. 22.1., von 19 - 23 Uhr Er\u00f6ffnung der neuen artclub-Gemeinschaftsausstellung unter dem Titel \"Diverse Diversit\u00e4t\". Die Ausstellung ist dem K\u00fcnstler Joseph Beuys gewidmet, zum\u2026","rel":"","context":"In &quot;Allgemein&quot;","block_context":{"text":"Allgemein","link":"https:\/\/sven-teuber.info\/wordpress\/category\/allgemein\/"},"img":{"alt_text":"","src":"","width":0,"height":0},"classes":[]},{"id":2483,"url":"https:\/\/sven-teuber.info\/wordpress\/vorankuendigung-15-1116-11-artclub-koeln\/","url_meta":{"origin":3869,"position":2},"title":"NDIVIDUALMARKT &#8211; Kunstmesse der W\u00fcnsche 15.11\/16.11 Artclub K\u00f6ln","author":"steuber","date":"3. November 2014","format":false,"excerpt":"VORANK\u00dcNDIGUNG Liebe Kunstfreunde und Kunstk\u00e4ufer, wir bitten Sie sehr freundlich um Ihre gesch\u00e4tzte Aufmerksamkeit. Der artclub hat eine ganz neue Art von Kunstmesse erfunden: \u201eINDIVIDUALMARKT - Kunstmesse der W\u00fcnsche Die erste Kunstmesse der Welt, auf der es keine fertigen Kunstwerke zu kaufen gibt. Sa, 15. 11., von 15 bis 20\u2026","rel":"","context":"In &quot;Allgemein&quot;","block_context":{"text":"Allgemein","link":"https:\/\/sven-teuber.info\/wordpress\/category\/allgemein\/"},"img":{"alt_text":"artclubPRESSE135KI1114","src":"https:\/\/i0.wp.com\/sven-teuber.info\/wordpress\/wp-content\/uploads\/2014\/11\/artclubPRESSE135KI1114.jpg?resize=350%2C200","width":350,"height":200,"srcset":"https:\/\/i0.wp.com\/sven-teuber.info\/wordpress\/wp-content\/uploads\/2014\/11\/artclubPRESSE135KI1114.jpg?resize=350%2C200 1x, https:\/\/i0.wp.com\/sven-teuber.info\/wordpress\/wp-content\/uploads\/2014\/11\/artclubPRESSE135KI1114.jpg?resize=525%2C300 1.5x"},"classes":[]},{"id":2050,"url":"https:\/\/sven-teuber.info\/wordpress\/ausstellung-artclub-weltkulturerbe-karneval-bis-zum-11-3-2014\/","url_meta":{"origin":3869,"position":3},"title":"Ausstellung Artclub &#8222;Weltkulturerbe Karneval&#8230;.&#8220; bis zum 11.3.2014","author":"steuber","date":"2. M\u00e4rz 2014","format":false,"excerpt":"\u00a0 Liebe Kunstfreunde, leeve Jecke, kunstvoll ist das Jahr im artclub gestartet, ein \"Trend\" der sich fortsetzt.... Hiermit laden wir herzlich zur Er\u00f6ffnung zwei neuer Gemeinschafts-Ausstellungen ein: \u00a0 Auch an den Karnevalstagen ist ge\u00f6ffnet: Karnevals-Samsatg 1.3. von 15 - 17 Uhr, Karnevals-Sonntag von 14 - 16 Uhr, Rosenmontag 15 -\u2026","rel":"","context":"In &quot;Allgemein&quot;","block_context":{"text":"Allgemein","link":"https:\/\/sven-teuber.info\/wordpress\/category\/allgemein\/"},"img":{"alt_text":"artclubPRESSE129KI0314","src":"https:\/\/i0.wp.com\/sven-teuber.info\/wordpress\/wp-content\/uploads\/2014\/03\/artclubPRESSE129KI0314.jpg?resize=350%2C200","width":350,"height":200,"srcset":"https:\/\/i0.wp.com\/sven-teuber.info\/wordpress\/wp-content\/uploads\/2014\/03\/artclubPRESSE129KI0314.jpg?resize=350%2C200 1x, https:\/\/i0.wp.com\/sven-teuber.info\/wordpress\/wp-content\/uploads\/2014\/03\/artclubPRESSE129KI0314.jpg?resize=525%2C300 1.5x"},"classes":[]},{"id":2318,"url":"https:\/\/sven-teuber.info\/wordpress\/einladung-zu-speedart-portraits-in-der-koelner-galerie-artclub\/","url_meta":{"origin":3869,"position":4},"title":"Einladung zu Speedart Portraits in der K\u00f6lner Galerie artclub","author":"steuber","date":"29. August 2014","format":false,"excerpt":"Liebe Freunde der Kunst, einigen von Euch ist das Kunstevent \"Speedart-Portraits\" der Galerie artclub bereits bekannt: An zwei aufeinander folgenden Tagen - Fr. d. 05.09.\/ Sa. 06.09. pr\u00e4sentiert der K\u00f6lner artclub ausgew\u00e4hlte K\u00fcnstler, die mit einem ihrer Werke dem Publikum in einer Kurzpr\u00e4sentation vorgestellt werden. Der K\u00fcnstler wird von dem\u2026","rel":"","context":"In &quot;Allgemein&quot;","block_context":{"text":"Allgemein","link":"https:\/\/sven-teuber.info\/wordpress\/category\/allgemein\/"},"img":{"alt_text":"","src":"","width":0,"height":0},"classes":[]},{"id":57,"url":"https:\/\/sven-teuber.info\/wordpress\/09-03-2000-uhr-artclub-koln-prismaxx-licht-und-aktions-theater-fur-interaktive-sehabenteuer\/","url_meta":{"origin":3869,"position":5},"title":"09.03, 20:00 Uhr Artclub K\u00f6ln &#8222;PrismaxX&#8220; Licht- und Aktions-Theater f\u00fcr interaktive SehAbenteuer","author":"steuber","date":"18. Februar 2013","format":false,"excerpt":"Kunst\/Aktion am 9 M\u00e4rz, Beginn ab 20:00 Uhr \"PrismaxX\" Licht- und Aktions-Theater f\u00fcr interaktive SehAbenteuer Lichtspielerin & T\u00e4nzerin: Nanni Rasul Zuschauer erhalten f\u00fcr die Auff\u00fchrungen \"PrismaxX-GigaSkope\" des K\u00fcnstlers Parzival. Mit diesen Kunstbrillen sind spektakul\u00e4re und interaktive Sichtweisen m\u00f6glich; im Jahr 2000 erhielten sie einen Seh-Weltrekord und wurden gro\u00df im Guinness\u2026","rel":"","context":"In &quot;Exhibition&quot;","block_context":{"text":"Exhibition","link":"https:\/\/sven-teuber.info\/wordpress\/category\/exhibition\/"},"img":{"alt_text":"","src":"https:\/\/i0.wp.com\/www.xing.com\/img\/n\/outlink.gif?resize=350%2C200&ssl=1","width":350,"height":200},"classes":[]}],"jetpack_likes_enabled":true,"_links":{"self":[{"href":"https:\/\/sven-teuber.info\/wordpress\/wp-json\/wp\/v2\/posts\/3869","targetHints":{"allow":["GET"]}}],"collection":[{"href":"https:\/\/sven-teuber.info\/wordpress\/wp-json\/wp\/v2\/posts"}],"about":[{"href":"https:\/\/sven-teuber.info\/wordpress\/wp-json\/wp\/v2\/types\/post"}],"author":[{"embeddable":true,"href":"https:\/\/sven-teuber.info\/wordpress\/wp-json\/wp\/v2\/users\/2"}],"replies":[{"embeddable":true,"href":"https:\/\/sven-teuber.info\/wordpress\/wp-json\/wp\/v2\/comments?post=3869"}],"version-history":[{"count":2,"href":"https:\/\/sven-teuber.info\/wordpress\/wp-json\/wp\/v2\/posts\/3869\/revisions"}],"predecessor-version":[{"id":3871,"href":"https:\/\/sven-teuber.info\/wordpress\/wp-json\/wp\/v2\/posts\/3869\/revisions\/3871"}],"wp:attachment":[{"href":"https:\/\/sven-teuber.info\/wordpress\/wp-json\/wp\/v2\/media?parent=3869"}],"wp:term":[{"taxonomy":"category","embeddable":true,"href":"https:\/\/sven-teuber.info\/wordpress\/wp-json\/wp\/v2\/categories?post=3869"},{"taxonomy":"post_tag","embeddable":true,"href":"https:\/\/sven-teuber.info\/wordpress\/wp-json\/wp\/v2\/tags?post=3869"}],"curies":[{"name":"wp","href":"https:\/\/api.w.org\/{rel}","templated":true}]}}