{"id":3899,"date":"2016-12-24T19:01:22","date_gmt":"2016-12-24T17:01:22","guid":{"rendered":"http:\/\/sven-teuber.info\/wordpress\/?p=3899"},"modified":"2016-12-24T19:19:41","modified_gmt":"2016-12-24T17:19:41","slug":"gilles-kepel-buchempfehlung","status":"publish","type":"post","link":"https:\/\/sven-teuber.info\/wordpress\/gilles-kepel-buchempfehlung\/","title":{"rendered":"Gilles Kepel Buchempfehlung"},"content":{"rendered":"<h4>Gilles Kepel, Buchempfehlung<\/h4>\n<h5>Titel: Terror in Frankreich. Der neue Dschihad in Europa<\/h5>\n<p>Die Terroranschl\u00e4ge in den Jahren 2015 und 2016 haben Frankreich und Europa schwer ersch\u00fcttert. Der renommierte Soziologe Gilles Kepel sucht Erkl\u00e4rungen daf\u00fcr, warum sich eine so enorme gesellschaftliche Kluft aufgetan hat und die Lage derart eskalieren konnte.<\/p>\n<p><!--more--><\/p>\n<div class=\"page-wrap\">\n<div class=\"page-body\">\n<div class=\"page-content page-content--sidebar\">\n<article id=\"post-13506\" class=\"event-single post-13506 dai_event type-dai_event status-publish has-post-thumbnail hentry dai_event_category-cultural-events dai_event_type-lecture\">\n<div class=\"event-single__content event-single__content-thumbnail\">\n<div class=\"event-single__text\">\n<p>&#8222;In der wirtschaftlichen, sozialen und politischen Ausgrenzung gro\u00dfer Teile der muslimischen Bev\u00f6lkerung Frankreichs und den andauernden Kriegen im Nahen Osten sieht Kepel den N\u00e4hrboden f\u00fcr die Agitation junger Muslime durch radikale Islamisten, die mit Hilfe sozialer Medien einen dezentralisierten und totalen Dschihad propagieren. Zur gleichen Zeit verst\u00e4rke der Aufstieg der extremen Rechten in Europa die Polarisierung der Gesellschaft.<\/p>\n<p>Gilles Kepel, geboren 1955, ist einer der bekanntesten Islamwissenschaftler Europas.<br \/>\nEr lehrt am Institut d\u2019\u00c9tudes Politiques de Paris und am Institut Universitaire de France.<\/p>\n<p>Dieser Titel ist ein Ausdruck der Wirklichkeit. Es gab 239 Todesf\u00e4lle seit den Anschl\u00e4gen vom 7. Januar 2015 bei Charlie Hebdo, dem Mord eines Priesters in Saint-Etienne-du-Rouvray am 26. Juli 2016, Bataclan und dem 14. Juli in Nizza.<br \/>\n<br class=\"autobr\" \/>Dieses Ph\u00e4nomen wird in meinem Buch vorgestellt. Ich versuche zu verstehen, warum wir uns heute einer &#8222;dritte Generation des Dschihadismus&#8220; stellen m\u00fcssen und unter welchen besonderen Bedingungen dieses Ph\u00e4nomen entsteht, denn Europa wird spezifisch als die &#8222;ventre mou (weichen Unterleib)&#8220; des Westens bezeichnet. <br class=\"autobr\" \/>Die &#8222;Dritte Generation Dschihadismus&#8220; umfasst einen Dschihadismus, der nicht mehr mit dem, was Bin Laden konzipiert hatte, zu tun hat. Es ging damals um eine pyramidale Organisation, die ausl\u00e4ndische Agenten in die Herzen der westlichen Gesellschaften (wie am 11. September 2001) schickte. Jetzt geht es um die Mobilisierung junger Europ\u00e4er, damit sie Angriffe in ihrer unmittelbaren Umgebung ausf\u00fchren. <br class=\"autobr\" \/>Obwohl Abu Musab al-Suri 2005 einen Aufruf f\u00fcr einen globalen islamischen Widerstand auf dem Internet ver\u00f6ffentlichte, wurde das Ph\u00e4nomen nicht verstanden und die Geheimdienste aus ganz Europa blieben ratlos. Der Faktor des sozialen Kontexts muss ebenfalls betrachtet werden. Die meisten Dschihadisten kommen aus einem neo-Proletariat, das die europ\u00e4ische Mittelklasse, vor allem sein Hedonismus, seine Kultur, aber auch die christliche Religion zerst\u00f6ren will. Es muss nachvollziehbar sein, was genau passiert ist, damit dieses Ph\u00e4nomen der sozialen Entfremdung zu solcher Gewalt f\u00fchren konnte und inwiefern der Dschihadismus diese Entfremdung strukturiert.<br \/>\nDarum geht es in meinem Buch&#8220;.<\/p>\n<p>Quelle:<br \/>\nhttp:\/\/www.ambafrance-ch.org\/Nouvelle-traduction-Gilles-Kepel-Terreur-dans-l-Hexagone<\/p>\n<div id=\"content\" class=\"purple\">\u00a0<img data-recalc-dims=\"1\" loading=\"lazy\" decoding=\"async\" class=\"alignnone size-full\" src=\"https:\/\/i0.wp.com\/kalender.karlsruhe.de\/kalender\/db\/termine\/kultur\/literatur\/242975\/hifb.jpg?resize=584%2C329\" width=\"584\" height=\"329\" \/><\/div>\n<\/div>\n<\/div>\n<\/article>\n<\/div>\n<\/div>\n<\/div>\n<p><a href=\"http:\/\/www.kunstmann.de\/titel-0-0\/terror_in_frankreich-1221\/\">Weiterlesen&#8230;.<\/a>zu dem Buch, Verlag Antje Kunstmann<\/p>\n<p>Terror in Frankreich<br \/>\nErschienen im September 2016<br \/>\n\u00dcbersetzt von Werner Damson<br \/>\nISBN 978-3-95614-129-4<br \/>\n24,00 \u20ac<\/p>\n","protected":false},"excerpt":{"rendered":"<p>Gilles Kepel, Buchempfehlung Titel: Terror in Frankreich. Der neue Dschihad in Europa Die Terroranschl\u00e4ge in den Jahren 2015 und 2016 haben Frankreich und Europa schwer ersch\u00fcttert. Der renommierte Soziologe Gilles Kepel sucht Erkl\u00e4rungen daf\u00fcr, warum sich eine so enorme gesellschaftliche &hellip; <a href=\"https:\/\/sven-teuber.info\/wordpress\/gilles-kepel-buchempfehlung\/\">Weiterlesen <span class=\"meta-nav\">&rarr;<\/span><\/a><\/p>\n","protected":false},"author":2,"featured_media":0,"comment_status":"open","ping_status":"open","sticky":false,"template":"","format":"aside","meta":{"_crdt_document":"","jetpack_post_was_ever_published":false,"_jetpack_newsletter_access":"","_jetpack_dont_email_post_to_subs":true,"_jetpack_newsletter_tier_id":0,"_jetpack_memberships_contains_paywalled_content":false,"_jetpack_memberships_contains_paid_content":false,"footnotes":"","jetpack_publicize_message":"","jetpack_publicize_feature_enabled":true,"jetpack_social_post_already_shared":true,"jetpack_social_options":{"image_generator_settings":{"template":"highway","default_image_id":0,"font":"","enabled":false},"version":2}},"categories":[1,502],"tags":[104,520],"class_list":["post-3899","post","type-post","status-publish","format-aside","hentry","category-allgemein","category-politik","tag-buch","tag-gilles-kepel","post_format-post-format-aside"],"jetpack_publicize_connections":[],"jetpack_featured_media_url":"","jetpack_sharing_enabled":true,"jetpack_shortlink":"https:\/\/wp.me\/p3CWBT-10T","jetpack-related-posts":[{"id":2643,"url":"https:\/\/sven-teuber.info\/wordpress\/michel-houellebecqs-neues-buch-unterwerfung\/","url_meta":{"origin":3899,"position":0},"title":"Michel Houellebecqs neues Buch &#8222;Unterwerfung&#8220;","author":"steuber","date":"20. Januar 2015","format":false,"excerpt":"\"Wie sehr Michel Houellebecq mit seinen Romanen den Nerv der Gesellschaft trifft, zeigt einmal mehr der j\u00fcngste Roman des Franzosen, der heute in Deutschland erscheint: \"Unterwerfung\". Sein Buch wurde am Montag in K\u00f6ln vorgestellt. Link: R\u00fcckblick vom 19.01.15 auf die Houellebecq-Lesung in K\u00f6ln \"Das Buch in f\u00fcnf Kapiteln ist als\u2026","rel":"","context":"In &quot;Allgemein&quot;","block_context":{"text":"Allgemein","link":"https:\/\/sven-teuber.info\/wordpress\/category\/allgemein\/"},"img":{"alt_text":"Der Leser","src":"https:\/\/i0.wp.com\/sven-teuber.info\/wordpress\/wp-content\/uploads\/2014\/11\/DSCF4192.jpg?resize=350%2C200","width":350,"height":200},"classes":[]},{"id":3448,"url":"https:\/\/sven-teuber.info\/wordpress\/das-sind-die-deutschen-treibhaeuser-des-terrors\/","url_meta":{"origin":3899,"position":1},"title":"Das sind die deutschen Treibh\u00e4user des Terrors","author":"steuber","date":"11. Februar 2016","format":"link","excerpt":"Viele Islamisten kommen aus den gleichen Stadtvierteln in Br\u00fcssel und Paris. Ein Zeichen der gescheiterten Integration? Auch in Deutschland ist der islamische Fundamentalismus kein Randph\u00e4nomen. Von Joachim Wagner ...weiterlesen..... Quelle: Die Welt vom 11. Feb. 2016 \"Ein drittel bis zur H\u00e4lfte der Muslime in Westeuropa stimmen mit der Ideologie und\u2026","rel":"","context":"In &quot;For your Information&quot;","block_context":{"text":"For your Information","link":"https:\/\/sven-teuber.info\/wordpress\/category\/for-your-information\/"},"img":{"alt_text":"M\u00e4rtyrer und der Weg in das Paradies","src":"https:\/\/i0.wp.com\/sven-teuber.info\/wordpress\/wp-content\/uploads\/2016\/02\/M%C3%A4rtyrer-und-der-Weg-in-das-Paradies.jpg?resize=350%2C200","width":350,"height":200,"srcset":"https:\/\/i0.wp.com\/sven-teuber.info\/wordpress\/wp-content\/uploads\/2016\/02\/M%C3%A4rtyrer-und-der-Weg-in-das-Paradies.jpg?resize=350%2C200 1x, https:\/\/i0.wp.com\/sven-teuber.info\/wordpress\/wp-content\/uploads\/2016\/02\/M%C3%A4rtyrer-und-der-Weg-in-das-Paradies.jpg?resize=525%2C300 1.5x"},"classes":[]},{"id":3479,"url":"https:\/\/sven-teuber.info\/wordpress\/syrien-die-verblendung\/","url_meta":{"origin":3899,"position":2},"title":"SYRIEN: DIE VERBLENDUNG","author":"steuber","date":"22. Februar 2016","format":false,"excerpt":"Der franz\u00f6sische Fernsehsender France 2 hat es in seiner Reportage \u2018Syrie: l\u2019aveuglement\u2019 (Die Verblendung) aus der Reihe \u2018Un oeil sur la plan\u00e8te\u2019 auf den Punkt gebracht: Die Sicht der Regierungen auf den Konflikt in Syrien bezieht sich eher auf Fiktion als auf die Realit\u00e4t mit ihren vielf\u00e4ltigen Verflechtungen. Die daraus\u2026","rel":"","context":"In &quot;For your Information&quot;","block_context":{"text":"For your Information","link":"https:\/\/sven-teuber.info\/wordpress\/category\/for-your-information\/"},"img":{"alt_text":"","src":"","width":0,"height":0},"classes":[]},{"id":3069,"url":"https:\/\/sven-teuber.info\/wordpress\/der-terrorangriff-war-vielleicht-ein-weckruf\/","url_meta":{"origin":3899,"position":3},"title":"&#8222;Der Terrorangriff war vielleicht ein Weckruf&#8220;","author":"steuber","date":"30. September 2015","format":"aside","excerpt":"Der Schriftsteller und Essayist Pascal Bruckner hofft, dass sich Frankreich im Angesicht des Terrors wieder auf seine freiheitlichen Werte besinnt. Weiterlesen.. Quelle: DIE WELT - 23 Februar 2015 - Von Richard Herzinger \"Pascal Bruckner 66, geh\u00f6rte zu den aus der 68er-Bewegung stammenden \"Neuen Philosophen\", die in den 1970er Jahren mit\u2026","rel":"","context":"In &quot;Allgemein&quot;","block_context":{"text":"Allgemein","link":"https:\/\/sven-teuber.info\/wordpress\/category\/allgemein\/"},"img":{"alt_text":"","src":"","width":0,"height":0},"classes":[]},{"id":3706,"url":"https:\/\/sven-teuber.info\/wordpress\/kein-zusammenhang-zwischen-fluechtlingen-und-terror\/","url_meta":{"origin":3899,"position":4},"title":"Kein Zusammenhang zwischen Fl\u00fcchtlingen und Terror.","author":"steuber","date":"19. August 2016","format":false,"excerpt":"Artikel erschienen in der Zeit Online, Donnerstag 18 August 2016 \"Mehr Fl\u00fcchtlinge und damit mehr Terror in Deutschland? Diesen Zusammenhang sieht die Kanzlerin nicht. Ihre Partei, so verspricht sie, will f\u00fcr mehr Sicherheit sorgen\". Link: Islamistischer Terror: Merkel sieht keine Verbindung zwischen Fl\u00fcchtlingszuzug und Terror Kommentar zu dem Artikel. Wenn\u2026","rel":"","context":"In &quot;Allgemein&quot;","block_context":{"text":"Allgemein","link":"https:\/\/sven-teuber.info\/wordpress\/category\/allgemein\/"},"img":{"alt_text":"","src":"https:\/\/i0.wp.com\/sven-teuber.info\/wordpress\/wp-content\/uploads\/2016\/08\/Merkel-1.jpg?resize=350%2C200","width":350,"height":200,"srcset":"https:\/\/i0.wp.com\/sven-teuber.info\/wordpress\/wp-content\/uploads\/2016\/08\/Merkel-1.jpg?resize=350%2C200 1x, https:\/\/i0.wp.com\/sven-teuber.info\/wordpress\/wp-content\/uploads\/2016\/08\/Merkel-1.jpg?resize=525%2C300 1.5x, https:\/\/i0.wp.com\/sven-teuber.info\/wordpress\/wp-content\/uploads\/2016\/08\/Merkel-1.jpg?resize=700%2C400 2x"},"classes":[]},{"id":3893,"url":"https:\/\/sven-teuber.info\/wordpress\/offener-brief-zu-dem-anschlag-in-berlin\/","url_meta":{"origin":3899,"position":5},"title":"Offener Brief zu dem Anschlag in Berlin. Stellungnahme des Arbeitsministeriums","author":"steuber","date":"22. Dezember 2016","format":false,"excerpt":"Offener Brief zu dem Anschlag in Berlin, es sind schwierige Zeiten und das Entsetzen \u00fcber die Ereignisse in Berlin l\u00f6st eine gro\u00dfe Betroffenheit und auch berechtigte \u00c4ngste aus. Es wird viel \u00fcber den Anschlag berichtet \u00a0und diskutiert. Was ich vermisse und wor\u00fcber niemand ein Wort verliert: Wo bleibt die Hilfe\u2026","rel":"","context":"In &quot;Allgemein&quot;","block_context":{"text":"Allgemein","link":"https:\/\/sven-teuber.info\/wordpress\/category\/allgemein\/"},"img":{"alt_text":"","src":"","width":0,"height":0},"classes":[]}],"jetpack_likes_enabled":true,"_links":{"self":[{"href":"https:\/\/sven-teuber.info\/wordpress\/wp-json\/wp\/v2\/posts\/3899","targetHints":{"allow":["GET"]}}],"collection":[{"href":"https:\/\/sven-teuber.info\/wordpress\/wp-json\/wp\/v2\/posts"}],"about":[{"href":"https:\/\/sven-teuber.info\/wordpress\/wp-json\/wp\/v2\/types\/post"}],"author":[{"embeddable":true,"href":"https:\/\/sven-teuber.info\/wordpress\/wp-json\/wp\/v2\/users\/2"}],"replies":[{"embeddable":true,"href":"https:\/\/sven-teuber.info\/wordpress\/wp-json\/wp\/v2\/comments?post=3899"}],"version-history":[{"count":7,"href":"https:\/\/sven-teuber.info\/wordpress\/wp-json\/wp\/v2\/posts\/3899\/revisions"}],"predecessor-version":[{"id":3907,"href":"https:\/\/sven-teuber.info\/wordpress\/wp-json\/wp\/v2\/posts\/3899\/revisions\/3907"}],"wp:attachment":[{"href":"https:\/\/sven-teuber.info\/wordpress\/wp-json\/wp\/v2\/media?parent=3899"}],"wp:term":[{"taxonomy":"category","embeddable":true,"href":"https:\/\/sven-teuber.info\/wordpress\/wp-json\/wp\/v2\/categories?post=3899"},{"taxonomy":"post_tag","embeddable":true,"href":"https:\/\/sven-teuber.info\/wordpress\/wp-json\/wp\/v2\/tags?post=3899"}],"curies":[{"name":"wp","href":"https:\/\/api.w.org\/{rel}","templated":true}]}}