{"id":4049,"date":"2017-02-03T23:27:45","date_gmt":"2017-02-03T21:27:45","guid":{"rendered":"http:\/\/sven-teuber.info\/wordpress\/?p=4049"},"modified":"2017-02-03T23:27:45","modified_gmt":"2017-02-03T21:27:45","slug":"titel-die-kultur-als-gewissen","status":"publish","type":"post","link":"https:\/\/sven-teuber.info\/wordpress\/titel-die-kultur-als-gewissen\/","title":{"rendered":"Titel: Die Kultur als Gewissen"},"content":{"rendered":"<div id=\"attachment_4048\" style=\"width: 708px\" class=\"wp-caption aligncenter\"><a href=\"https:\/\/i0.wp.com\/sven-teuber.info\/wordpress\/wp-content\/uploads\/2017\/02\/Die-Kultur-als-Gewissen.jpg?ssl=1\" rel=\"lightbox[4049]\"><img data-recalc-dims=\"1\" loading=\"lazy\" decoding=\"async\" aria-describedby=\"caption-attachment-4048\" data-attachment-id=\"4048\" data-permalink=\"https:\/\/sven-teuber.info\/wordpress\/titel-die-kultur-als-gewissen\/die-kultur-als-gewissen\/\" data-orig-file=\"https:\/\/i0.wp.com\/sven-teuber.info\/wordpress\/wp-content\/uploads\/2017\/02\/Die-Kultur-als-Gewissen.jpg?fit=698%2C1024&amp;ssl=1\" data-orig-size=\"698,1024\" data-comments-opened=\"1\" data-image-meta=\"{&quot;aperture&quot;:&quot;0&quot;,&quot;credit&quot;:&quot;&quot;,&quot;camera&quot;:&quot;&quot;,&quot;caption&quot;:&quot;&quot;,&quot;created_timestamp&quot;:&quot;0&quot;,&quot;copyright&quot;:&quot;&quot;,&quot;focal_length&quot;:&quot;0&quot;,&quot;iso&quot;:&quot;0&quot;,&quot;shutter_speed&quot;:&quot;0&quot;,&quot;title&quot;:&quot;&quot;,&quot;orientation&quot;:&quot;1&quot;}\" data-image-title=\"Die Kultur als Gewissen\" data-image-description=\"\" data-image-caption=\"\" data-large-file=\"https:\/\/i0.wp.com\/sven-teuber.info\/wordpress\/wp-content\/uploads\/2017\/02\/Die-Kultur-als-Gewissen.jpg?fit=584%2C857&amp;ssl=1\" class=\"wp-image-4048 size-full\" src=\"https:\/\/i0.wp.com\/sven-teuber.info\/wordpress\/wp-content\/uploads\/2017\/02\/Die-Kultur-als-Gewissen.jpg?resize=584%2C857&#038;ssl=1\" width=\"584\" height=\"857\" srcset=\"https:\/\/i0.wp.com\/sven-teuber.info\/wordpress\/wp-content\/uploads\/2017\/02\/Die-Kultur-als-Gewissen.jpg?w=698&amp;ssl=1 698w, https:\/\/i0.wp.com\/sven-teuber.info\/wordpress\/wp-content\/uploads\/2017\/02\/Die-Kultur-als-Gewissen.jpg?resize=204%2C300&amp;ssl=1 204w, https:\/\/i0.wp.com\/sven-teuber.info\/wordpress\/wp-content\/uploads\/2017\/02\/Die-Kultur-als-Gewissen.jpg?resize=164%2C240&amp;ssl=1 164w\" sizes=\"auto, (max-width: 584px) 100vw, 584px\" \/><\/a><p id=\"caption-attachment-4048\" class=\"wp-caption-text\">ST, 2017, Titel &#8222;Die Kultur als Gewissen&#8220;<\/p><\/div>\n","protected":false},"excerpt":{"rendered":"","protected":false},"author":2,"featured_media":0,"comment_status":"open","ping_status":"open","sticky":false,"template":"","format":"image","meta":{"_crdt_document":"","jetpack_post_was_ever_published":false,"_jetpack_newsletter_access":"","_jetpack_dont_email_post_to_subs":false,"_jetpack_newsletter_tier_id":0,"_jetpack_memberships_contains_paywalled_content":false,"_jetpack_memberships_contains_paid_content":false,"footnotes":"","jetpack_publicize_message":"","jetpack_publicize_feature_enabled":true,"jetpack_social_post_already_shared":true,"jetpack_social_options":{"image_generator_settings":{"template":"highway","default_image_id":0,"font":"","enabled":false},"version":2}},"categories":[10,2],"tags":[568],"class_list":["post-4049","post","type-post","status-publish","format-image","hentry","category-peinture","category-photographie","tag-die-kultur-als-gewissen","post_format-post-format-image"],"jetpack_publicize_connections":[],"jetpack_featured_media_url":"","jetpack_sharing_enabled":true,"jetpack_shortlink":"https:\/\/wp.me\/p3CWBT-13j","jetpack-related-posts":[{"id":3337,"url":"https:\/\/sven-teuber.info\/wordpress\/wenn-die-gutmenschen-die-kontrolle-verlieren\/","url_meta":{"origin":4049,"position":0},"title":"Wenn die Gutmenschen die Kontrolle verlieren\u2026","author":"steuber","date":"29. Januar 2016","format":false,"excerpt":"Sp\u00e4tsommer 2015, Angela Merkel meint es gut: Sie macht sich Sorgen um die Fl\u00fcchtlinge, die sich an den europ\u00e4ischen Grenzen ansammeln, unertr\u00e4gliche Bilder der Verzweiflung, und entgegen ihrem \u00fcblichen Pragmatismus entscheidet sie im Alleingang, dass Deutschland ihr humanes Gesicht zeigen soll, Willkommenskultur statt durchdachte Politik, zahlreiche freiwillige HelferInnen im Schlepptau,\u2026","rel":"","context":"In &quot;For your Information&quot;","block_context":{"text":"For your Information","link":"https:\/\/sven-teuber.info\/wordpress\/category\/for-your-information\/"},"img":{"alt_text":"Aufruf","src":"https:\/\/i0.wp.com\/sven-teuber.info\/wordpress\/wp-content\/uploads\/2016\/01\/Aufruf.jpg?resize=350%2C200","width":350,"height":200,"srcset":"https:\/\/i0.wp.com\/sven-teuber.info\/wordpress\/wp-content\/uploads\/2016\/01\/Aufruf.jpg?resize=350%2C200 1x, https:\/\/i0.wp.com\/sven-teuber.info\/wordpress\/wp-content\/uploads\/2016\/01\/Aufruf.jpg?resize=525%2C300 1.5x"},"classes":[]},{"id":5866,"url":"https:\/\/sven-teuber.info\/wordpress\/titel-kueste\/","url_meta":{"origin":4049,"position":1},"title":"Titel: K\u00fcste","author":"steuber","date":"18. Februar 2023","format":false,"excerpt":"Titel: K\u00fcste, ST 2023 \"Meere und Ozeane spielen eine zentrale Rolle f\u00fcr globale Klimaprozesse, z\u00e4hlen zu den bedeutendsten \u00d6kosystemen der Erde und beeinflussen das Leben von Millionen Menschen unmittelbar. Sie sind erheblichen vom Menschen verursachten Belastungen ausgesetzt und zugleich eng mit der menschlichen Kultur verwoben. Sie sind Nahrungs- und Rohstoffquelle,\u2026","rel":"","context":"In &quot;Allgemein&quot;","block_context":{"text":"Allgemein","link":"https:\/\/sven-teuber.info\/wordpress\/category\/allgemein\/"},"img":{"alt_text":"","src":"https:\/\/i0.wp.com\/sven-teuber.info\/wordpress\/wp-content\/uploads\/2023\/02\/Kueste-1.jpg?resize=350%2C200&ssl=1","width":350,"height":200,"srcset":"https:\/\/i0.wp.com\/sven-teuber.info\/wordpress\/wp-content\/uploads\/2023\/02\/Kueste-1.jpg?resize=350%2C200&ssl=1 1x, https:\/\/i0.wp.com\/sven-teuber.info\/wordpress\/wp-content\/uploads\/2023\/02\/Kueste-1.jpg?resize=525%2C300&ssl=1 1.5x, https:\/\/i0.wp.com\/sven-teuber.info\/wordpress\/wp-content\/uploads\/2023\/02\/Kueste-1.jpg?resize=700%2C400&ssl=1 2x"},"classes":[]},{"id":6082,"url":"https:\/\/sven-teuber.info\/wordpress\/titel-reflections-of-tension-faces-of-a-universal-humanity\/","url_meta":{"origin":4049,"position":2},"title":"Titel: &#8222;Reflections of Tension: Faces of a Universal Humanity&#8220;","author":"steuber","date":"28. M\u00e4rz 2024","format":false,"excerpt":"Titel: \"Reflections of Tension: Faces of a Universal Humanity\", ST, 2024 In diesem Bild werden die vielschichtigen Emotionen und die zutiefst menschliche Anspannung in einer Szene eingefangen, die von einem bedrohlichen und gleichg\u00fcltigen Blick durchdrungen ist. Die Gesichter der Frauen, sorgf\u00e4ltig in ihrem individuellen Ausdruck festgehalten, vermitteln eine beinahe greifbare\u2026","rel":"","context":"In &quot;Allgemein&quot;","block_context":{"text":"Allgemein","link":"https:\/\/sven-teuber.info\/wordpress\/category\/allgemein\/"},"img":{"alt_text":"","src":"https:\/\/i0.wp.com\/sven-teuber.info\/wordpress\/wp-content\/uploads\/2024\/03\/Reflections-of-Tension-Faces-of-a-Universal-Humanity.jpg?resize=350%2C200&ssl=1","width":350,"height":200,"srcset":"https:\/\/i0.wp.com\/sven-teuber.info\/wordpress\/wp-content\/uploads\/2024\/03\/Reflections-of-Tension-Faces-of-a-Universal-Humanity.jpg?resize=350%2C200&ssl=1 1x, https:\/\/i0.wp.com\/sven-teuber.info\/wordpress\/wp-content\/uploads\/2024\/03\/Reflections-of-Tension-Faces-of-a-Universal-Humanity.jpg?resize=525%2C300&ssl=1 1.5x, https:\/\/i0.wp.com\/sven-teuber.info\/wordpress\/wp-content\/uploads\/2024\/03\/Reflections-of-Tension-Faces-of-a-Universal-Humanity.jpg?resize=700%2C400&ssl=1 2x, https:\/\/i0.wp.com\/sven-teuber.info\/wordpress\/wp-content\/uploads\/2024\/03\/Reflections-of-Tension-Faces-of-a-Universal-Humanity.jpg?resize=1050%2C600&ssl=1 3x, https:\/\/i0.wp.com\/sven-teuber.info\/wordpress\/wp-content\/uploads\/2024\/03\/Reflections-of-Tension-Faces-of-a-Universal-Humanity.jpg?resize=1400%2C800&ssl=1 4x"},"classes":[]},{"id":5904,"url":"https:\/\/sven-teuber.info\/wordpress\/titel-alter-weisser-mann\/","url_meta":{"origin":4049,"position":3},"title":"Titel: Alter wei\u00dfer Mann","author":"steuber","date":"18. M\u00e4rz 2023","format":false,"excerpt":"Titel: Alter wei\u00dfer Mann, ST 2022 Das Bild eines alten wei\u00dfen Mannes, der in einem einsamen Zimmer sitzt, wirft einige wichtige Fragen auf. Es l\u00e4sst uns dar\u00fcber nachdenken, wie Alter, Geschlecht, Rasse und Privilegien in unserer Gesellschaft zusammenwirken. Der Mann auf dem Bild scheint einsam und isoliert zu sein, ohne\u2026","rel":"","context":"In &quot;Allgemein&quot;","block_context":{"text":"Allgemein","link":"https:\/\/sven-teuber.info\/wordpress\/category\/allgemein\/"},"img":{"alt_text":"","src":"https:\/\/i0.wp.com\/sven-teuber.info\/wordpress\/wp-content\/uploads\/2023\/03\/Alter-weisser-Mann.jpg?resize=350%2C200&ssl=1","width":350,"height":200,"srcset":"https:\/\/i0.wp.com\/sven-teuber.info\/wordpress\/wp-content\/uploads\/2023\/03\/Alter-weisser-Mann.jpg?resize=350%2C200&ssl=1 1x, https:\/\/i0.wp.com\/sven-teuber.info\/wordpress\/wp-content\/uploads\/2023\/03\/Alter-weisser-Mann.jpg?resize=525%2C300&ssl=1 1.5x, https:\/\/i0.wp.com\/sven-teuber.info\/wordpress\/wp-content\/uploads\/2023\/03\/Alter-weisser-Mann.jpg?resize=700%2C400&ssl=1 2x"},"classes":[]},{"id":5360,"url":"https:\/\/sven-teuber.info\/wordpress\/titel-where-we-are-2020-st\/","url_meta":{"origin":4049,"position":4},"title":"Titel: Where we are, 2020, ST","author":"steuber","date":"8. November 2020","format":false,"excerpt":"Microtargeting und Manipulation: Von Cambridge Analytica zur Europawahl Bei digitaler Desinformation geht es nicht nur um die Inhalte, sondern auch um deren Adressierung. Diese Lehre l\u00e4sst sich unter anderem daraus ziehen, wie Nutzerdaten von Facebook durch eine fragw\u00fcrdige Firma von der Trump-Kampagne im US-Pr\u00e4sidentschaftswahlkampf 2016 verwendet wurden.Die mittlerweile geschlossene Firma\u2026","rel":"","context":"In &quot;Allgemein&quot;","block_context":{"text":"Allgemein","link":"https:\/\/sven-teuber.info\/wordpress\/category\/allgemein\/"},"img":{"alt_text":"","src":"https:\/\/i0.wp.com\/sven-teuber.info\/wordpress\/wp-content\/uploads\/2020\/11\/Twilight.jpg?resize=350%2C200&ssl=1","width":350,"height":200,"srcset":"https:\/\/i0.wp.com\/sven-teuber.info\/wordpress\/wp-content\/uploads\/2020\/11\/Twilight.jpg?resize=350%2C200&ssl=1 1x, https:\/\/i0.wp.com\/sven-teuber.info\/wordpress\/wp-content\/uploads\/2020\/11\/Twilight.jpg?resize=525%2C300&ssl=1 1.5x, https:\/\/i0.wp.com\/sven-teuber.info\/wordpress\/wp-content\/uploads\/2020\/11\/Twilight.jpg?resize=700%2C400&ssl=1 2x, https:\/\/i0.wp.com\/sven-teuber.info\/wordpress\/wp-content\/uploads\/2020\/11\/Twilight.jpg?resize=1050%2C600&ssl=1 3x, https:\/\/i0.wp.com\/sven-teuber.info\/wordpress\/wp-content\/uploads\/2020\/11\/Twilight.jpg?resize=1400%2C800&ssl=1 4x"},"classes":[]},{"id":4052,"url":"https:\/\/sven-teuber.info\/wordpress\/selfies-selbstbezogene-kapitulation\/","url_meta":{"origin":4049,"position":5},"title":"Selfies, selbstbezogene Kapitulation?","author":"steuber","date":"5. Februar 2017","format":"chat","excerpt":"DAS SELFIE-PROJEKT von Crossart International Dieses Ausstellungsprojekt schl\u00e4gt im Puls der Zeit. Doch wir nehmen die heutige Definition des SELFIES nur als Ausgangspunkt dieses spannenden Projektes. Weiterlesen\u2026. Selfies, selbstbezogene Kapitulation? oder die Sucht nach Selbstbest\u00e4tigung. Schmollmund, tiefer Ausschnitt, Tattoos auf nackter Haut. Auf Instagram und anderen sozialen Netzwerken gibt es\u2026","rel":"","context":"In &quot;Exhibition&quot;","block_context":{"text":"Exhibition","link":"https:\/\/sven-teuber.info\/wordpress\/category\/exhibition\/"},"img":{"alt_text":"","src":"https:\/\/i0.wp.com\/sven-teuber.info\/wordpress\/wp-content\/uploads\/2017\/02\/Selfie-copy.jpg?resize=350%2C200","width":350,"height":200,"srcset":"https:\/\/i0.wp.com\/sven-teuber.info\/wordpress\/wp-content\/uploads\/2017\/02\/Selfie-copy.jpg?resize=350%2C200 1x, https:\/\/i0.wp.com\/sven-teuber.info\/wordpress\/wp-content\/uploads\/2017\/02\/Selfie-copy.jpg?resize=525%2C300 1.5x, https:\/\/i0.wp.com\/sven-teuber.info\/wordpress\/wp-content\/uploads\/2017\/02\/Selfie-copy.jpg?resize=700%2C400 2x"},"classes":[]}],"jetpack_likes_enabled":true,"_links":{"self":[{"href":"https:\/\/sven-teuber.info\/wordpress\/wp-json\/wp\/v2\/posts\/4049","targetHints":{"allow":["GET"]}}],"collection":[{"href":"https:\/\/sven-teuber.info\/wordpress\/wp-json\/wp\/v2\/posts"}],"about":[{"href":"https:\/\/sven-teuber.info\/wordpress\/wp-json\/wp\/v2\/types\/post"}],"author":[{"embeddable":true,"href":"https:\/\/sven-teuber.info\/wordpress\/wp-json\/wp\/v2\/users\/2"}],"replies":[{"embeddable":true,"href":"https:\/\/sven-teuber.info\/wordpress\/wp-json\/wp\/v2\/comments?post=4049"}],"version-history":[{"count":1,"href":"https:\/\/sven-teuber.info\/wordpress\/wp-json\/wp\/v2\/posts\/4049\/revisions"}],"predecessor-version":[{"id":4050,"href":"https:\/\/sven-teuber.info\/wordpress\/wp-json\/wp\/v2\/posts\/4049\/revisions\/4050"}],"wp:attachment":[{"href":"https:\/\/sven-teuber.info\/wordpress\/wp-json\/wp\/v2\/media?parent=4049"}],"wp:term":[{"taxonomy":"category","embeddable":true,"href":"https:\/\/sven-teuber.info\/wordpress\/wp-json\/wp\/v2\/categories?post=4049"},{"taxonomy":"post_tag","embeddable":true,"href":"https:\/\/sven-teuber.info\/wordpress\/wp-json\/wp\/v2\/tags?post=4049"}],"curies":[{"name":"wp","href":"https:\/\/api.w.org\/{rel}","templated":true}]}}