{"id":4147,"date":"2017-05-12T22:58:45","date_gmt":"2017-05-12T20:58:45","guid":{"rendered":"http:\/\/sven-teuber.info\/wordpress\/?p=4147"},"modified":"2017-05-12T22:58:45","modified_gmt":"2017-05-12T20:58:45","slug":"titel-ton-vote-ton-avenir","status":"publish","type":"post","link":"https:\/\/sven-teuber.info\/wordpress\/titel-ton-vote-ton-avenir\/","title":{"rendered":"Titel: Ton VOTE, ton AVENIR"},"content":{"rendered":"<div id=\"attachment_4146\" style=\"width: 1831px\" class=\"wp-caption aligncenter\"><a href=\"https:\/\/i0.wp.com\/sven-teuber.info\/wordpress\/wp-content\/uploads\/2017\/05\/Ton-VOTE-ton-AVENIR.jpg?ssl=1\" rel=\"lightbox[4147]\"><img data-recalc-dims=\"1\" loading=\"lazy\" decoding=\"async\" aria-describedby=\"caption-attachment-4146\" data-attachment-id=\"4146\" data-permalink=\"https:\/\/sven-teuber.info\/wordpress\/titel-ton-vote-ton-avenir\/ton-vote-ton-avenir\/\" data-orig-file=\"https:\/\/i0.wp.com\/sven-teuber.info\/wordpress\/wp-content\/uploads\/2017\/05\/Ton-VOTE-ton-AVENIR.jpg?fit=1821%2C1024&amp;ssl=1\" data-orig-size=\"1821,1024\" data-comments-opened=\"1\" data-image-meta=\"{&quot;aperture&quot;:&quot;0&quot;,&quot;credit&quot;:&quot;&quot;,&quot;camera&quot;:&quot;&quot;,&quot;caption&quot;:&quot;&quot;,&quot;created_timestamp&quot;:&quot;0&quot;,&quot;copyright&quot;:&quot;&quot;,&quot;focal_length&quot;:&quot;0&quot;,&quot;iso&quot;:&quot;0&quot;,&quot;shutter_speed&quot;:&quot;0&quot;,&quot;title&quot;:&quot;&quot;,&quot;orientation&quot;:&quot;1&quot;}\" data-image-title=\"Ton VOTE, ton AVENIR\" data-image-description=\"\" data-image-caption=\"\" data-large-file=\"https:\/\/i0.wp.com\/sven-teuber.info\/wordpress\/wp-content\/uploads\/2017\/05\/Ton-VOTE-ton-AVENIR.jpg?fit=584%2C329&amp;ssl=1\" class=\"wp-image-4146 size-full\" src=\"https:\/\/i0.wp.com\/sven-teuber.info\/wordpress\/wp-content\/uploads\/2017\/05\/Ton-VOTE-ton-AVENIR.jpg?resize=584%2C328&#038;ssl=1\" alt=\"\" width=\"584\" height=\"328\" srcset=\"https:\/\/i0.wp.com\/sven-teuber.info\/wordpress\/wp-content\/uploads\/2017\/05\/Ton-VOTE-ton-AVENIR.jpg?w=1821&amp;ssl=1 1821w, https:\/\/i0.wp.com\/sven-teuber.info\/wordpress\/wp-content\/uploads\/2017\/05\/Ton-VOTE-ton-AVENIR.jpg?resize=300%2C169&amp;ssl=1 300w, https:\/\/i0.wp.com\/sven-teuber.info\/wordpress\/wp-content\/uploads\/2017\/05\/Ton-VOTE-ton-AVENIR.jpg?resize=768%2C432&amp;ssl=1 768w, https:\/\/i0.wp.com\/sven-teuber.info\/wordpress\/wp-content\/uploads\/2017\/05\/Ton-VOTE-ton-AVENIR.jpg?resize=1024%2C576&amp;ssl=1 1024w, https:\/\/i0.wp.com\/sven-teuber.info\/wordpress\/wp-content\/uploads\/2017\/05\/Ton-VOTE-ton-AVENIR.jpg?resize=427%2C240&amp;ssl=1 427w, https:\/\/i0.wp.com\/sven-teuber.info\/wordpress\/wp-content\/uploads\/2017\/05\/Ton-VOTE-ton-AVENIR.jpg?w=1168&amp;ssl=1 1168w, https:\/\/i0.wp.com\/sven-teuber.info\/wordpress\/wp-content\/uploads\/2017\/05\/Ton-VOTE-ton-AVENIR.jpg?w=1752&amp;ssl=1 1752w\" sizes=\"auto, (max-width: 584px) 100vw, 584px\" \/><\/a><p id=\"caption-attachment-4146\" class=\"wp-caption-text\">ST, 2017, Titel: &#8222;Ton VOTE, ton AVENIR &#8222;.<\/p><\/div>\n","protected":false},"excerpt":{"rendered":"","protected":false},"author":2,"featured_media":0,"comment_status":"open","ping_status":"open","sticky":false,"template":"","format":"audio","meta":{"_crdt_document":"","jetpack_post_was_ever_published":false,"_jetpack_newsletter_access":"","_jetpack_dont_email_post_to_subs":false,"_jetpack_newsletter_tier_id":0,"_jetpack_memberships_contains_paywalled_content":false,"_jetpack_memberships_contains_paid_content":false,"footnotes":"","jetpack_publicize_message":"","jetpack_publicize_feature_enabled":true,"jetpack_social_post_already_shared":true,"jetpack_social_options":{"image_generator_settings":{"template":"highway","default_image_id":0,"font":"","enabled":false},"version":2}},"categories":[10,502],"tags":[600,598,601,599],"class_list":["post-4147","post","type-post","status-publish","format-audio","hentry","category-peinture","category-politik","tag-elections","tag-nrw","tag-rhenanie-du-nord-westphalie","tag-wahlen","post_format-post-format-audio"],"jetpack_publicize_connections":[],"jetpack_featured_media_url":"","jetpack_sharing_enabled":true,"jetpack_shortlink":"https:\/\/wp.me\/p3CWBT-14T","jetpack-related-posts":[{"id":6506,"url":"https:\/\/sven-teuber.info\/wordpress\/titel-grodek-von-georg-trakl-photographie\/","url_meta":{"origin":4147,"position":0},"title":"Titel: \u201eGrodek\u201c von\u00a0Georg Trakl. Photographie","author":"steuber","date":"16. April 2025","format":false,"excerpt":"Das Gedicht \u201eGrodek\u201c von Georg Trakl. Am Abend t\u00f6nen die herbstlichen W\u00e4lderVon t\u00f6dlichen Waffen, die goldnen EbenenUnd blauen Seen, dar\u00fcber die SonneD\u00fcstrer hinrollt; umf\u00e4ngt die NachtSterbende Krieger, die wilde KlageIhrer zerbrochenen M\u00fcnder. Doch stille sammelt im WeidengrundRotes Gew\u00f6lk, darin ein z\u00fcrnender Gott wohntDas vergo\u00dfne Blut sich, mondne K\u00fchle;Alle Stra\u00dfen m\u00fcnden\u2026","rel":"","context":"In &quot;Allgemein&quot;","block_context":{"text":"Allgemein","link":"https:\/\/sven-teuber.info\/wordpress\/category\/allgemein\/"},"img":{"alt_text":"","src":"https:\/\/i0.wp.com\/sven-teuber.info\/wordpress\/wp-content\/uploads\/2025\/04\/Grodek-Georg-Trakl_Klein-1.jpg?resize=350%2C200&ssl=1","width":350,"height":200,"srcset":"https:\/\/i0.wp.com\/sven-teuber.info\/wordpress\/wp-content\/uploads\/2025\/04\/Grodek-Georg-Trakl_Klein-1.jpg?resize=350%2C200&ssl=1 1x, https:\/\/i0.wp.com\/sven-teuber.info\/wordpress\/wp-content\/uploads\/2025\/04\/Grodek-Georg-Trakl_Klein-1.jpg?resize=525%2C300&ssl=1 1.5x, https:\/\/i0.wp.com\/sven-teuber.info\/wordpress\/wp-content\/uploads\/2025\/04\/Grodek-Georg-Trakl_Klein-1.jpg?resize=700%2C400&ssl=1 2x"},"classes":[]},{"id":5863,"url":"https:\/\/sven-teuber.info\/wordpress\/titel-schreie\/","url_meta":{"origin":4147,"position":1},"title":"Titel: Schreie","author":"steuber","date":"16. Februar 2023","format":false,"excerpt":"Titel: Schreie, ST 2023 FRIEDRICH NIETZSCHE Die Kr\u00e4hen schrei\u2019n Die Kr\u00e4hen schrei\u2019nUnd ziehen schwirren Flugs zur Stadt:Bald wird es schnei\u2019n \u2013Wohl dem, der jetzt noch \u2013 Heimat hat! Nun stehst du starr,Schaust r\u00fcckw\u00e4rts ach! wie lange schon!Was bist du NarrVor Winters in die Welt \u2013 entflohn? Die Welt \u2013 ein\u2026","rel":"","context":"In &quot;Allgemein&quot;","block_context":{"text":"Allgemein","link":"https:\/\/sven-teuber.info\/wordpress\/category\/allgemein\/"},"img":{"alt_text":"","src":"https:\/\/i0.wp.com\/sven-teuber.info\/wordpress\/wp-content\/uploads\/2023\/02\/Schreie.jpg?resize=350%2C200&ssl=1","width":350,"height":200,"srcset":"https:\/\/i0.wp.com\/sven-teuber.info\/wordpress\/wp-content\/uploads\/2023\/02\/Schreie.jpg?resize=350%2C200&ssl=1 1x, https:\/\/i0.wp.com\/sven-teuber.info\/wordpress\/wp-content\/uploads\/2023\/02\/Schreie.jpg?resize=525%2C300&ssl=1 1.5x, https:\/\/i0.wp.com\/sven-teuber.info\/wordpress\/wp-content\/uploads\/2023\/02\/Schreie.jpg?resize=700%2C400&ssl=1 2x, https:\/\/i0.wp.com\/sven-teuber.info\/wordpress\/wp-content\/uploads\/2023\/02\/Schreie.jpg?resize=1050%2C600&ssl=1 3x"},"classes":[]},{"id":5058,"url":"https:\/\/sven-teuber.info\/wordpress\/angele-balance-ton-quoi\/","url_meta":{"origin":4147,"position":2},"title":"Ang\u00e8le &#8211; Balance Ton Quoi","author":"steuber","date":"29. Juni 2019","format":false,"excerpt":"https:\/\/youtu.be\/Hi7Rx3En7-k 1er album \"Brol\" : https:\/\/lnk.to\/AngeleBrolYD Instagram : http:\/\/www.instagram.com\/angele_vl Facebook : http:\/\/www.facebook.com\/angeleouenpoudre Ang\u00e8le en concert : https:\/\/lnk.to\/AngeleConcertsYD \u00c9couter tous les titres d'Ang\u00e8le : https:\/\/lnk.to\/AngeleDigitalYD","rel":"","context":"In &quot;Satire&quot;","block_context":{"text":"Satire","link":"https:\/\/sven-teuber.info\/wordpress\/category\/satire\/"},"img":{"alt_text":"","src":"https:\/\/i0.wp.com\/img.youtube.com\/vi\/Hi7Rx3En7-k\/0.jpg?resize=350%2C200","width":350,"height":200},"classes":[]},{"id":6622,"url":"https:\/\/sven-teuber.info\/wordpress\/ode-satirique-a-lautocrate-du-nord\/","url_meta":{"origin":4147,"position":3},"title":"Ode satirique \u00e0 l\u2019Autocrate du Nord","author":"Nataljia Vibescu","date":"20. August 2025","format":false,"excerpt":"\u00d4 Prince miniature aux r\u00eaves d\u00e9mesur\u00e9s, C\u00e9sar d\u2019op\u00e9rette au front glac\u00e9 de l\u2019Est, Tu brandis des fant\u00f4mes jadis r\u00e9v\u00e9r\u00e9s, Et peins d\u2019or mensonger ton empire funeste. \u00a0 Ton sceptre vermoulu tremble entre tes doigts secs, Quand, drap\u00e9 d\u2019oripeaux d\u2019un pass\u00e9 d\u00e9fra\u00eechi, Tu souffles \u00e0 ton peuple un discours cacochyme :\u2026","rel":"","context":"In &quot;Natalia T&quot;","block_context":{"text":"Natalia T","link":"https:\/\/sven-teuber.info\/wordpress\/category\/satire\/natalia-t\/"},"img":{"alt_text":"","src":"","width":0,"height":0},"classes":[]},{"id":6591,"url":"https:\/\/sven-teuber.info\/wordpress\/ballade-du-tsar-en-carton-pate\/","url_meta":{"origin":4147,"position":4},"title":"Ballade du Tsar en carton-p\u00e2te","author":"Nataljia Vibescu","date":"16. August 2025","format":false,"excerpt":"\u00d4 petit Napol\u00e9on taill\u00e9 dans la cire, Dont l\u2019\u0153il vitreux singe un aigle imp\u00e9rial, Tu tr\u00f4nes, p\u00e2lichon, sur ton tr\u00f4ne de cire, Tel un jouet bris\u00e9 r\u00eavant d\u2019\u00eatre un colosse royal. \u00a0 Nostalgique marmot des parades sovi\u00e9tiques, Tu joues \u00e0 ressusciter des spectres vermoulus; Tu repeins en rouge et bronze\u2026","rel":"","context":"In &quot;Allgemein&quot;","block_context":{"text":"Allgemein","link":"https:\/\/sven-teuber.info\/wordpress\/category\/allgemein\/"},"img":{"alt_text":"","src":"","width":0,"height":0},"classes":[]},{"id":59,"url":"https:\/\/sven-teuber.info\/wordpress\/to-take-to-the-skies\/","url_meta":{"origin":4147,"position":5},"title":"To take to the skies","author":"steuber","date":"19. Februar 2013","format":false,"excerpt":"[imagebrowser id=3] This new photo gallery shows some impressions soft tones staged by strong colors. In the following some examples are depicted. The earth, sky or sea, recorded the enchantment silent. \u00a0 \u00a0","rel":"","context":"In &quot;Foto-stretch&quot;","block_context":{"text":"Foto-stretch","link":"https:\/\/sven-teuber.info\/wordpress\/category\/foto-stretch\/"},"img":{"alt_text":"","src":"","width":0,"height":0},"classes":[]}],"jetpack_likes_enabled":true,"_links":{"self":[{"href":"https:\/\/sven-teuber.info\/wordpress\/wp-json\/wp\/v2\/posts\/4147","targetHints":{"allow":["GET"]}}],"collection":[{"href":"https:\/\/sven-teuber.info\/wordpress\/wp-json\/wp\/v2\/posts"}],"about":[{"href":"https:\/\/sven-teuber.info\/wordpress\/wp-json\/wp\/v2\/types\/post"}],"author":[{"embeddable":true,"href":"https:\/\/sven-teuber.info\/wordpress\/wp-json\/wp\/v2\/users\/2"}],"replies":[{"embeddable":true,"href":"https:\/\/sven-teuber.info\/wordpress\/wp-json\/wp\/v2\/comments?post=4147"}],"version-history":[{"count":1,"href":"https:\/\/sven-teuber.info\/wordpress\/wp-json\/wp\/v2\/posts\/4147\/revisions"}],"predecessor-version":[{"id":4148,"href":"https:\/\/sven-teuber.info\/wordpress\/wp-json\/wp\/v2\/posts\/4147\/revisions\/4148"}],"wp:attachment":[{"href":"https:\/\/sven-teuber.info\/wordpress\/wp-json\/wp\/v2\/media?parent=4147"}],"wp:term":[{"taxonomy":"category","embeddable":true,"href":"https:\/\/sven-teuber.info\/wordpress\/wp-json\/wp\/v2\/categories?post=4147"},{"taxonomy":"post_tag","embeddable":true,"href":"https:\/\/sven-teuber.info\/wordpress\/wp-json\/wp\/v2\/tags?post=4147"}],"curies":[{"name":"wp","href":"https:\/\/api.w.org\/{rel}","templated":true}]}}