{"id":4246,"date":"2017-09-23T00:26:05","date_gmt":"2017-09-22T22:26:05","guid":{"rendered":"http:\/\/sven-teuber.info\/wordpress\/?p=4246"},"modified":"2017-09-23T00:26:05","modified_gmt":"2017-09-22T22:26:05","slug":"der-unentschlossene-waehler","status":"publish","type":"post","link":"https:\/\/sven-teuber.info\/wordpress\/der-unentschlossene-waehler\/","title":{"rendered":"Der unentschlossene W\u00e4hler"},"content":{"rendered":"<div class=\"wp-playlist wp-video-playlist wp-playlist-light\">\n\t\t<video controls=\"controls\" preload=\"none\" width=\"562\"\n\t\t height=\"562\"\t><\/video>\n\t<div class=\"wp-playlist-next\"><\/div>\n\t<div class=\"wp-playlist-prev\"><\/div>\n\t<noscript>\n\t<ol>\n\t\t<li><a href='https:\/\/sven-teuber.info\/wordpress\/wp-content\/uploads\/2017\/09\/324287FC-E6CB-4DE2-9927-F50614008117.mp4'>W\u00e4hlen 2017<\/a><\/li>\t<\/ol>\n\t<\/noscript>\n\t<script data-jetpack-boost=\"ignore\" type=\"application\/json\" class=\"wp-playlist-script\">{\"type\":\"video\",\"tracklist\":true,\"tracknumbers\":true,\"images\":true,\"artists\":true,\"tracks\":[{\"src\":\"https:\/\/sven-teuber.info\/wordpress\/wp-content\/uploads\/2017\/09\/324287FC-E6CB-4DE2-9927-F50614008117.mp4\",\"type\":\"video\/mp4\",\"title\":\"W\\u00e4hlen 2017\",\"caption\":\"\",\"description\":\"\",\"meta\":{\"length_formatted\":\"0:04\"},\"dimensions\":{\"original\":{\"width\":1080,\"height\":1080},\"resized\":{\"width\":562,\"height\":562}},\"image\":{\"src\":\"https:\/\/sven-teuber.info\/wordpress\/wp-includes\/images\/media\/video.svg\",\"width\":48,\"height\":64},\"thumb\":{\"src\":\"https:\/\/sven-teuber.info\/wordpress\/wp-includes\/images\/media\/video.svg\",\"width\":48,\"height\":64}}]}<\/script>\n<\/div>\n\t\n","protected":false},"excerpt":{"rendered":"","protected":false},"author":2,"featured_media":0,"comment_status":"open","ping_status":"open","sticky":false,"template":"","format":"video","meta":{"_crdt_document":"","jetpack_post_was_ever_published":false,"_jetpack_newsletter_access":"","_jetpack_dont_email_post_to_subs":false,"_jetpack_newsletter_tier_id":0,"_jetpack_memberships_contains_paywalled_content":false,"_jetpack_memberships_contains_paid_content":false,"footnotes":"","jetpack_publicize_message":"","jetpack_publicize_feature_enabled":true,"jetpack_social_post_already_shared":true,"jetpack_social_options":{"image_generator_settings":{"template":"highway","default_image_id":0,"font":"","enabled":false},"version":2}},"categories":[502,22],"tags":[633,599,634],"class_list":["post-4246","post","type-post","status-publish","format-video","hentry","category-politik","category-video","tag-bundesragswahlen","tag-wahlen","tag-waehler","post_format-post-format-video"],"jetpack_publicize_connections":[],"jetpack_featured_media_url":"","jetpack_sharing_enabled":true,"jetpack_shortlink":"https:\/\/wp.me\/p3CWBT-16u","jetpack-related-posts":[{"id":4969,"url":"https:\/\/sven-teuber.info\/wordpress\/eu-wahlplakat-satire\/","url_meta":{"origin":4246,"position":0},"title":"EU-Wahlplakat Satire","author":"steuber","date":"21. Mai 2019","format":false,"excerpt":"https:\/\/youtu.be\/z4a020dVqLk Langsam kommt der EU-Wahlkampf in die G\u00e4nge. Die ersten Wahlplakate der antretenden Parteien h\u00e4ngen bereits und die Wahl steht bevor.","rel":"","context":"In &quot;Allgemein&quot;","block_context":{"text":"Allgemein","link":"https:\/\/sven-teuber.info\/wordpress\/category\/allgemein\/"},"img":{"alt_text":"","src":"https:\/\/i0.wp.com\/img.youtube.com\/vi\/z4a020dVqLk\/0.jpg?resize=350%2C200","width":350,"height":200},"classes":[]},{"id":4263,"url":"https:\/\/sven-teuber.info\/wordpress\/alternative-fuer-unentschlossene-katzenfreunde-fuer-die-bundestagswahl\/","url_meta":{"origin":4246,"position":1},"title":"Alternative f\u00fcr unentschlossene Katzenfreunde f\u00fcr die Bundestagswahl","author":"steuber","date":"24. September 2017","format":"image","excerpt":"Satire, das ist kein Plakat der Partei!","rel":"","context":"In &quot;Politik&quot;","block_context":{"text":"Politik","link":"https:\/\/sven-teuber.info\/wordpress\/category\/politik\/"},"img":{"alt_text":"","src":"https:\/\/i0.wp.com\/sven-teuber.info\/wordpress\/wp-content\/uploads\/2017\/09\/8F610607-3721-4D97-B5A6-ABECEF9FFA90.jpeg?resize=350%2C200","width":350,"height":200,"srcset":"https:\/\/i0.wp.com\/sven-teuber.info\/wordpress\/wp-content\/uploads\/2017\/09\/8F610607-3721-4D97-B5A6-ABECEF9FFA90.jpeg?resize=350%2C200 1x, https:\/\/i0.wp.com\/sven-teuber.info\/wordpress\/wp-content\/uploads\/2017\/09\/8F610607-3721-4D97-B5A6-ABECEF9FFA90.jpeg?resize=525%2C300 1.5x, https:\/\/i0.wp.com\/sven-teuber.info\/wordpress\/wp-content\/uploads\/2017\/09\/8F610607-3721-4D97-B5A6-ABECEF9FFA90.jpeg?resize=700%2C400 2x, https:\/\/i0.wp.com\/sven-teuber.info\/wordpress\/wp-content\/uploads\/2017\/09\/8F610607-3721-4D97-B5A6-ABECEF9FFA90.jpeg?resize=1050%2C600 3x"},"classes":[]},{"id":3985,"url":"https:\/\/sven-teuber.info\/wordpress\/neues-vom-abwehrzentrum-gegen-desinformation\/","url_meta":{"origin":4246,"position":2},"title":"Neues vom Abwehrzentrum gegen Desinformation","author":"steuber","date":"19. Januar 2017","format":"image","excerpt":"Das Abwehrzentrum gegen Desinformation hat den Kampf gegen Falschnachrichten aufgenommen. Das neue Bundesinnenministerium f\u00fcr Wahrheitsfindung will mit mehr als 500 Mitarbeitern\u00a0 die Federf\u00fchrung\u00a0 \u00fcbernehmen - \"Mit Blick auf die Bundestagswahl sollte sehr schnell gehandelt werden\". Den W\u00e4hlern ist nicht zuzumuten, dass Fake News, die einen satirischen Charakter haben, die Wahl\u2026","rel":"","context":"In &quot;Allgemein&quot;","block_context":{"text":"Allgemein","link":"https:\/\/sven-teuber.info\/wordpress\/category\/allgemein\/"},"img":{"alt_text":"","src":"https:\/\/i0.wp.com\/sven-teuber.info\/wordpress\/wp-content\/uploads\/2017\/01\/TVPolitik.jpg?resize=350%2C200","width":350,"height":200,"srcset":"https:\/\/i0.wp.com\/sven-teuber.info\/wordpress\/wp-content\/uploads\/2017\/01\/TVPolitik.jpg?resize=350%2C200 1x, https:\/\/i0.wp.com\/sven-teuber.info\/wordpress\/wp-content\/uploads\/2017\/01\/TVPolitik.jpg?resize=525%2C300 1.5x, https:\/\/i0.wp.com\/sven-teuber.info\/wordpress\/wp-content\/uploads\/2017\/01\/TVPolitik.jpg?resize=700%2C400 2x"},"classes":[]},{"id":4338,"url":"https:\/\/sven-teuber.info\/wordpress\/demokratie-4-0-chatbots-und-big-data-bei-wahlen-nutzen\/","url_meta":{"origin":4246,"position":3},"title":"Demokratie 4.0: Chatbots und Big Data bei Wahlen nutzen","author":"steuber","date":"15. November 2017","format":"link","excerpt":"\"K\u00fcnstliche Intelligenz und Big Data verschaffen Unternehmen bei komplexen Sachverhalten den n\u00f6tigen Durchblick und assistieren beim Treffen von Entscheidungen. Die Kommunikation zwischen Unternehmen und Kunden wird durch Chatbots unterst\u00fctzt. Dieselben Dienste k\u00f6nnten die Technologien auch f\u00fcr den B\u00fcrger leisten \u2013 beispielsweise bei k\u00fcnftigen Wahlen. Soziale Netzwerke, Social Bots, Big Data\u2026","rel":"","context":"In &quot;Allgemein&quot;","block_context":{"text":"Allgemein","link":"https:\/\/sven-teuber.info\/wordpress\/category\/allgemein\/"},"img":{"alt_text":"","src":"https:\/\/i0.wp.com\/sven-teuber.info\/wordpress\/wp-content\/uploads\/2017\/11\/A4E8F56A-95FE-4BA0-9302-BB10AEBF181B.jpeg?resize=350%2C200","width":350,"height":200,"srcset":"https:\/\/i0.wp.com\/sven-teuber.info\/wordpress\/wp-content\/uploads\/2017\/11\/A4E8F56A-95FE-4BA0-9302-BB10AEBF181B.jpeg?resize=350%2C200 1x, https:\/\/i0.wp.com\/sven-teuber.info\/wordpress\/wp-content\/uploads\/2017\/11\/A4E8F56A-95FE-4BA0-9302-BB10AEBF181B.jpeg?resize=525%2C300 1.5x, https:\/\/i0.wp.com\/sven-teuber.info\/wordpress\/wp-content\/uploads\/2017\/11\/A4E8F56A-95FE-4BA0-9302-BB10AEBF181B.jpeg?resize=700%2C400 2x"},"classes":[]},{"id":3720,"url":"https:\/\/sven-teuber.info\/wordpress\/aufwachen-diktatur-in-anmarsch\/","url_meta":{"origin":4246,"position":4},"title":"CETA AUFWACHEN! Diktatur in Anmarsch!","author":"steuber","date":"21. August 2016","format":"video","excerpt":"Neuigkeit zur Petition \u00b7 AUFWACHEN! Diktatur in Anmarsch! 20. Aug. 2016 \u2014\u00a0Liebe Unterst\u00fctzerinnen und Unterst\u00fctzer der CETA-Klage, bevor ich \u00fcber wichtige Neuigkeiten berichte, m\u00f6chte ich kurz auf mein eigenes Anliegen hinweisen. Am 9.September 2016 abends wird das B\u00fcrgerkomitee f\u00fcr den ganzen M\u00e4rkischen Kreis in L\u00fcdenscheid gegr\u00fcndet. Ein B\u00fcrgerkomitee k\u00fcmmert sich\u2026","rel":"","context":"In &quot;Allgemein&quot;","block_context":{"text":"Allgemein","link":"https:\/\/sven-teuber.info\/wordpress\/category\/allgemein\/"},"img":{"alt_text":"Achtung","src":"https:\/\/i0.wp.com\/sven-teuber.info\/wordpress\/wp-content\/uploads\/2016\/08\/Achtung.jpg?resize=350%2C200","width":350,"height":200,"srcset":"https:\/\/i0.wp.com\/sven-teuber.info\/wordpress\/wp-content\/uploads\/2016\/08\/Achtung.jpg?resize=350%2C200 1x, https:\/\/i0.wp.com\/sven-teuber.info\/wordpress\/wp-content\/uploads\/2016\/08\/Achtung.jpg?resize=525%2C300 1.5x"},"classes":[]},{"id":6468,"url":"https:\/\/sven-teuber.info\/wordpress\/die-rueckkehr-der-werte\/","url_meta":{"origin":4246,"position":5},"title":"Die R\u00fcckkehr der Werte","author":"steuber","date":"12. Februar 2025","format":false,"excerpt":"Im Jahr 2027 hatte sich die Welt ver\u00e4ndert. Europa war von wirtschaftlichen Unsicherheiten und politischen Spannungen gepr\u00e4gt, und die Erinnerungen an die Bundestagswahl 2025 waren noch frisch in den K\u00f6pfen der Menschen. In einem kleinen Dorf am Rande Deutschlands lebte Anna, eine junge Journalistin, die sich der Aufgabe verschrieben hatte,\u2026","rel":"","context":"In &quot;Allgemein&quot;","block_context":{"text":"Allgemein","link":"https:\/\/sven-teuber.info\/wordpress\/category\/allgemein\/"},"img":{"alt_text":"","src":"","width":0,"height":0},"classes":[]}],"jetpack_likes_enabled":true,"_links":{"self":[{"href":"https:\/\/sven-teuber.info\/wordpress\/wp-json\/wp\/v2\/posts\/4246","targetHints":{"allow":["GET"]}}],"collection":[{"href":"https:\/\/sven-teuber.info\/wordpress\/wp-json\/wp\/v2\/posts"}],"about":[{"href":"https:\/\/sven-teuber.info\/wordpress\/wp-json\/wp\/v2\/types\/post"}],"author":[{"embeddable":true,"href":"https:\/\/sven-teuber.info\/wordpress\/wp-json\/wp\/v2\/users\/2"}],"replies":[{"embeddable":true,"href":"https:\/\/sven-teuber.info\/wordpress\/wp-json\/wp\/v2\/comments?post=4246"}],"version-history":[{"count":1,"href":"https:\/\/sven-teuber.info\/wordpress\/wp-json\/wp\/v2\/posts\/4246\/revisions"}],"predecessor-version":[{"id":4247,"href":"https:\/\/sven-teuber.info\/wordpress\/wp-json\/wp\/v2\/posts\/4246\/revisions\/4247"}],"wp:attachment":[{"href":"https:\/\/sven-teuber.info\/wordpress\/wp-json\/wp\/v2\/media?parent=4246"}],"wp:term":[{"taxonomy":"category","embeddable":true,"href":"https:\/\/sven-teuber.info\/wordpress\/wp-json\/wp\/v2\/categories?post=4246"},{"taxonomy":"post_tag","embeddable":true,"href":"https:\/\/sven-teuber.info\/wordpress\/wp-json\/wp\/v2\/tags?post=4246"}],"curies":[{"name":"wp","href":"https:\/\/api.w.org\/{rel}","templated":true}]}}