{"id":4288,"date":"2017-09-30T13:02:53","date_gmt":"2017-09-30T11:02:53","guid":{"rendered":"http:\/\/sven-teuber.info\/wordpress\/?p=4288"},"modified":"2017-09-30T13:02:53","modified_gmt":"2017-09-30T11:02:53","slug":"we-do-not-keep-any-arms-the-future-of-humanity","status":"publish","type":"post","link":"https:\/\/sven-teuber.info\/wordpress\/we-do-not-keep-any-arms-the-future-of-humanity\/","title":{"rendered":"We do not keep any arms. The future of humanity."},"content":{"rendered":"<p><span class=\"embed-youtube\" style=\"text-align:center; display: block;\"><iframe loading=\"lazy\" class=\"youtube-player\" width=\"584\" height=\"329\" src=\"https:\/\/www.youtube.com\/embed\/IIR1vcj4lcE?version=3&#038;rel=1&#038;showsearch=0&#038;showinfo=1&#038;iv_load_policy=1&#038;fs=1&#038;hl=de-DE&#038;autohide=2&#038;wmode=transparent\" allowfullscreen=\"true\" style=\"border:0;\" sandbox=\"allow-scripts allow-same-origin allow-popups allow-presentation allow-popups-to-escape-sandbox\"><\/iframe><\/span><\/p>\n<p>&nbsp;<\/p>\n","protected":false},"excerpt":{"rendered":"<p>&nbsp;<\/p>\n","protected":false},"author":2,"featured_media":0,"comment_status":"open","ping_status":"open","sticky":false,"template":"","format":"standard","meta":{"_crdt_document":"","jetpack_post_was_ever_published":false,"_jetpack_newsletter_access":"","_jetpack_dont_email_post_to_subs":false,"_jetpack_newsletter_tier_id":0,"_jetpack_memberships_contains_paywalled_content":false,"_jetpack_memberships_contains_paid_content":false,"footnotes":"","jetpack_publicize_message":"","jetpack_publicize_feature_enabled":true,"jetpack_social_post_already_shared":true,"jetpack_social_options":{"image_generator_settings":{"template":"highway","default_image_id":0,"font":"","enabled":false},"version":2}},"categories":[310,502,22],"tags":[649,652,650,653,651],"class_list":["post-4288","post","type-post","status-publish","format-standard","hentry","category-cinema","category-politik","category-video","tag-arms","tag-freedom","tag-humans","tag-peace","tag-war"],"jetpack_publicize_connections":[],"jetpack_featured_media_url":"","jetpack_sharing_enabled":true,"jetpack_shortlink":"https:\/\/wp.me\/p3CWBT-17a","jetpack-related-posts":[{"id":3238,"url":"https:\/\/sven-teuber.info\/wordpress\/we-came-here-to-defend-journalism\/","url_meta":{"origin":4288,"position":0},"title":"We came here to defend journalism","author":"steuber","date":"21. Dezember 2015","format":"status","excerpt":"Cumhuriyet daily\u2019s D\u00fcndar, G\u00fcl arrested over report on Syria arms transfer The editor-in-chief of the Cumhuriyet daily, Can D\u00fcndar, and the paper's Ankara representative Erdem G\u00fcl have been arrested on charges of being members of a terror organization, espionage and revealing confidential documents -- charges that could see them spend\u2026","rel":"","context":"In &quot;For your Information&quot;","block_context":{"text":"For your Information","link":"https:\/\/sven-teuber.info\/wordpress\/category\/for-your-information\/"},"img":{"alt_text":"","src":"","width":0,"height":0},"classes":[]},{"id":3370,"url":"https:\/\/sven-teuber.info\/wordpress\/dada-manifesto-1918-tristan-tzara-about-dada\/","url_meta":{"origin":4288,"position":1},"title":"Dada Manifesto 1918 &#038; Tristan Tzara about Dada","author":"steuber","date":"30. Januar 2016","format":"video","excerpt":"Please start the three videos on the same time! The Dada movement was a protest against the barbarism of World War I, the bourgeois interests that Dada adherents believed inspired the war, and what they believed was an oppressive intellectual rigidity in both art and everyday society. Dada was an\u2026","rel":"","context":"In &quot;Cinema&quot;","block_context":{"text":"Cinema","link":"https:\/\/sven-teuber.info\/wordpress\/category\/cinema\/"},"img":{"alt_text":"","src":"","width":0,"height":0},"classes":[]},{"id":4285,"url":"https:\/\/sven-teuber.info\/wordpress\/transformation-of-humans\/","url_meta":{"origin":4288,"position":2},"title":"Transformation of humans","author":"steuber","date":"30. September 2017","format":false,"excerpt":"https:\/\/youtu.be\/AumrR-5I3AE \u00a0","rel":"","context":"In &quot;Politik&quot;","block_context":{"text":"Politik","link":"https:\/\/sven-teuber.info\/wordpress\/category\/politik\/"},"img":{"alt_text":"","src":"https:\/\/i0.wp.com\/sven-teuber.info\/wordpress\/wp-content\/uploads\/2017\/09\/535A98FC-FEC4-492D-AB4A-8F7E99D7B738.jpeg?resize=350%2C200","width":350,"height":200,"srcset":"https:\/\/i0.wp.com\/sven-teuber.info\/wordpress\/wp-content\/uploads\/2017\/09\/535A98FC-FEC4-492D-AB4A-8F7E99D7B738.jpeg?resize=350%2C200 1x, https:\/\/i0.wp.com\/sven-teuber.info\/wordpress\/wp-content\/uploads\/2017\/09\/535A98FC-FEC4-492D-AB4A-8F7E99D7B738.jpeg?resize=525%2C300 1.5x, https:\/\/i0.wp.com\/sven-teuber.info\/wordpress\/wp-content\/uploads\/2017\/09\/535A98FC-FEC4-492D-AB4A-8F7E99D7B738.jpeg?resize=700%2C400 2x, https:\/\/i0.wp.com\/sven-teuber.info\/wordpress\/wp-content\/uploads\/2017\/09\/535A98FC-FEC4-492D-AB4A-8F7E99D7B738.jpeg?resize=1050%2C600 3x, https:\/\/i0.wp.com\/sven-teuber.info\/wordpress\/wp-content\/uploads\/2017\/09\/535A98FC-FEC4-492D-AB4A-8F7E99D7B738.jpeg?resize=1400%2C800 4x"},"classes":[]},{"id":3878,"url":"https:\/\/sven-teuber.info\/wordpress\/the-freedom-of-thought-report\/","url_meta":{"origin":4288,"position":3},"title":"The Freedom of Thought Report","author":"steuber","date":"10. Dezember 2016","format":"link","excerpt":"A Global Report of Discrimination Against Humanists, Atheists and the Nonreligious The Freedom of Thought Report is an annual survey on discrimination and persecution against non-religious people in countries around the world. All the latest information is available in our Country Index. The\u00a0first report was\u00a0published\u00a0in 2012 on International Human Rights\u2026","rel":"","context":"In &quot;Allgemein&quot;","block_context":{"text":"Allgemein","link":"https:\/\/sven-teuber.info\/wordpress\/category\/allgemein\/"},"img":{"alt_text":"","src":"https:\/\/i0.wp.com\/sven-teuber.info\/wordpress\/wp-content\/uploads\/2016\/12\/Tabbelle-Germany.png?resize=350%2C200","width":350,"height":200,"srcset":"https:\/\/i0.wp.com\/sven-teuber.info\/wordpress\/wp-content\/uploads\/2016\/12\/Tabbelle-Germany.png?resize=350%2C200 1x, https:\/\/i0.wp.com\/sven-teuber.info\/wordpress\/wp-content\/uploads\/2016\/12\/Tabbelle-Germany.png?resize=525%2C300 1.5x"},"classes":[]},{"id":3219,"url":"https:\/\/sven-teuber.info\/wordpress\/les-toilettes-au-cinema\/","url_meta":{"origin":4288,"position":4},"title":"Les Toilettes au cin\u00e9ma, BLOW UP ARTE","author":"steuber","date":"20. Dezember 2015","format":"video","excerpt":"The Big Lebowski, Maps to the stars, Eyes Wide Shut, Trainspotting? Et si on parlait des toilettes au cin\u00e9ma ? \u00a0 Le regard cam\u00e9ra au cin\u00e9ma Top 5 musical Jean-Luc Godard \u00a0 \u00a0 \u00a0","rel":"","context":"In &quot;Allgemein&quot;","block_context":{"text":"Allgemein","link":"https:\/\/sven-teuber.info\/wordpress\/category\/allgemein\/"},"img":{"alt_text":"","src":"","width":0,"height":0},"classes":[]},{"id":3674,"url":"https:\/\/sven-teuber.info\/wordpress\/atheist-comedy-from-linda\/","url_meta":{"origin":4288,"position":5},"title":"Atheist Comedy from Linda","author":"steuber","date":"31. Juli 2016","format":"video","excerpt":"The concept of Linda Why she I so passionate about atheism? I grew up in an atheist household in Melbourne, Australia, where Carl Sagan's \"Cosmos\" was a must watch, and David Attenborough was king, warranting the \"special shortbread\" to be brought out whenever his documentaries were on TV. Videos: How\u2026","rel":"","context":"In &quot;Allgemein&quot;","block_context":{"text":"Allgemein","link":"https:\/\/sven-teuber.info\/wordpress\/category\/allgemein\/"},"img":{"alt_text":"","src":"","width":0,"height":0},"classes":[]}],"jetpack_likes_enabled":true,"_links":{"self":[{"href":"https:\/\/sven-teuber.info\/wordpress\/wp-json\/wp\/v2\/posts\/4288","targetHints":{"allow":["GET"]}}],"collection":[{"href":"https:\/\/sven-teuber.info\/wordpress\/wp-json\/wp\/v2\/posts"}],"about":[{"href":"https:\/\/sven-teuber.info\/wordpress\/wp-json\/wp\/v2\/types\/post"}],"author":[{"embeddable":true,"href":"https:\/\/sven-teuber.info\/wordpress\/wp-json\/wp\/v2\/users\/2"}],"replies":[{"embeddable":true,"href":"https:\/\/sven-teuber.info\/wordpress\/wp-json\/wp\/v2\/comments?post=4288"}],"version-history":[{"count":1,"href":"https:\/\/sven-teuber.info\/wordpress\/wp-json\/wp\/v2\/posts\/4288\/revisions"}],"predecessor-version":[{"id":4289,"href":"https:\/\/sven-teuber.info\/wordpress\/wp-json\/wp\/v2\/posts\/4288\/revisions\/4289"}],"wp:attachment":[{"href":"https:\/\/sven-teuber.info\/wordpress\/wp-json\/wp\/v2\/media?parent=4288"}],"wp:term":[{"taxonomy":"category","embeddable":true,"href":"https:\/\/sven-teuber.info\/wordpress\/wp-json\/wp\/v2\/categories?post=4288"},{"taxonomy":"post_tag","embeddable":true,"href":"https:\/\/sven-teuber.info\/wordpress\/wp-json\/wp\/v2\/tags?post=4288"}],"curies":[{"name":"wp","href":"https:\/\/api.w.org\/{rel}","templated":true}]}}