{"id":4302,"date":"2017-10-26T21:56:54","date_gmt":"2017-10-26T19:56:54","guid":{"rendered":"http:\/\/sven-teuber.info\/wordpress\/?p=4302"},"modified":"2017-10-26T21:56:54","modified_gmt":"2017-10-26T19:56:54","slug":"kunst-in-der-suedstadt","status":"publish","type":"post","link":"https:\/\/sven-teuber.info\/wordpress\/kunst-in-der-suedstadt\/","title":{"rendered":"Kunst in der S\u00fcdstadt"},"content":{"rendered":"<p><a href=\"https:\/\/spark.adobe.com\/page\/5tpWArgzekw0J\/\"><img data-recalc-dims=\"1\" loading=\"lazy\" decoding=\"async\" data-attachment-id=\"4301\" data-permalink=\"https:\/\/sven-teuber.info\/wordpress\/kunst-in-der-suedstadt\/8f0f269a-b444-4228-9240-9d3f7941e4d8\/\" data-orig-file=\"https:\/\/i0.wp.com\/sven-teuber.info\/wordpress\/wp-content\/uploads\/2017\/10\/8F0F269A-B444-4228-9240-9D3F7941E4D8.jpeg?fit=3469%2C3469&amp;ssl=1\" data-orig-size=\"3469,3469\" data-comments-opened=\"1\" data-image-meta=\"{&quot;aperture&quot;:&quot;0&quot;,&quot;credit&quot;:&quot;&quot;,&quot;camera&quot;:&quot;&quot;,&quot;caption&quot;:&quot;&quot;,&quot;created_timestamp&quot;:&quot;0&quot;,&quot;copyright&quot;:&quot;&quot;,&quot;focal_length&quot;:&quot;0&quot;,&quot;iso&quot;:&quot;0&quot;,&quot;shutter_speed&quot;:&quot;0&quot;,&quot;title&quot;:&quot;&quot;,&quot;orientation&quot;:&quot;1&quot;}\" data-image-title=\"8F0F269A-B444-4228-9240-9D3F7941E4D8\" data-image-description=\"\" data-image-caption=\"\" data-large-file=\"https:\/\/i0.wp.com\/sven-teuber.info\/wordpress\/wp-content\/uploads\/2017\/10\/8F0F269A-B444-4228-9240-9D3F7941E4D8.jpeg?fit=584%2C584&amp;ssl=1\" class=\"alignnone wp-image-4301 size-large\" src=\"https:\/\/i0.wp.com\/sven-teuber.info\/wordpress\/wp-content\/uploads\/2017\/10\/8F0F269A-B444-4228-9240-9D3F7941E4D8.jpeg?resize=584%2C584&#038;ssl=1\" alt=\"\" width=\"584\" height=\"584\" srcset=\"https:\/\/i0.wp.com\/sven-teuber.info\/wordpress\/wp-content\/uploads\/2017\/10\/8F0F269A-B444-4228-9240-9D3F7941E4D8.jpeg?resize=1024%2C1024&amp;ssl=1 1024w, https:\/\/i0.wp.com\/sven-teuber.info\/wordpress\/wp-content\/uploads\/2017\/10\/8F0F269A-B444-4228-9240-9D3F7941E4D8.jpeg?resize=150%2C150&amp;ssl=1 150w, https:\/\/i0.wp.com\/sven-teuber.info\/wordpress\/wp-content\/uploads\/2017\/10\/8F0F269A-B444-4228-9240-9D3F7941E4D8.jpeg?resize=300%2C300&amp;ssl=1 300w, https:\/\/i0.wp.com\/sven-teuber.info\/wordpress\/wp-content\/uploads\/2017\/10\/8F0F269A-B444-4228-9240-9D3F7941E4D8.jpeg?resize=768%2C768&amp;ssl=1 768w, https:\/\/i0.wp.com\/sven-teuber.info\/wordpress\/wp-content\/uploads\/2017\/10\/8F0F269A-B444-4228-9240-9D3F7941E4D8.jpeg?resize=240%2C240&amp;ssl=1 240w, https:\/\/i0.wp.com\/sven-teuber.info\/wordpress\/wp-content\/uploads\/2017\/10\/8F0F269A-B444-4228-9240-9D3F7941E4D8.jpeg?w=1168&amp;ssl=1 1168w, https:\/\/i0.wp.com\/sven-teuber.info\/wordpress\/wp-content\/uploads\/2017\/10\/8F0F269A-B444-4228-9240-9D3F7941E4D8.jpeg?w=1752&amp;ssl=1 1752w\" sizes=\"auto, (max-width: 584px) 100vw, 584px\" \/><\/a><\/p>\n<p>Eierpl\u00e4tzchen Platz<\/p>\n","protected":false},"excerpt":{"rendered":"<p>Eierpl\u00e4tzchen Platz<\/p>\n","protected":false},"author":2,"featured_media":0,"comment_status":"open","ping_status":"open","sticky":false,"template":"","format":"standard","meta":{"_crdt_document":"","jetpack_post_was_ever_published":false,"_jetpack_newsletter_access":"","_jetpack_dont_email_post_to_subs":false,"_jetpack_newsletter_tier_id":0,"_jetpack_memberships_contains_paywalled_content":false,"_jetpack_memberships_contains_paid_content":false,"footnotes":"","jetpack_publicize_message":"","jetpack_publicize_feature_enabled":true,"jetpack_social_post_already_shared":true,"jetpack_social_options":{"image_generator_settings":{"template":"highway","default_image_id":0,"font":"","enabled":false},"version":2}},"categories":[23,8,2,19],"tags":[654,643,31,417],"class_list":["post-4302","post","type-post","status-publish","format-standard","hentry","category-events","category-foto-stretch","category-photographie","category-streetart","tag-eierplaetzchen-platz","tag-koeln","tag-kuenstler","tag-portraet"],"jetpack_publicize_connections":[],"jetpack_featured_media_url":"","jetpack_sharing_enabled":true,"jetpack_shortlink":"https:\/\/wp.me\/p3CWBT-17o","jetpack-related-posts":[{"id":5926,"url":"https:\/\/sven-teuber.info\/wordpress\/eierplaetzchen-roadshow-vernissage\/","url_meta":{"origin":4302,"position":0},"title":"EIERPL\u00c4TZCHEN-ROADSHOW Vernissage","author":"steuber","date":"18. April 2023","format":false,"excerpt":"Sehr geehrte Damen und Herren, liebe Kunstfreunde, wir laden ein zur Kunstausstellung:Die K\u00fcnstler des Eierpl\u00e4tzchen-Montmartres stellen aus:Vernissage 6.5.23: 19.30 Uhr Galerie Smend, Mainzer Str.37, 50678 K\u00f6ln\u00d6ffnungszeiten 6.5.23: 14-22 Uhr, 7.5.23: 14-20 UhrParallel stattfindende Aktionen und Livepainting am 6.5.23: 14-22 Uhr, 7-5.23: 14-20 Uhr auf dem Eierpl\u00e4tzchen (Kreisverkehr Teutoburger Str.\/Mainzer Str.)\u2026","rel":"","context":"In &quot;Allgemein&quot;","block_context":{"text":"Allgemein","link":"https:\/\/sven-teuber.info\/wordpress\/category\/allgemein\/"},"img":{"alt_text":"","src":"https:\/\/i0.wp.com\/sven-teuber.info\/wordpress\/wp-content\/uploads\/2023\/04\/Plakat-roadschow-Vorderseite.jpg?resize=350%2C200&ssl=1","width":350,"height":200,"srcset":"https:\/\/i0.wp.com\/sven-teuber.info\/wordpress\/wp-content\/uploads\/2023\/04\/Plakat-roadschow-Vorderseite.jpg?resize=350%2C200&ssl=1 1x, https:\/\/i0.wp.com\/sven-teuber.info\/wordpress\/wp-content\/uploads\/2023\/04\/Plakat-roadschow-Vorderseite.jpg?resize=525%2C300&ssl=1 1.5x, https:\/\/i0.wp.com\/sven-teuber.info\/wordpress\/wp-content\/uploads\/2023\/04\/Plakat-roadschow-Vorderseite.jpg?resize=700%2C400&ssl=1 2x, https:\/\/i0.wp.com\/sven-teuber.info\/wordpress\/wp-content\/uploads\/2023\/04\/Plakat-roadschow-Vorderseite.jpg?resize=1050%2C600&ssl=1 3x, https:\/\/i0.wp.com\/sven-teuber.info\/wordpress\/wp-content\/uploads\/2023\/04\/Plakat-roadschow-Vorderseite.jpg?resize=1400%2C800&ssl=1 4x"},"classes":[]},{"id":6951,"url":"https:\/\/sven-teuber.info\/wordpress\/vernissage-eierplaetzchen-roadshow-18-04-19-04\/","url_meta":{"origin":4302,"position":1},"title":"Vernissage EIERPL\u00c4TZCHEN-ROADSHOW 18.04-19.04","author":"steuber","date":"3. April 2026","format":false,"excerpt":"Sehr geehrte Damen und Herren, liebe Kunstfreunde,wir laden ein zur Kunstausstellung: EIERPL\u00c4TZCHEN-ROADSHOWDie K\u00fcnstler des Eierpl\u00e4tzchen-Montmartres stellen aus:Vernissage\u00a018.04.2026.: 19.00 UhrGalerie Smend, Mainzer Str.37, 50678 K\u00f6ln\u00d6ffnungszeiten\u00a018.04.2026.: 14-22 Uhr,\u00a019.04.2026: 14-19\u00a0UhrParallel stattfindende Aktionen und Livepainting\u00a0am\u00a018.04.2026.: 14-19\u00a0Uhr,\u00a019.04.2026.: 14-19\u00a0Uhrauf dem Eierpl\u00e4tzchen (Kreisverkehr Teutoburger Str.\/Mainzer Str.)und in der Galerie Mainzer Str.37Beteiligte K\u00fcnstler:Peter M\u00fcck,Volker Paffenholz,Manfred F\u00fcrth,Reinhard Scheithauer,Elena Zibler,Maren\u2026","rel":"","context":"In &quot;Allgemein&quot;","block_context":{"text":"Allgemein","link":"https:\/\/sven-teuber.info\/wordpress\/category\/allgemein\/"},"img":{"alt_text":"","src":"","width":0,"height":0},"classes":[]},{"id":4945,"url":"https:\/\/sven-teuber.info\/wordpress\/eierplaetzchen-roadshow-vernissage-18-5-19-1930\/","url_meta":{"origin":4302,"position":2},"title":"Eierpl\u00e4tzchen Roadshow Vernissage 18.5.19 19:30","author":"steuber","date":"3. Mai 2019","format":false,"excerpt":"Vernissage 18.5.19:\u00a019.30 Uhr Livemusik mit Laura Spacarotella-Do\u00f1o Galerie Smend,\u00a0Mainzer Str.37, 50678 K\u00f6ln \u00d6ffnungszeiten 18.5.19:\u00a014-22 Uhr, 19.5.19:\u00a014-20 Uhr Parallel stattfindende Aktionen und Livepainting auf dem Eierpl\u00e4tzchen statt. Beteiligte K\u00fcnstler: Peter M\u00fcck, Volker Paffenholz, Manfred F\u00fcrth, Ursula Oppermann-Weber, Anne Ruffert,\u00a0 Ra Ran Utz, Nina Marxen, Sylvia G\u00f6ldel, Peter Fischenich, Reinhard Scheithauer, Elena\u2026","rel":"","context":"In &quot;Allgemein&quot;","block_context":{"text":"Allgemein","link":"https:\/\/sven-teuber.info\/wordpress\/category\/allgemein\/"},"img":{"alt_text":"","src":"https:\/\/i0.wp.com\/sven-teuber.info\/wordpress\/wp-content\/uploads\/2019\/05\/F2C4C7CC-70A2-4BB8-8EFF-F1811B9293DC.jpeg?resize=350%2C200&ssl=1","width":350,"height":200,"srcset":"https:\/\/i0.wp.com\/sven-teuber.info\/wordpress\/wp-content\/uploads\/2019\/05\/F2C4C7CC-70A2-4BB8-8EFF-F1811B9293DC.jpeg?resize=350%2C200&ssl=1 1x, https:\/\/i0.wp.com\/sven-teuber.info\/wordpress\/wp-content\/uploads\/2019\/05\/F2C4C7CC-70A2-4BB8-8EFF-F1811B9293DC.jpeg?resize=525%2C300&ssl=1 1.5x, https:\/\/i0.wp.com\/sven-teuber.info\/wordpress\/wp-content\/uploads\/2019\/05\/F2C4C7CC-70A2-4BB8-8EFF-F1811B9293DC.jpeg?resize=700%2C400&ssl=1 2x, https:\/\/i0.wp.com\/sven-teuber.info\/wordpress\/wp-content\/uploads\/2019\/05\/F2C4C7CC-70A2-4BB8-8EFF-F1811B9293DC.jpeg?resize=1050%2C600&ssl=1 3x, https:\/\/i0.wp.com\/sven-teuber.info\/wordpress\/wp-content\/uploads\/2019\/05\/F2C4C7CC-70A2-4BB8-8EFF-F1811B9293DC.jpeg?resize=1400%2C800&ssl=1 4x"},"classes":[]},{"id":6737,"url":"https:\/\/sven-teuber.info\/wordpress\/koeln-ehrenfeld-street-art-2025\/","url_meta":{"origin":4302,"position":3},"title":"K\u00f6ln Ehrenfeld Street Art, 2025","author":"steuber","date":"1. Oktober 2025","format":false,"excerpt":"Street Art trifft Urbanit\u00e4t Ehrenfeld ist mehr als ein Stadtteil \u2013 es f\u00fchlt sich an wie ein lebendiges Zentrum f\u00fcr Kunst und Kultur. In den letzten Jahrzehnten hat sich hier eine der spannendsten Street-Art-Szenen Deutschlands entwickelt. Bunte Fassaden, auff\u00e4llige Wandmotive und eine Mischung aus Tradition und Moderne ziehen K\u00fcnstlerinnen, K\u00fcnstler\u2026","rel":"","context":"In &quot;Allgemein&quot;","block_context":{"text":"Allgemein","link":"https:\/\/sven-teuber.info\/wordpress\/category\/allgemein\/"},"img":{"alt_text":"","src":"https:\/\/i0.wp.com\/sven-teuber.info\/wordpress\/wp-content\/uploads\/2025\/10\/MG_4146.jpg?resize=350%2C200","width":350,"height":200,"srcset":"https:\/\/i0.wp.com\/sven-teuber.info\/wordpress\/wp-content\/uploads\/2025\/10\/MG_4146.jpg?resize=350%2C200 1x, https:\/\/i0.wp.com\/sven-teuber.info\/wordpress\/wp-content\/uploads\/2025\/10\/MG_4146.jpg?resize=525%2C300 1.5x, https:\/\/i0.wp.com\/sven-teuber.info\/wordpress\/wp-content\/uploads\/2025\/10\/MG_4146.jpg?resize=700%2C400 2x, https:\/\/i0.wp.com\/sven-teuber.info\/wordpress\/wp-content\/uploads\/2025\/10\/MG_4146.jpg?resize=1050%2C600 3x, https:\/\/i0.wp.com\/sven-teuber.info\/wordpress\/wp-content\/uploads\/2025\/10\/MG_4146.jpg?resize=1400%2C800 4x"},"classes":[]},{"id":6217,"url":"https:\/\/sven-teuber.info\/wordpress\/einladung-zur-eierplaetzchen-roadshow-2024-8-9-juni-galerie-smend-koeln\/","url_meta":{"origin":4302,"position":4},"title":"Einladung zur EIERPL\u00c4TZCHEN-ROADSHOW 2024, 8-9 Juni, Galerie Smend, K\u00f6ln","author":"steuber","date":"31. Mai 2024","format":false,"excerpt":"Einladung zur EIERPL\u00c4TZCHEN-ROADSHOW 2024 Einladung zur Ausstellung: \"Eierpl\u00e4tzchen-Roadshow\" in der Galerie Smend Ort: Galerie Smend, Mainzer Str. 37, 50678 K\u00f6ln\u00d6ffnungszeiten: 8. Juni 2024: 14:00 - 22:00 Uhr 9. Juni 2024: 14:00 - 20:00 Uhr Parallel dazu finden spannende Aktionen und Live-Painting statt:Ort: Eierpl\u00e4tzchen (Kreisverkehr Teutoburger Str.\/Mainzer Str.) und Galerie SmendZeiten:\u2026","rel":"","context":"In &quot;Allgemein&quot;","block_context":{"text":"Allgemein","link":"https:\/\/sven-teuber.info\/wordpress\/category\/allgemein\/"},"img":{"alt_text":"","src":"https:\/\/i0.wp.com\/sven-teuber.info\/wordpress\/wp-content\/uploads\/2024\/05\/roadschow-rueckseite-Kopie.jpg?resize=350%2C200&ssl=1","width":350,"height":200,"srcset":"https:\/\/i0.wp.com\/sven-teuber.info\/wordpress\/wp-content\/uploads\/2024\/05\/roadschow-rueckseite-Kopie.jpg?resize=350%2C200&ssl=1 1x, https:\/\/i0.wp.com\/sven-teuber.info\/wordpress\/wp-content\/uploads\/2024\/05\/roadschow-rueckseite-Kopie.jpg?resize=525%2C300&ssl=1 1.5x, https:\/\/i0.wp.com\/sven-teuber.info\/wordpress\/wp-content\/uploads\/2024\/05\/roadschow-rueckseite-Kopie.jpg?resize=700%2C400&ssl=1 2x"},"classes":[]},{"id":5629,"url":"https:\/\/sven-teuber.info\/wordpress\/ausstellung-vernissage-25-6-22-19-30-uhr-koeln-galerie-smend\/","url_meta":{"origin":4302,"position":5},"title":"Ausstellung, Vernissage 25.6.22: 19.30 Uhr, K\u00f6ln, Galerie Smend","author":"steuber","date":"12. Juni 2022","format":false,"excerpt":"EIERPL\u00c4TZCHEN-ROADSHOW Die K\u00fcnstler des Eierpl\u00e4tzchen-Montmartres stellen aus: Vernissage 25.6.22: 19.30 Uhr Galerie Smend, Mainzer Str.37, 50678 K\u00f6ln \u00d6ffnungszeiten 25.6.22: 14-22 Uhr - 26.6.22: 14-20 Uhr Parallel stattfindende Aktionen und Livepainting am 25.6.22: 14-22 Uhr, 26.6.22: 14-20 Uhr auf dem Eierpl\u00e4tzchen (Kreisverkehr Teutoburger Str.\/Mainzer Str.) und in der Galerie Mainzer Str.37\u2026","rel":"","context":"In &quot;Allgemein&quot;","block_context":{"text":"Allgemein","link":"https:\/\/sven-teuber.info\/wordpress\/category\/allgemein\/"},"img":{"alt_text":"","src":"","width":0,"height":0},"classes":[]}],"jetpack_likes_enabled":true,"_links":{"self":[{"href":"https:\/\/sven-teuber.info\/wordpress\/wp-json\/wp\/v2\/posts\/4302","targetHints":{"allow":["GET"]}}],"collection":[{"href":"https:\/\/sven-teuber.info\/wordpress\/wp-json\/wp\/v2\/posts"}],"about":[{"href":"https:\/\/sven-teuber.info\/wordpress\/wp-json\/wp\/v2\/types\/post"}],"author":[{"embeddable":true,"href":"https:\/\/sven-teuber.info\/wordpress\/wp-json\/wp\/v2\/users\/2"}],"replies":[{"embeddable":true,"href":"https:\/\/sven-teuber.info\/wordpress\/wp-json\/wp\/v2\/comments?post=4302"}],"version-history":[{"count":2,"href":"https:\/\/sven-teuber.info\/wordpress\/wp-json\/wp\/v2\/posts\/4302\/revisions"}],"predecessor-version":[{"id":4304,"href":"https:\/\/sven-teuber.info\/wordpress\/wp-json\/wp\/v2\/posts\/4302\/revisions\/4304"}],"wp:attachment":[{"href":"https:\/\/sven-teuber.info\/wordpress\/wp-json\/wp\/v2\/media?parent=4302"}],"wp:term":[{"taxonomy":"category","embeddable":true,"href":"https:\/\/sven-teuber.info\/wordpress\/wp-json\/wp\/v2\/categories?post=4302"},{"taxonomy":"post_tag","embeddable":true,"href":"https:\/\/sven-teuber.info\/wordpress\/wp-json\/wp\/v2\/tags?post=4302"}],"curies":[{"name":"wp","href":"https:\/\/api.w.org\/{rel}","templated":true}]}}