{"id":4329,"date":"2017-10-31T12:00:18","date_gmt":"2017-10-31T10:00:18","guid":{"rendered":"http:\/\/sven-teuber.info\/wordpress\/?p=4329"},"modified":"2017-10-31T11:37:39","modified_gmt":"2017-10-31T09:37:39","slug":"halloween-a-paris","status":"publish","type":"post","link":"https:\/\/sven-teuber.info\/wordpress\/halloween-a-paris\/","title":{"rendered":"Halloween \u00e1 Paris"},"content":{"rendered":"<p><a href=\"https:\/\/sven-teuber.info\/wordpress\/66f0f682-4b76-441e-98ff-b817609fd96d\/\"><img data-recalc-dims=\"1\" loading=\"lazy\" decoding=\"async\" data-attachment-id=\"4324\" data-permalink=\"https:\/\/sven-teuber.info\/wordpress\/halloween-a-paris\/66f0f682-4b76-441e-98ff-b817609fd96d\/\" data-orig-file=\"https:\/\/i0.wp.com\/sven-teuber.info\/wordpress\/wp-content\/uploads\/2017\/10\/66F0F682-4B76-441E-98FF-B817609FD96D.jpeg?fit=1656%2C2560&amp;ssl=1\" data-orig-size=\"1656,2560\" data-comments-opened=\"1\" data-image-meta=\"{&quot;aperture&quot;:&quot;0&quot;,&quot;credit&quot;:&quot;&quot;,&quot;camera&quot;:&quot;&quot;,&quot;caption&quot;:&quot;&quot;,&quot;created_timestamp&quot;:&quot;0&quot;,&quot;copyright&quot;:&quot;&quot;,&quot;focal_length&quot;:&quot;0&quot;,&quot;iso&quot;:&quot;0&quot;,&quot;shutter_speed&quot;:&quot;0&quot;,&quot;title&quot;:&quot;&quot;,&quot;orientation&quot;:&quot;1&quot;}\" data-image-title=\"66F0F682-4B76-441E-98FF-B817609FD96D\" data-image-description=\"\" data-image-caption=\"\" data-large-file=\"https:\/\/i0.wp.com\/sven-teuber.info\/wordpress\/wp-content\/uploads\/2017\/10\/66F0F682-4B76-441E-98FF-B817609FD96D.jpeg?fit=584%2C903&amp;ssl=1\" class=\"aligncenter size-full wp-image-4324\" src=\"https:\/\/i0.wp.com\/sven-teuber.info\/wordpress\/wp-content\/uploads\/2017\/10\/66F0F682-4B76-441E-98FF-B817609FD96D.jpeg?resize=584%2C903&#038;ssl=1\" alt=\"\" width=\"584\" height=\"903\" srcset=\"https:\/\/i0.wp.com\/sven-teuber.info\/wordpress\/wp-content\/uploads\/2017\/10\/66F0F682-4B76-441E-98FF-B817609FD96D.jpeg?w=1656&amp;ssl=1 1656w, https:\/\/i0.wp.com\/sven-teuber.info\/wordpress\/wp-content\/uploads\/2017\/10\/66F0F682-4B76-441E-98FF-B817609FD96D.jpeg?resize=194%2C300&amp;ssl=1 194w, https:\/\/i0.wp.com\/sven-teuber.info\/wordpress\/wp-content\/uploads\/2017\/10\/66F0F682-4B76-441E-98FF-B817609FD96D.jpeg?resize=768%2C1187&amp;ssl=1 768w, https:\/\/i0.wp.com\/sven-teuber.info\/wordpress\/wp-content\/uploads\/2017\/10\/66F0F682-4B76-441E-98FF-B817609FD96D.jpeg?resize=662%2C1024&amp;ssl=1 662w, https:\/\/i0.wp.com\/sven-teuber.info\/wordpress\/wp-content\/uploads\/2017\/10\/66F0F682-4B76-441E-98FF-B817609FD96D.jpeg?resize=155%2C240&amp;ssl=1 155w, https:\/\/i0.wp.com\/sven-teuber.info\/wordpress\/wp-content\/uploads\/2017\/10\/66F0F682-4B76-441E-98FF-B817609FD96D.jpeg?w=1168&amp;ssl=1 1168w\" sizes=\"auto, (max-width: 584px) 100vw, 584px\" \/><\/a><\/p>\n","protected":false},"excerpt":{"rendered":"","protected":false},"author":2,"featured_media":0,"comment_status":"open","ping_status":"open","sticky":false,"template":"","format":"image","meta":{"_crdt_document":"","jetpack_post_was_ever_published":false,"_jetpack_newsletter_access":"","_jetpack_dont_email_post_to_subs":false,"_jetpack_newsletter_tier_id":0,"_jetpack_memberships_contains_paywalled_content":false,"_jetpack_memberships_contains_paid_content":false,"footnotes":"","jetpack_publicize_message":"","jetpack_publicize_feature_enabled":true,"jetpack_social_post_already_shared":true,"jetpack_social_options":{"image_generator_settings":{"template":"highway","default_image_id":0,"font":"","enabled":false},"version":2}},"categories":[23,3,637],"tags":[658,661],"class_list":["post-4329","post","type-post","status-publish","format-image","hentry","category-events","category-for-your-information","category-satire","tag-halloween","tag-paris","post_format-post-format-image"],"jetpack_publicize_connections":[],"jetpack_featured_media_url":"","jetpack_sharing_enabled":true,"jetpack_shortlink":"https:\/\/wp.me\/p3CWBT-17P","jetpack-related-posts":[{"id":4325,"url":"https:\/\/sven-teuber.info\/wordpress\/votez-pour-ou-contre-halloween-en-arabie-saoudite\/","url_meta":{"origin":4329,"position":0},"title":"Votez pour ou contre Halloween en Arabie Saoudite.","author":"steuber","date":"31. Oktober 2017","format":"video","excerpt":"\u2018","rel":"","context":"In &quot;Events&quot;","block_context":{"text":"Events","link":"https:\/\/sven-teuber.info\/wordpress\/category\/events\/"},"img":{"alt_text":"","src":"https:\/\/i0.wp.com\/sven-teuber.info\/wordpress\/wp-content\/uploads\/2017\/10\/949582F8-B15F-41F6-BF35-643D79DB4A14-791x1024.jpeg?resize=350%2C200","width":350,"height":200,"srcset":"https:\/\/i0.wp.com\/sven-teuber.info\/wordpress\/wp-content\/uploads\/2017\/10\/949582F8-B15F-41F6-BF35-643D79DB4A14-791x1024.jpeg?resize=350%2C200 1x, https:\/\/i0.wp.com\/sven-teuber.info\/wordpress\/wp-content\/uploads\/2017\/10\/949582F8-B15F-41F6-BF35-643D79DB4A14-791x1024.jpeg?resize=525%2C300 1.5x"},"classes":[]},{"id":3114,"url":"https:\/\/sven-teuber.info\/wordpress\/a-mes-amis-to-my-friends\/","url_meta":{"origin":4329,"position":1},"title":"A mes amis, to my friends","author":"steuber","date":"16. November 2015","format":"aside","excerpt":"A mes amis, to my friends Suite aux \u00e9v\u00e8nements dramatiques qui se sont d\u00e9roul\u00e9s le vendredi 13 novembre \u00e0 Paris, je\u00a0 souhaite exprimer mes \u00e9motion et apporter son soutien aux victimes et familles des victimes. Following Friday\u2019s tragic events in Paris, i wishes to express my empathy and give all\u2026","rel":"","context":"In &quot;For your Information&quot;","block_context":{"text":"For your Information","link":"https:\/\/sven-teuber.info\/wordpress\/category\/for-your-information\/"},"img":{"alt_text":"","src":"","width":0,"height":0},"classes":[]},{"id":2573,"url":"https:\/\/sven-teuber.info\/wordpress\/je-suis-charlie-the-journalists-killed-in-the-line-of-duty-in-the-last-12-months\/","url_meta":{"origin":4329,"position":2},"title":"&#8222;Je suis Charlie&#8220; the journalists killed in the line of duty in the last 12 months","author":"steuber","date":"11. Januar 2015","format":false,"excerpt":"Charlie Hebdo editor Stephane \"Charb\" Charbonnier and eight of his colleagues joined 61 other media workers who were killed exercising free expression in the last year. There was a global outpouring of horror at the brutal killings in Paris, in which 12 people - including nine Charlie Hebdo journalists -\u2026","rel":"","context":"In &quot;Allgemein&quot;","block_context":{"text":"Allgemein","link":"https:\/\/sven-teuber.info\/wordpress\/category\/allgemein\/"},"img":{"alt_text":"","src":"","width":0,"height":0},"classes":[]},{"id":2406,"url":"https:\/\/sven-teuber.info\/wordpress\/salon-de-la-photo-2014-du-13-au-17-novembre-a-paris\/","url_meta":{"origin":4329,"position":3},"title":"Salon de la Photo 2014, du 13 au 17 novembre \u00e0 Paris","author":"steuber","date":"31. Oktober 2014","format":false,"excerpt":"Comp\u00e9tence Photo vous offre votre invitation pour le Salon de la Photo 2014 Comme chaque ann\u00e9e, Comp\u00e9tence Photo vous permet d'obtenir le pr\u00e9cieux s\u00e9same pour vous rendre gratuitement au Salon de la Photo (valeur 11 \u20ac). L'\u00e9dition 2014 aura lieu cette ann\u00e9e du 13 au 17 novembre \u00e0 Paris Expo,\u2026","rel":"","context":"In &quot;Allgemein&quot;","block_context":{"text":"Allgemein","link":"https:\/\/sven-teuber.info\/wordpress\/category\/allgemein\/"},"img":{"alt_text":"","src":"","width":0,"height":0},"classes":[]},{"id":2941,"url":"https:\/\/sven-teuber.info\/wordpress\/announcement-from-seeme-louvre-museum-in-paris\/","url_meta":{"origin":4329,"position":4},"title":"Announcement from SeeMe, Louvre Museum in Paris","author":"steuber","date":"21. August 2015","format":"aside","excerpt":"We are excited to announce that the Black & White Collection page is now live on SeeMe for the public to view from now until the end of the year. We have spent the past few weeks working on getting these pages and books up and ready for you to\u2026","rel":"","context":"In &quot;Exhibition&quot;","block_context":{"text":"Exhibition","link":"https:\/\/sven-teuber.info\/wordpress\/category\/exhibition\/"},"img":{"alt_text":"","src":"","width":0,"height":0},"classes":[]},{"id":2783,"url":"https:\/\/sven-teuber.info\/wordpress\/virginie-hocq-au-theatre-de-paris-29-1-31-03-15\/","url_meta":{"origin":4329,"position":5},"title":"Virginie HOCQ au Th\u00e9atre de Paris 29.1 &#8211; 31.03.15","author":"","date":"24. Februar 2015","format":"quote","excerpt":"","rel":"","context":"In &quot;Allgemein&quot;","block_context":{"text":"Allgemein","link":"https:\/\/sven-teuber.info\/wordpress\/category\/allgemein\/"},"img":{"alt_text":"","src":"","width":0,"height":0},"classes":[]}],"jetpack_likes_enabled":true,"_links":{"self":[{"href":"https:\/\/sven-teuber.info\/wordpress\/wp-json\/wp\/v2\/posts\/4329","targetHints":{"allow":["GET"]}}],"collection":[{"href":"https:\/\/sven-teuber.info\/wordpress\/wp-json\/wp\/v2\/posts"}],"about":[{"href":"https:\/\/sven-teuber.info\/wordpress\/wp-json\/wp\/v2\/types\/post"}],"author":[{"embeddable":true,"href":"https:\/\/sven-teuber.info\/wordpress\/wp-json\/wp\/v2\/users\/2"}],"replies":[{"embeddable":true,"href":"https:\/\/sven-teuber.info\/wordpress\/wp-json\/wp\/v2\/comments?post=4329"}],"version-history":[{"count":2,"href":"https:\/\/sven-teuber.info\/wordpress\/wp-json\/wp\/v2\/posts\/4329\/revisions"}],"predecessor-version":[{"id":4331,"href":"https:\/\/sven-teuber.info\/wordpress\/wp-json\/wp\/v2\/posts\/4329\/revisions\/4331"}],"wp:attachment":[{"href":"https:\/\/sven-teuber.info\/wordpress\/wp-json\/wp\/v2\/media?parent=4329"}],"wp:term":[{"taxonomy":"category","embeddable":true,"href":"https:\/\/sven-teuber.info\/wordpress\/wp-json\/wp\/v2\/categories?post=4329"},{"taxonomy":"post_tag","embeddable":true,"href":"https:\/\/sven-teuber.info\/wordpress\/wp-json\/wp\/v2\/tags?post=4329"}],"curies":[{"name":"wp","href":"https:\/\/api.w.org\/{rel}","templated":true}]}}