{"id":4463,"date":"2018-03-26T22:17:03","date_gmt":"2018-03-26T20:17:03","guid":{"rendered":"http:\/\/sven-teuber.info\/wordpress\/?p=4463"},"modified":"2018-04-10T22:02:35","modified_gmt":"2018-04-10T20:02:35","slug":"aristokrass-praesentiert-world-trash-society","status":"publish","type":"post","link":"https:\/\/sven-teuber.info\/wordpress\/aristokrass-praesentiert-world-trash-society\/","title":{"rendered":"ARISTOKRASS pr\u00e4sentiert  WORLD TRASH SOCIETY Ausstellung vom 13.04.18 bis 28.04.18"},"content":{"rendered":"<p><a href=\"https:\/\/i0.wp.com\/sven-teuber.info\/wordpress\/wp-content\/uploads\/2018\/03\/Plakat-World-Trash-Society.jpg?ssl=1\" rel=\"lightbox[4463]\"><img data-recalc-dims=\"1\" loading=\"lazy\" decoding=\"async\" data-attachment-id=\"4462\" data-permalink=\"https:\/\/sven-teuber.info\/wordpress\/aristokrass-praesentiert-world-trash-society\/plakat-world-trash-society\/\" data-orig-file=\"https:\/\/i0.wp.com\/sven-teuber.info\/wordpress\/wp-content\/uploads\/2018\/03\/Plakat-World-Trash-Society.jpg?fit=600%2C849&amp;ssl=1\" data-orig-size=\"600,849\" data-comments-opened=\"1\" data-image-meta=\"{&quot;aperture&quot;:&quot;0&quot;,&quot;credit&quot;:&quot;&quot;,&quot;camera&quot;:&quot;&quot;,&quot;caption&quot;:&quot;&quot;,&quot;created_timestamp&quot;:&quot;0&quot;,&quot;copyright&quot;:&quot;&quot;,&quot;focal_length&quot;:&quot;0&quot;,&quot;iso&quot;:&quot;0&quot;,&quot;shutter_speed&quot;:&quot;0&quot;,&quot;title&quot;:&quot;&quot;,&quot;orientation&quot;:&quot;0&quot;}\" data-image-title=\"Plakat-World-Trash-Society\" data-image-description=\"\" data-image-caption=\"\" data-large-file=\"https:\/\/i0.wp.com\/sven-teuber.info\/wordpress\/wp-content\/uploads\/2018\/03\/Plakat-World-Trash-Society.jpg?fit=584%2C826&amp;ssl=1\" class=\"aligncenter wp-image-4462 size-full\" src=\"https:\/\/i0.wp.com\/sven-teuber.info\/wordpress\/wp-content\/uploads\/2018\/03\/Plakat-World-Trash-Society.jpg?resize=584%2C826&#038;ssl=1\" alt=\"\" width=\"584\" height=\"826\" srcset=\"https:\/\/i0.wp.com\/sven-teuber.info\/wordpress\/wp-content\/uploads\/2018\/03\/Plakat-World-Trash-Society.jpg?w=600&amp;ssl=1 600w, https:\/\/i0.wp.com\/sven-teuber.info\/wordpress\/wp-content\/uploads\/2018\/03\/Plakat-World-Trash-Society.jpg?resize=212%2C300&amp;ssl=1 212w, https:\/\/i0.wp.com\/sven-teuber.info\/wordpress\/wp-content\/uploads\/2018\/03\/Plakat-World-Trash-Society.jpg?resize=170%2C240&amp;ssl=1 170w\" sizes=\"auto, (max-width: 584px) 100vw, 584px\" \/><\/a><\/p>\n<p><span style=\"margin: 0px; padding: 0cm; border: 1pt windowtext; color: #bbbbbb; font-family: 'Arial','sans-serif'; font-size: 22.5pt;\">ARISTOKRASS pr\u00e4sentiert<br \/>\n<\/span><span style=\"margin: 0px; padding: 0cm; border: 1pt windowtext; color: #bbbbbb; font-family: 'Arial','sans-serif'; font-size: 22.5pt;\">WORLD TRASH SOCIETY<\/span><\/p>\n<p><span style=\"margin: 0px; padding: 0cm; border: 1pt windowtext; color: #bbbbbb; font-family: 'Arial','sans-serif'; font-size: 15pt;\">am 13.04.2018 bis 28.04.2018 ab 18 Uhr In Bunker K101.<br \/>\n<\/span><span style=\"margin: 0px; padding: 0cm; border: 1pt windowtext; color: #bbbbbb; font-family: 'Arial','sans-serif'; font-size: 15pt;\">K\u00f6rner Str 101. 50823 K\u00d6LN <\/span><\/p>\n<p><span style=\"margin: 0px; padding: 0cm; border: 1pt windowtext; color: #bbbbbb; font-family: 'Arial','sans-serif'; font-size: 15pt;\">Gruppenausstellung mit 35 K\u00fcnstler<br \/>\n<\/span><span style=\"margin: 0px; padding: 0cm; border: 1pt windowtext; color: #aaaaaa; font-family: 'Arial','sans-serif'; font-size: 15pt;\">Gro\u00dfes Rahmenprogramm: 9 Kunst-Events mit Musik, Literatur, Performance, Video, Versteigerung von Kunstgegenst\u00e4nden sowie eine Podiumsdiskussion mit interessanten Teilnehmern aus den verschiedensten (Kunst) Bereichen: CROSSART, GALERIE EYEGENART, ARTRMX und <a href=\"http:\/\/www.bunkerk101.de\/wp-content\/uploads\/2014\/07\/KonzeptVereinStandMitteJuli-1.pdf\">BUNKER K101<\/a><\/span><span style=\"margin: 0px; padding: 0cm; border: 1pt windowtext; color: #aaaaaa; font-family: 'Arial','sans-serif'; font-size: 15pt;\"><br \/>\nProgramm:\u00a0<\/span><\/p>\n<p><!--more--><\/p>\n<p><span style=\"font-family: Calibri;\"><span style=\"font-size: medium;\"><b>Fr 13.04.18<\/b>:<br \/>\n20 Uhr Performance\u00a0 CHRIZZ B.REUER<br \/>\n<\/span><\/span><span style=\"font-family: Calibri; font-size: medium;\">21 Uhr Konzert LAURA DILETTANTE<\/span><\/p>\n<p><span style=\"font-family: Calibri;\"><span style=\"font-size: medium;\"><b>Sa 14.04.18<\/b>: 18.00 Uhr DJ\u00a0 WARUM FRANK<br \/>\n<\/span><\/span><span style=\"font-family: Calibri; font-size: medium;\">19.30 Uhr Performance\u00a0 ANALIA CELESTE MUNIZ<br \/>\n<\/span><span style=\"font-family: Calibri; font-size: medium;\">20 Uhr Performance\u00a0 KRISSTINE BENTO MONTEIRO\u00a0 &amp; PATRICK SCHNEIDER PS-DESIGNSTUDIO<br \/>\n<\/span><span style=\"font-family: Calibri; font-size: medium;\">21.00 Uhr Konzert CORREGAE CONTRASTIE Experimental\u00a0 Pop<\/span><\/p>\n<p><span style=\"font-family: Calibri;\"><span style=\"font-size: medium;\"><b>So 15.04.18<\/b> 15-19 Uhr<br \/>\n15 Uhr F\u00fchrung<br \/>\n<\/span><\/span><span style=\"font-family: Calibri; font-size: medium;\">18 Uhr G\u00d6TTIN GALA\u00b4S Kleines\u00a0 Paralleluniversum.<br \/>\nEine komisches Kosmoskompottkomplott das rockt.<\/span><b><span style=\"font-family: Calibri; font-size: medium;\">\u00a0<\/span><\/b><\/p>\n<p><span style=\"font-family: Calibri;\"><span style=\"font-size: medium;\"><b>Fr 20.04.18<\/b>:<br \/>\n18 Uhr Vorlesung\u00a0 FRITZ B\u00d6HME REN\u00c9 DIETRICH<br \/>\n<\/span><\/span><span lang=\"EN-US\"><span style=\"font-family: Calibri; font-size: medium;\">20 Uhr, Didgerido und Performance RALF GUSEK<\/span><\/span><\/p>\n<p><span style=\"font-family: Calibri;\"><span style=\"font-size: medium;\"><b>Sa 21.04.18<\/b> :<br \/>\n18.00 Uhr: Podiumsdiskussion mit interessanten Teilnehmern aus den verschiedensten Kunst und Wirtschaft Bereichen:\u00a0 CROSSART, GALERIE EYEGENART,\u00a0 ARTRMX und BUNKER K101.<br \/>\n<\/span><\/span><span lang=\"EN-US\"><span style=\"font-family: Calibri; font-size: medium;\">20 Uhr, Didgerido und Performance RALF GUSEK<\/span><\/span><\/p>\n<p><span style=\"font-family: Calibri;\"><span style=\"font-size: medium;\"><b>So 22.04.18:<br \/>\n<\/b>15-19 Uhr F\u00fchrung<\/span><\/span><span style=\"font-family: Calibri; font-size: medium;\">\u00a0<\/span><\/p>\n<p><span style=\"font-family: Calibri;\"><span style=\"font-size: medium;\"><b>Do. 26.04.18: <\/b>18-22 Uhr<br \/>\n20:00 Uhr Konzert\u00a0 METER HIGH CLUB\u00a0 Blues\/Jazz<\/span><\/span><span style=\"font-family: Calibri; font-size: medium;\">\u00a0<\/span><\/p>\n<p><span style=\"font-family: Calibri;\"><span style=\"font-size: medium;\"><b>Fr 27.04.18: <\/b>18-22 Uhr<br \/>\n<\/span><\/span><span style=\"font-family: Calibri;\"><span style=\"font-size: medium;\">20.00 Uhr\u00a0 Gruppen- Performance: Manifest und Proklamation Dada \u00a0 \u00a0 \u00a0 \u00a0 \u00a0 \u00a0 \u00a0 \u00a0 \u00a0 \u00a0 \u00a0 \u00a0 \u00a0 \u00a0 \u00a0 \u00a0 \u00a0 \u00a0 \u00a0\u00a0 <\/span><\/span><span style=\"font-family: Calibri; font-size: medium;\">21-00 Uhr\u00a0 Konzert DUO .Julia\u00a0 SCHULZ Cello, Martin H\u00d6KE, Gitarre, Vokal. Blues, Balladen.<\/span><\/p>\n<p><span style=\"font-family: Calibri;\"><span style=\"font-size: medium;\"><b>Sa 28.04.18<\/b>: 18 Uhr: Versteigerung\u00a0 von Kunstgegenst\u00e4nden<br \/>\n<\/span><\/span><span style=\"font-family: Calibri; font-size: medium;\">21 Uhr Konzert\u00a0 TREMENDA&amp;MATTO\u00a0 a\u00a0 cineastic\u00a0 Folkrock Explosion.<\/span><\/p>\n<p><span style=\"margin: 0px; padding: 0cm; border: 1pt windowtext; color: #aaaaaa; font-family: 'Arial','sans-serif'; font-size: 15pt;\">D TRASH SOCIETY ist eine gemischte Gruppenausstellung, bestehend aus Arbeiten von 35 K\u00fcnstlern .<\/span><\/p>\n<p><span style=\"margin: 0px; padding: 0cm; border: 1pt windowtext; color: #aaaaaa; font-family: 'Arial','sans-serif'; font-size: 15pt;\">In der neuen Ausstellungsreihe von ARISTOKRASS wird der Raum zu multidimensionalen Ort der Darstellung und Auseinandersetzung mit unterschiedlichen gesellschaftlichen Ph\u00e4nomenen erweitert, die kritisch, subversiv, verspielt oder auch ironisch beleuchtet werden.<\/span><\/p>\n<p><span style=\"margin: 0px; padding: 0cm; border: 1pt windowtext; color: #aaaaaa; font-family: 'Arial','sans-serif'; font-size: 15pt;\">Verschiedene k\u00fcnstlerische Ausdrucksformen, wie Musik, Malerei, Fotografie, Digitale Kunst, Collage, Installationen, Objekte, mediale Konstruktionen werden frei miteinander kombiniert, wobei unerwartete Mittel, Element und Materialien zum Einsatz kommen.<\/span><\/p>\n<p><span style=\"margin: 0px; padding: 0cm; border: 1pt windowtext; color: #aaaaaa; font-family: 'Arial','sans-serif'; font-size: 15pt;\">In \u201eWorld Trash Society \u201e findet eine Verschr\u00e4nkung von Kunst und Leben statt, indem Banales, Triviales und \u201eAbf\u00e4lliges\u201c zum Kunstobjekt wird. Aus der Popul\u00e4rkultur werden Zeichen, Motive und Symbole genommen, verarbeitet und neuen Bedeutungen zugef\u00fchrt.<\/span><\/p>\n<p><span style=\"margin: 0px; padding: 0cm; border: 1pt windowtext; color: #aaaaaa; font-family: 'Arial','sans-serif'; font-size: 15pt;\">\u201eWorld Trash Society&#8220; \u00fcberwindet damit die Kluft zwischen K\u00fcnstler und Publikum, befreit von Begrenzungen durch die traditionelle \u201eHohe\u201c Kunst und schafft Platz f\u00fcr popul\u00e4res Material, f\u00fcr unerwartete Element sowie v\u00f6llig neue Blickwinkel und Ausdrucksformen.<\/span><\/p>\n<p><span style=\"margin: 0px; padding: 0cm; border: 1pt windowtext; color: #aaaaaa; font-family: 'Arial','sans-serif'; font-size: 15pt;\">35 K\u00dcNSTLER:<\/span><\/p>\n<p><span style=\"margin: 0px; padding: 0cm; border: 1pt windowtext; color: #aaaaaa; font-family: 'Arial','sans-serif'; font-size: 15pt;\">ALBRECHT LUCIE, ATZENBECK THOMAS, BENTO MONTEIRO KRISSTINE, BERGMANN GUDRUN, <\/span><span style=\"margin: 0px; padding: 0cm; border: 1pt windowtext; color: #aaaaaa; font-family: 'Arial','sans-serif'; font-size: 15pt;\">BRIAN ANDR\u00c9A, BRODEN KATHRIN, BUCHHOLZ RALF, COMMANDER DAVID, DIETRICH REN\u00c9, DUBOSE GEORGE, EMMERT ELKE, FLACA, GEORGIEV IVO, GOSSE AGII, HERMAN ERMA, KUSCHE ESTHER , FISCHENICH PETER, HARTUNG ROLF, LESNER GRAZYNA, MAAS HANS, MAJEWSKI JOVITA, MORITZ ALBERT, MUCK PETER, PASKALI IRENA, RISTAU ISABEL, ROMERO NOBERTO LUIS, SCHENKER HANS, STAUBT THILO, SZABO ETIENNE, TAUGEROAD, TEUBER SVEN, TIBORIE EDGAR, VOS ANKE, ZYDEK THOMAS. <\/span><\/p>\n<p><span style=\"margin: 0px; padding: 0cm; border: 1pt windowtext; color: #aaaaaa; font-family: 'Arial','sans-serif'; font-size: 15pt;\">Programm und info unter <a href=\"http:\/\/www.aristokrass.com\/news\/world-trash-society\/\">aristokrass.com<\/a><\/span><\/p>\n<p>Download <a href=\"http:\/\/sven-teuber.info\/PDF\/FLYER\/RZ_WTS_Flyer A6\">Flyer<\/a><\/p>\n<p>Download <a href=\"http:\/\/sven-teuber.info\/PDF\/Flyer\/RZ_WTS_A3\">Plakat A3<\/a><\/p>\n<p><a href=\"https:\/\/www.bunkerk101.de\/protestnote\/\">Bunker 101<\/a><\/p>\n","protected":false},"excerpt":{"rendered":"<p>ARISTOKRASS pr\u00e4sentiert WORLD TRASH SOCIETY am 13.04.2018 bis 28.04.2018 ab 18 Uhr In Bunker K101. K\u00f6rner Str 101. 50823 K\u00d6LN Gruppenausstellung mit 35 K\u00fcnstler Gro\u00dfes Rahmenprogramm: 9 Kunst-Events mit Musik, Literatur, Performance, Video, Versteigerung von Kunstgegenst\u00e4nden sowie eine Podiumsdiskussion mit &hellip; <a href=\"https:\/\/sven-teuber.info\/wordpress\/aristokrass-praesentiert-world-trash-society\/\">Weiterlesen <span class=\"meta-nav\">&rarr;<\/span><\/a><\/p>\n","protected":false},"author":2,"featured_media":0,"comment_status":"open","ping_status":"open","sticky":false,"template":"","format":"standard","meta":{"_crdt_document":"","jetpack_post_was_ever_published":false,"_jetpack_newsletter_access":"","_jetpack_dont_email_post_to_subs":false,"_jetpack_newsletter_tier_id":0,"_jetpack_memberships_contains_paywalled_content":false,"_jetpack_memberships_contains_paid_content":false,"footnotes":"","jetpack_publicize_message":"","jetpack_publicize_feature_enabled":true,"jetpack_social_post_already_shared":true,"jetpack_social_options":{"image_generator_settings":{"template":"highway","default_image_id":0,"font":"","enabled":false},"version":2}},"categories":[23,4],"tags":[692,697,694,695,696,643,693,691],"class_list":["post-4463","post","type-post","status-publish","format-standard","hentry","category-events","category-exhibition","tag-aristokrass","tag-artrmx","tag-bunker-k101","tag-crossart","tag-galerie-eyegenart","tag-koeln","tag-kulturfestival","tag-world-trash-society"],"jetpack_publicize_connections":[],"jetpack_featured_media_url":"","jetpack_sharing_enabled":true,"jetpack_shortlink":"https:\/\/wp.me\/p3CWBT-19Z","jetpack-related-posts":[{"id":4600,"url":"https:\/\/sven-teuber.info\/wordpress\/finissage-la-fiesta-de-los-muertos-aristokrass-galerie\/","url_meta":{"origin":4463,"position":0},"title":"FINISSAGE, la fiesta de los Muertos. ARISTOKRASS GALERIE","author":"steuber","date":"20. November 2018","format":false,"excerpt":"ARISTOKRASS GALERIE | Huhnsgasse 46| 50676 K\u00f6ln | www.aristokrass.com | info@aristokrass.com \u00d6FNNUNGSZEITEN: Mi-Sa.16-20 Uhr Programm NOVEMBER 2018 Do 08 Nov|18 Uhr <PERFORMANCE K\u00fcnstler Nterview Fr 09 Nov |19 Uhr <Musik & Art Sa 10 Nov|20.00 Uhr <KONZERT CBUS Surf Rock Mi 14 Nov|18 Uhr <Art & Musik Do 15 Nov|19\u2026","rel":"","context":"In &quot;Events&quot;","block_context":{"text":"Events","link":"https:\/\/sven-teuber.info\/wordpress\/category\/events\/"},"img":{"alt_text":"","src":"https:\/\/i0.wp.com\/sven-teuber.info\/wordpress\/wp-content\/uploads\/2018\/11\/TIKKI.jpg?resize=350%2C200","width":350,"height":200,"srcset":"https:\/\/i0.wp.com\/sven-teuber.info\/wordpress\/wp-content\/uploads\/2018\/11\/TIKKI.jpg?resize=350%2C200 1x, https:\/\/i0.wp.com\/sven-teuber.info\/wordpress\/wp-content\/uploads\/2018\/11\/TIKKI.jpg?resize=525%2C300 1.5x, https:\/\/i0.wp.com\/sven-teuber.info\/wordpress\/wp-content\/uploads\/2018\/11\/TIKKI.jpg?resize=700%2C400 2x"},"classes":[]},{"id":5332,"url":"https:\/\/sven-teuber.info\/wordpress\/ausstellung-vernissage-global-change-vom-09-09-20-30-10-20\/","url_meta":{"origin":4463,"position":1},"title":"Ausstellung \/ Vernissage Global Change vom 09.09.20 \u2013 30.10.20","author":"steuber","date":"3. September 2020","format":false,"excerpt":"Eintritt mit\u00a0\u00a0Hygienema\u00dfnahmen, Datenabgabe und Mundschutz ARISTOKRASS GALERIE |\u00a0Huhnsgasse 46| 50676 K\u00f6ln\u00a0| www.aristokrass.com | info@aristokrass.com EVENTS und LIVESTREAM( FB Krisstine Bento Monteiro, Youtube Aristokrasslive) Global Change \u00a0 *K\u00dcNSTLER: AUERSWALD MICHAELA, BEHRENDT PASCAL, BENTO MONTEIRO KRISSTINE, BLUME RENEE, B\u00d6XKES ANDRE, DUBOSE GEORGE, J\u00d6HRING MARKUS, FISCHENICH PETER, GOSSE AGII , KLOC JANUSZ, KNECHT\u2026","rel":"","context":"In &quot;Allgemein&quot;","block_context":{"text":"Allgemein","link":"https:\/\/sven-teuber.info\/wordpress\/category\/allgemein\/"},"img":{"alt_text":"","src":"https:\/\/i0.wp.com\/sven-teuber.info\/wordpress\/wp-content\/uploads\/2020\/09\/Maarkus-Schulze-Earth-2020.jpg?resize=350%2C200","width":350,"height":200,"srcset":"https:\/\/i0.wp.com\/sven-teuber.info\/wordpress\/wp-content\/uploads\/2020\/09\/Maarkus-Schulze-Earth-2020.jpg?resize=350%2C200 1x, https:\/\/i0.wp.com\/sven-teuber.info\/wordpress\/wp-content\/uploads\/2020\/09\/Maarkus-Schulze-Earth-2020.jpg?resize=525%2C300 1.5x, https:\/\/i0.wp.com\/sven-teuber.info\/wordpress\/wp-content\/uploads\/2020\/09\/Maarkus-Schulze-Earth-2020.jpg?resize=700%2C400 2x, https:\/\/i0.wp.com\/sven-teuber.info\/wordpress\/wp-content\/uploads\/2020\/09\/Maarkus-Schulze-Earth-2020.jpg?resize=1050%2C600 3x, https:\/\/i0.wp.com\/sven-teuber.info\/wordpress\/wp-content\/uploads\/2020\/09\/Maarkus-Schulze-Earth-2020.jpg?resize=1400%2C800 4x"},"classes":[]},{"id":5209,"url":"https:\/\/sven-teuber.info\/wordpress\/ausstellung-digital-shit-im-aristokrass-galerie-koeln-vom-29-02-20-04-04-20\/","url_meta":{"origin":4463,"position":2},"title":"Ausstellung Digital Shit in der Aristokrass Galerie (K\u00f6ln) vom 29.02.20 &#8211; 04.04.20","author":"steuber","date":"23. Februar 2020","format":false,"excerpt":"ARISTOKRASS GALERIE | Huhnsgasse 46| 50676 K\u00f6ln | www.aristokrass.com | info@aristokrass.com \u00d6FNNUNGSZEITEN: Mi-Sa.16-20 Uhr *K\u00dcNSTLER: BENTO MONTEIRO KRISSTINE, BERGMANN ANNO, BRAND AXEL, DUBOSE GEORGE, EMHA, FISCHENICH PETER, GAJD\u00c1CS ZAKARIAS, GOSSE AGII, HECKERT RICHARD ALEXANDER, J\u00d6HRING MARKUS, KLOC JANUSZ, KNECHT RUTH, NODEPOND, SARI HAVVA, SCHULZE MARKUS, TEUBER SVEN, ZYDEK THOMAS. In\u2026","rel":"","context":"In &quot;Allgemein&quot;","block_context":{"text":"Allgemein","link":"https:\/\/sven-teuber.info\/wordpress\/category\/allgemein\/"},"img":{"alt_text":"","src":"https:\/\/i0.wp.com\/sven-teuber.info\/wordpress\/wp-content\/uploads\/2020\/02\/Flyer-Digital-Kopie.jpg?resize=350%2C200","width":350,"height":200,"srcset":"https:\/\/i0.wp.com\/sven-teuber.info\/wordpress\/wp-content\/uploads\/2020\/02\/Flyer-Digital-Kopie.jpg?resize=350%2C200 1x, https:\/\/i0.wp.com\/sven-teuber.info\/wordpress\/wp-content\/uploads\/2020\/02\/Flyer-Digital-Kopie.jpg?resize=525%2C300 1.5x, https:\/\/i0.wp.com\/sven-teuber.info\/wordpress\/wp-content\/uploads\/2020\/02\/Flyer-Digital-Kopie.jpg?resize=700%2C400 2x, https:\/\/i0.wp.com\/sven-teuber.info\/wordpress\/wp-content\/uploads\/2020\/02\/Flyer-Digital-Kopie.jpg?resize=1050%2C600 3x, https:\/\/i0.wp.com\/sven-teuber.info\/wordpress\/wp-content\/uploads\/2020\/02\/Flyer-Digital-Kopie.jpg?resize=1400%2C800 4x"},"classes":[]},{"id":4439,"url":"https:\/\/sven-teuber.info\/wordpress\/bekanntmachung-fuer-april-ausstellung\/","url_meta":{"origin":4463,"position":3},"title":"Bekanntmachung f\u00fcr April Ausstellung","author":"steuber","date":"2. M\u00e4rz 2018","format":false,"excerpt":"Das Manifest der Unvernunft: TRASH ist der Ursprung, Dada das Zentrum und im Mittelpunkt steht der Bunker. Wann, Wo folgt....nnn","rel":"","context":"In &quot;Allgemein&quot;","block_context":{"text":"Allgemein","link":"https:\/\/sven-teuber.info\/wordpress\/category\/allgemein\/"},"img":{"alt_text":"","src":"https:\/\/i0.wp.com\/sven-teuber.info\/wordpress\/wp-content\/uploads\/2018\/03\/D71A7C14-567E-47D2-9581-C0316A177FC0.jpeg?resize=350%2C200","width":350,"height":200,"srcset":"https:\/\/i0.wp.com\/sven-teuber.info\/wordpress\/wp-content\/uploads\/2018\/03\/D71A7C14-567E-47D2-9581-C0316A177FC0.jpeg?resize=350%2C200 1x, https:\/\/i0.wp.com\/sven-teuber.info\/wordpress\/wp-content\/uploads\/2018\/03\/D71A7C14-567E-47D2-9581-C0316A177FC0.jpeg?resize=525%2C300 1.5x, https:\/\/i0.wp.com\/sven-teuber.info\/wordpress\/wp-content\/uploads\/2018\/03\/D71A7C14-567E-47D2-9581-C0316A177FC0.jpeg?resize=700%2C400 2x, https:\/\/i0.wp.com\/sven-teuber.info\/wordpress\/wp-content\/uploads\/2018\/03\/D71A7C14-567E-47D2-9581-C0316A177FC0.jpeg?resize=1050%2C600 3x, https:\/\/i0.wp.com\/sven-teuber.info\/wordpress\/wp-content\/uploads\/2018\/03\/D71A7C14-567E-47D2-9581-C0316A177FC0.jpeg?resize=1400%2C800 4x"},"classes":[]},{"id":4569,"url":"https:\/\/sven-teuber.info\/wordpress\/la-fiesta-de-los-muertos\/","url_meta":{"origin":4463,"position":4},"title":"Ausstellung, LA FIESTA DE LOS MUERTOS","author":"steuber","date":"21. September 2018","format":false,"excerpt":"ST Titel: Santa Muerte, 2018 ARISTOKRASS GALERIE Huhnsgasse 46 | 50676 K\u00f6ln | www.aristokrass.com | info@aristokrass.com\u00d6FFNNUNGSZEITEN: Mi.-Sa. | 16-20 Uhr LA FIESTA DE LOS MUERTOS AUSSTELLUNG vom 19.10.18 - 24.11.18Vernissage am 19.10.18 ab 19 Uhr In der neuen Ausstellungsreihe \u201eLA FIESTA DE LOS MUERTOS\u201c von ARISTOKRASS wird die Galerie ARISTOKRASS\u2026","rel":"","context":"In &quot;Photographie&quot;","block_context":{"text":"Photographie","link":"https:\/\/sven-teuber.info\/wordpress\/category\/photographie\/"},"img":{"alt_text":"","src":"https:\/\/i0.wp.com\/sven-teuber.info\/wordpress\/wp-content\/uploads\/2018\/09\/Santa-Muerte.jpg?resize=350%2C200&ssl=1","width":350,"height":200},"classes":[]},{"id":6277,"url":"https:\/\/sven-teuber.info\/wordpress\/koerner-strasse-in-koeln-ehrenfeld\/","url_meta":{"origin":4463,"position":5},"title":"K\u00f6rner Stra\u00dfe in K\u00f6ln Ehrenfeld","author":"steuber","date":"21. Juni 2024","format":false,"excerpt":"Entdeckungen auf der K\u00f6rner Stra\u00dfe in K\u00f6ln Ehrenfeld: Ein fotografisches Abenteuer Die K\u00f6rner Stra\u00dfe in Ehrenfeld ist ein Paradies f\u00fcr Fotografen und Kunstliebhaber der StreetArt. Besonders w\u00e4hrend der Ausstellung STUDIO COLOGNE (24. Mai - 23. Juni 2024) verwandelt sich die charmante Stra\u00dfe in eine lebendige Galerie. Die historische Architektur der\u2026","rel":"","context":"In &quot;Allgemein&quot;","block_context":{"text":"Allgemein","link":"https:\/\/sven-teuber.info\/wordpress\/category\/allgemein\/"},"img":{"alt_text":"","src":"https:\/\/i0.wp.com\/sven-teuber.info\/wordpress\/wp-content\/uploads\/2024\/06\/MG_3869-A-200x300.jpg?resize=350%2C200&ssl=1","width":350,"height":200},"classes":[]}],"jetpack_likes_enabled":true,"_links":{"self":[{"href":"https:\/\/sven-teuber.info\/wordpress\/wp-json\/wp\/v2\/posts\/4463","targetHints":{"allow":["GET"]}}],"collection":[{"href":"https:\/\/sven-teuber.info\/wordpress\/wp-json\/wp\/v2\/posts"}],"about":[{"href":"https:\/\/sven-teuber.info\/wordpress\/wp-json\/wp\/v2\/types\/post"}],"author":[{"embeddable":true,"href":"https:\/\/sven-teuber.info\/wordpress\/wp-json\/wp\/v2\/users\/2"}],"replies":[{"embeddable":true,"href":"https:\/\/sven-teuber.info\/wordpress\/wp-json\/wp\/v2\/comments?post=4463"}],"version-history":[{"count":14,"href":"https:\/\/sven-teuber.info\/wordpress\/wp-json\/wp\/v2\/posts\/4463\/revisions"}],"predecessor-version":[{"id":4481,"href":"https:\/\/sven-teuber.info\/wordpress\/wp-json\/wp\/v2\/posts\/4463\/revisions\/4481"}],"wp:attachment":[{"href":"https:\/\/sven-teuber.info\/wordpress\/wp-json\/wp\/v2\/media?parent=4463"}],"wp:term":[{"taxonomy":"category","embeddable":true,"href":"https:\/\/sven-teuber.info\/wordpress\/wp-json\/wp\/v2\/categories?post=4463"},{"taxonomy":"post_tag","embeddable":true,"href":"https:\/\/sven-teuber.info\/wordpress\/wp-json\/wp\/v2\/tags?post=4463"}],"curies":[{"name":"wp","href":"https:\/\/api.w.org\/{rel}","templated":true}]}}