{"id":4515,"date":"2018-07-16T23:54:04","date_gmt":"2018-07-16T21:54:04","guid":{"rendered":"http:\/\/sven-teuber.info\/wordpress\/?p=4515"},"modified":"2018-07-16T23:54:04","modified_gmt":"2018-07-16T21:54:04","slug":"titel-moral-teaching-2018","status":"publish","type":"post","link":"https:\/\/sven-teuber.info\/wordpress\/titel-moral-teaching-2018\/","title":{"rendered":"Titel: Moral Teaching, 2018"},"content":{"rendered":"<div id=\"attachment_4514\" style=\"width: 3754px\" class=\"wp-caption aligncenter\"><a href=\"https:\/\/sven-teuber.info\/wordpress\/moral-teaching\/\"><img data-recalc-dims=\"1\" loading=\"lazy\" decoding=\"async\" aria-describedby=\"caption-attachment-4514\" data-attachment-id=\"4514\" data-permalink=\"https:\/\/sven-teuber.info\/wordpress\/titel-moral-teaching-2018\/moral-teaching\/\" data-orig-file=\"https:\/\/i0.wp.com\/sven-teuber.info\/wordpress\/wp-content\/uploads\/2018\/07\/Moral-teaching.jpg?fit=3744%2C4992&amp;ssl=1\" data-orig-size=\"3744,4992\" data-comments-opened=\"1\" data-image-meta=\"{&quot;aperture&quot;:&quot;1.9&quot;,&quot;credit&quot;:&quot;&quot;,&quot;camera&quot;:&quot;Lumia 950 Dual SIM&quot;,&quot;caption&quot;:&quot;&quot;,&quot;created_timestamp&quot;:&quot;1475273902&quot;,&quot;copyright&quot;:&quot;&quot;,&quot;focal_length&quot;:&quot;0&quot;,&quot;iso&quot;:&quot;1000&quot;,&quot;shutter_speed&quot;:&quot;0.167054&quot;,&quot;title&quot;:&quot;&quot;,&quot;orientation&quot;:&quot;1&quot;}\" data-image-title=\"Moral Teaching\" data-image-description=\"\" data-image-caption=\"&lt;p&gt;Titel: Moral Teaching, 2018&lt;\/p&gt;\n\" data-large-file=\"https:\/\/i0.wp.com\/sven-teuber.info\/wordpress\/wp-content\/uploads\/2018\/07\/Moral-teaching.jpg?fit=584%2C779&amp;ssl=1\" class=\"size-full wp-image-4514\" src=\"https:\/\/i0.wp.com\/sven-teuber.info\/wordpress\/wp-content\/uploads\/2018\/07\/Moral-teaching.jpg?resize=584%2C779&#038;ssl=1\" alt=\"\" width=\"584\" height=\"779\" srcset=\"https:\/\/i0.wp.com\/sven-teuber.info\/wordpress\/wp-content\/uploads\/2018\/07\/Moral-teaching.jpg?w=3744&amp;ssl=1 3744w, https:\/\/i0.wp.com\/sven-teuber.info\/wordpress\/wp-content\/uploads\/2018\/07\/Moral-teaching.jpg?resize=225%2C300&amp;ssl=1 225w, https:\/\/i0.wp.com\/sven-teuber.info\/wordpress\/wp-content\/uploads\/2018\/07\/Moral-teaching.jpg?resize=768%2C1024&amp;ssl=1 768w, https:\/\/i0.wp.com\/sven-teuber.info\/wordpress\/wp-content\/uploads\/2018\/07\/Moral-teaching.jpg?resize=180%2C240&amp;ssl=1 180w, https:\/\/i0.wp.com\/sven-teuber.info\/wordpress\/wp-content\/uploads\/2018\/07\/Moral-teaching.jpg?w=1168&amp;ssl=1 1168w, https:\/\/i0.wp.com\/sven-teuber.info\/wordpress\/wp-content\/uploads\/2018\/07\/Moral-teaching.jpg?w=1752&amp;ssl=1 1752w\" sizes=\"auto, (max-width: 584px) 100vw, 584px\" \/><\/a><p id=\"caption-attachment-4514\" class=\"wp-caption-text\">Titel: Moral Teaching, 2018<\/p><\/div>\n<p>Der Wiederspruch feiert sein Jubil\u00e4um in den sozialen Medien.\u00a0<span style=\"display: inline !important; float: none; background-color: transparent; color: #333333; cursor: text; font-family: 'Helvetica Neue',Helvetica,Arial,'Nimbus Sans L',sans-serif; font-size: 15px; font-style: normal; font-variant: normal; font-weight: 300; letter-spacing: normal; orphans: 2; text-align: left; text-decoration: none; text-indent: 0px; text-transform: none; -webkit-text-stroke-width: 0px; white-space: normal; word-spacing: 0px;\">Das Monster lebt. <\/span>Soziale Beziehungsnetzwerke verselbstst\u00e4ndigen sich in einen verst\u00f6renden, finsteren Ort. Die Abgr\u00fcnde der menschlichen Existenz haben einen passenden Zufluchtsort f\u00fcr Kommentare, Beleidigungen, Mobbing, L\u00fcgen, Wahrheiten, Verschw\u00f6rungen und Informationen gefunden.\u00a0Soziale Medien, der best\u00e4ndige Kampf gegen die st\u00e4ndige Ablenkung \u00dcberall sieht man heute Leute, die auf ihr Mobiltelefon oder \u00e4hnliche Ger\u00e4te starren. Die Zeit ist gekommen f\u00fcr Kannibalen.<\/p>\n<blockquote class=\"wp-embedded-content\" data-secret=\"ucZfpWvGsp\"><p><a href=\"https:\/\/socialmediaone.de\/mediennutzung-soziale-netzwerke-marketing-studien\/\">Mediennutzung in sozialen Netzwerken: Die wichtigsten Marketing Studien f\u00fcr 2017<\/a><\/p><\/blockquote>\n<p><iframe loading=\"lazy\" class=\"wp-embedded-content\" sandbox=\"allow-scripts\" security=\"restricted\" style=\"position: absolute; clip: rect(1px, 1px, 1px, 1px);\" title=\"&#8222;Mediennutzung in sozialen Netzwerken: Die wichtigsten Marketing Studien f\u00fcr 2017&#8220; &#8212; Social Media Agentur\" src=\"https:\/\/socialmediaone.de\/mediennutzung-soziale-netzwerke-marketing-studien\/embed\/#?secret=5FxPNiLlvV#?secret=ucZfpWvGsp\" data-secret=\"ucZfpWvGsp\" width=\"584\" height=\"329\" frameborder=\"0\" marginwidth=\"0\" marginheight=\"0\" scrolling=\"no\"><\/iframe><\/p>\n","protected":false},"excerpt":{"rendered":"<p>Der Wiederspruch feiert sein Jubil\u00e4um in den sozialen Medien.\u00a0Das Monster lebt. Soziale Beziehungsnetzwerke verselbstst\u00e4ndigen sich in einen verst\u00f6renden, finsteren Ort. Die Abgr\u00fcnde der menschlichen Existenz haben einen passenden Zufluchtsort f\u00fcr Kommentare, Beleidigungen, Mobbing, L\u00fcgen, Wahrheiten, Verschw\u00f6rungen und Informationen gefunden.\u00a0Soziale Medien, &hellip; <a href=\"https:\/\/sven-teuber.info\/wordpress\/titel-moral-teaching-2018\/\">Weiterlesen <span class=\"meta-nav\">&rarr;<\/span><\/a><\/p>\n","protected":false},"author":2,"featured_media":0,"comment_status":"open","ping_status":"open","sticky":false,"template":"","format":"standard","meta":{"_crdt_document":"","jetpack_post_was_ever_published":false,"_jetpack_newsletter_access":"","_jetpack_dont_email_post_to_subs":false,"_jetpack_newsletter_tier_id":0,"_jetpack_memberships_contains_paywalled_content":false,"_jetpack_memberships_contains_paid_content":false,"footnotes":"","jetpack_publicize_message":"","jetpack_publicize_feature_enabled":true,"jetpack_social_post_already_shared":true,"jetpack_social_options":{"image_generator_settings":{"template":"highway","default_image_id":0,"font":"","enabled":false},"version":2}},"categories":[3,8,502],"tags":[698,699],"class_list":["post-4515","post","type-post","status-publish","format-standard","hentry","category-for-your-information","category-foto-stretch","category-politik","tag-moral-teaching","tag-soziale-beziehungsnetzwerke"],"jetpack_publicize_connections":[],"jetpack_featured_media_url":"","jetpack_sharing_enabled":true,"jetpack_shortlink":"https:\/\/wp.me\/p3CWBT-1aP","jetpack-related-posts":[{"id":5252,"url":"https:\/\/sven-teuber.info\/wordpress\/ich-fuehle-also-bin-ich-theologischer-ausblick\/","url_meta":{"origin":4515,"position":0},"title":"Ich f\u00fchle, also bin ich? | Theologischer Ausblick","author":"steuber","date":"8. M\u00e4rz 2020","format":false,"excerpt":"http:\/\/theologischer-ausblick.com\/grau-hypermoral-lust-empoerung Hypermoral In unserer postreligi\u00f6sen Gesellschaft ist das Moralin zum Religionsersatz mutiert. Oder mit etwas mehr Charme und an Anlehnung an das Titelbild formuliert: Hypermoral ist der menschlich-sakrale Zeigefinger in der Wunde des Kr\u00e4nkungsfetischismus. \u201eWir leben im Zeitalter der Hypermoral.\u201c Mit diesem Postulat beginnt das j\u00fcngste Buch des Essayisten Alexander\u2026","rel":"","context":"In &quot;Allgemein&quot;","block_context":{"text":"Allgemein","link":"https:\/\/sven-teuber.info\/wordpress\/category\/allgemein\/"},"img":{"alt_text":"","src":"","width":0,"height":0},"classes":[]},{"id":4150,"url":"https:\/\/sven-teuber.info\/wordpress\/titel-dada-is-not-selfie\/","url_meta":{"origin":4515,"position":1},"title":"Titel: &#8222;Dada is not Selfie&#8220;","author":"steuber","date":"14. Mai 2017","format":false,"excerpt":"Aktuelles DAS SELFIE-PROJEKT Gruppenausstellung K\u00fcnstlernetzwerk crossart international Galerie & Antiquariat Rolf Hartung Beteiligte K\u00fcnstler: matoon, Torsten Wolber, LEONI A. J\u00e4kel, Bina Placzek-Theisen, Ebba Jahn, Peter M\u00fcck, Karin M\u00fchlwitz (kam\u00fa), Sylvia Reu\u00dfe, Sylvia D\u00f6lz, Petra Nettesheim, Manfred F\u00fcrth, Gitti Richardson, Chris Schulz, Hans Kohl, Alexis Derchain, Sven Teuber, Gabriele M\u00fcller, Jochen\u2026","rel":"","context":"In &quot;Exhibition&quot;","block_context":{"text":"Exhibition","link":"https:\/\/sven-teuber.info\/wordpress\/category\/exhibition\/"},"img":{"alt_text":"","src":"https:\/\/i0.wp.com\/sven-teuber.info\/wordpress\/wp-content\/uploads\/2017\/05\/Dada-is-not-Selfie.jpg?resize=350%2C200","width":350,"height":200,"srcset":"https:\/\/i0.wp.com\/sven-teuber.info\/wordpress\/wp-content\/uploads\/2017\/05\/Dada-is-not-Selfie.jpg?resize=350%2C200 1x, https:\/\/i0.wp.com\/sven-teuber.info\/wordpress\/wp-content\/uploads\/2017\/05\/Dada-is-not-Selfie.jpg?resize=525%2C300 1.5x, https:\/\/i0.wp.com\/sven-teuber.info\/wordpress\/wp-content\/uploads\/2017\/05\/Dada-is-not-Selfie.jpg?resize=700%2C400 2x, https:\/\/i0.wp.com\/sven-teuber.info\/wordpress\/wp-content\/uploads\/2017\/05\/Dada-is-not-Selfie.jpg?resize=1050%2C600 3x"},"classes":[]},{"id":4052,"url":"https:\/\/sven-teuber.info\/wordpress\/selfies-selbstbezogene-kapitulation\/","url_meta":{"origin":4515,"position":2},"title":"Selfies, selbstbezogene Kapitulation?","author":"steuber","date":"5. Februar 2017","format":"chat","excerpt":"DAS SELFIE-PROJEKT von Crossart International Dieses Ausstellungsprojekt schl\u00e4gt im Puls der Zeit. Doch wir nehmen die heutige Definition des SELFIES nur als Ausgangspunkt dieses spannenden Projektes. Weiterlesen\u2026. Selfies, selbstbezogene Kapitulation? oder die Sucht nach Selbstbest\u00e4tigung. Schmollmund, tiefer Ausschnitt, Tattoos auf nackter Haut. Auf Instagram und anderen sozialen Netzwerken gibt es\u2026","rel":"","context":"In &quot;Exhibition&quot;","block_context":{"text":"Exhibition","link":"https:\/\/sven-teuber.info\/wordpress\/category\/exhibition\/"},"img":{"alt_text":"","src":"https:\/\/i0.wp.com\/sven-teuber.info\/wordpress\/wp-content\/uploads\/2017\/02\/Selfie-copy.jpg?resize=350%2C200","width":350,"height":200,"srcset":"https:\/\/i0.wp.com\/sven-teuber.info\/wordpress\/wp-content\/uploads\/2017\/02\/Selfie-copy.jpg?resize=350%2C200 1x, https:\/\/i0.wp.com\/sven-teuber.info\/wordpress\/wp-content\/uploads\/2017\/02\/Selfie-copy.jpg?resize=525%2C300 1.5x, https:\/\/i0.wp.com\/sven-teuber.info\/wordpress\/wp-content\/uploads\/2017\/02\/Selfie-copy.jpg?resize=700%2C400 2x"},"classes":[]},{"id":5364,"url":"https:\/\/sven-teuber.info\/wordpress\/titel-von-ameisen-und-wuermern-2020-st\/","url_meta":{"origin":4515,"position":3},"title":"Titel: Von Ameisen und W\u00fcrmern, 2020, ST","author":"steuber","date":"10. November 2020","format":false,"excerpt":"Von der Aufmerksamkeits-\u00d6konomie zur desinformierten Gesellschaft? Die Desinformations-Flut in den Medien, Suchmaschinen und sozialen Netzwerken l\u00e4sst sich als Ergebnis einer medien\u00f6konomischen Entwicklung verstehen. Verantwortlich f\u00fcr eine Verbesserung der Situation sind aber nicht nur die Plattformen, sondern auch das Publikum und die Politik. Warum Europa \"Allianzen f\u00fcr die Aufkl\u00e4rung\" braucht. Je\u2026","rel":"","context":"In &quot;Allgemein&quot;","block_context":{"text":"Allgemein","link":"https:\/\/sven-teuber.info\/wordpress\/category\/allgemein\/"},"img":{"alt_text":"","src":"https:\/\/i0.wp.com\/sven-teuber.info\/wordpress\/wp-content\/uploads\/2020\/11\/Ameise-scaled.jpg?resize=350%2C200&ssl=1","width":350,"height":200,"srcset":"https:\/\/i0.wp.com\/sven-teuber.info\/wordpress\/wp-content\/uploads\/2020\/11\/Ameise-scaled.jpg?resize=350%2C200&ssl=1 1x, https:\/\/i0.wp.com\/sven-teuber.info\/wordpress\/wp-content\/uploads\/2020\/11\/Ameise-scaled.jpg?resize=525%2C300&ssl=1 1.5x, https:\/\/i0.wp.com\/sven-teuber.info\/wordpress\/wp-content\/uploads\/2020\/11\/Ameise-scaled.jpg?resize=700%2C400&ssl=1 2x, https:\/\/i0.wp.com\/sven-teuber.info\/wordpress\/wp-content\/uploads\/2020\/11\/Ameise-scaled.jpg?resize=1050%2C600&ssl=1 3x, https:\/\/i0.wp.com\/sven-teuber.info\/wordpress\/wp-content\/uploads\/2020\/11\/Ameise-scaled.jpg?resize=1400%2C800&ssl=1 4x"},"classes":[]},{"id":3337,"url":"https:\/\/sven-teuber.info\/wordpress\/wenn-die-gutmenschen-die-kontrolle-verlieren\/","url_meta":{"origin":4515,"position":4},"title":"Wenn die Gutmenschen die Kontrolle verlieren\u2026","author":"steuber","date":"29. Januar 2016","format":false,"excerpt":"Sp\u00e4tsommer 2015, Angela Merkel meint es gut: Sie macht sich Sorgen um die Fl\u00fcchtlinge, die sich an den europ\u00e4ischen Grenzen ansammeln, unertr\u00e4gliche Bilder der Verzweiflung, und entgegen ihrem \u00fcblichen Pragmatismus entscheidet sie im Alleingang, dass Deutschland ihr humanes Gesicht zeigen soll, Willkommenskultur statt durchdachte Politik, zahlreiche freiwillige HelferInnen im Schlepptau,\u2026","rel":"","context":"In &quot;For your Information&quot;","block_context":{"text":"For your Information","link":"https:\/\/sven-teuber.info\/wordpress\/category\/for-your-information\/"},"img":{"alt_text":"Aufruf","src":"https:\/\/i0.wp.com\/sven-teuber.info\/wordpress\/wp-content\/uploads\/2016\/01\/Aufruf.jpg?resize=350%2C200","width":350,"height":200,"srcset":"https:\/\/i0.wp.com\/sven-teuber.info\/wordpress\/wp-content\/uploads\/2016\/01\/Aufruf.jpg?resize=350%2C200 1x, https:\/\/i0.wp.com\/sven-teuber.info\/wordpress\/wp-content\/uploads\/2016\/01\/Aufruf.jpg?resize=525%2C300 1.5x"},"classes":[]},{"id":4783,"url":"https:\/\/sven-teuber.info\/wordpress\/coexist-with-humans-6-2\/","url_meta":{"origin":4515,"position":5},"title":"Coexist with humans (6)","author":"steuber","date":"5. April 2019","format":false,"excerpt":"ST, 2019, Title: Coexist with humans (6) Auf dem Weg nach Robonien \u2013 Besserer Mensch oder perfekte Maschine? \"Roboter, der metallene Traum der Menschheit: Intelligente Gesch\u00f6pfe, erschaffen durch unsere Hand. Sie interagieren mit uns, arbeiten f\u00fcr uns, bedienen und fahren uns. Doch zwischen maschineller Automatisierung und sozialer Roboterarbeit stolpern wir\u2026","rel":"","context":"In &quot;Allgemein&quot;","block_context":{"text":"Allgemein","link":"https:\/\/sven-teuber.info\/wordpress\/category\/allgemein\/"},"img":{"alt_text":"","src":"https:\/\/i0.wp.com\/sven-teuber.info\/wordpress\/wp-content\/uploads\/2019\/04\/Humans-6.jpg?resize=350%2C200&ssl=1","width":350,"height":200,"srcset":"https:\/\/i0.wp.com\/sven-teuber.info\/wordpress\/wp-content\/uploads\/2019\/04\/Humans-6.jpg?resize=350%2C200&ssl=1 1x, https:\/\/i0.wp.com\/sven-teuber.info\/wordpress\/wp-content\/uploads\/2019\/04\/Humans-6.jpg?resize=525%2C300&ssl=1 1.5x, https:\/\/i0.wp.com\/sven-teuber.info\/wordpress\/wp-content\/uploads\/2019\/04\/Humans-6.jpg?resize=700%2C400&ssl=1 2x, https:\/\/i0.wp.com\/sven-teuber.info\/wordpress\/wp-content\/uploads\/2019\/04\/Humans-6.jpg?resize=1050%2C600&ssl=1 3x"},"classes":[]}],"jetpack_likes_enabled":true,"_links":{"self":[{"href":"https:\/\/sven-teuber.info\/wordpress\/wp-json\/wp\/v2\/posts\/4515","targetHints":{"allow":["GET"]}}],"collection":[{"href":"https:\/\/sven-teuber.info\/wordpress\/wp-json\/wp\/v2\/posts"}],"about":[{"href":"https:\/\/sven-teuber.info\/wordpress\/wp-json\/wp\/v2\/types\/post"}],"author":[{"embeddable":true,"href":"https:\/\/sven-teuber.info\/wordpress\/wp-json\/wp\/v2\/users\/2"}],"replies":[{"embeddable":true,"href":"https:\/\/sven-teuber.info\/wordpress\/wp-json\/wp\/v2\/comments?post=4515"}],"version-history":[{"count":2,"href":"https:\/\/sven-teuber.info\/wordpress\/wp-json\/wp\/v2\/posts\/4515\/revisions"}],"predecessor-version":[{"id":4517,"href":"https:\/\/sven-teuber.info\/wordpress\/wp-json\/wp\/v2\/posts\/4515\/revisions\/4517"}],"wp:attachment":[{"href":"https:\/\/sven-teuber.info\/wordpress\/wp-json\/wp\/v2\/media?parent=4515"}],"wp:term":[{"taxonomy":"category","embeddable":true,"href":"https:\/\/sven-teuber.info\/wordpress\/wp-json\/wp\/v2\/categories?post=4515"},{"taxonomy":"post_tag","embeddable":true,"href":"https:\/\/sven-teuber.info\/wordpress\/wp-json\/wp\/v2\/tags?post=4515"}],"curies":[{"name":"wp","href":"https:\/\/api.w.org\/{rel}","templated":true}]}}