{"id":4518,"date":"2018-07-17T22:29:51","date_gmt":"2018-07-17T20:29:51","guid":{"rendered":"http:\/\/sven-teuber.info\/wordpress\/?p=4518"},"modified":"2018-07-17T22:33:10","modified_gmt":"2018-07-17T20:33:10","slug":"lascension-bon-film%ef%bb%bf-francais-avec-ahmed-sylla","status":"publish","type":"post","link":"https:\/\/sven-teuber.info\/wordpress\/lascension-bon-film%ef%bb%bf-francais-avec-ahmed-sylla\/","title":{"rendered":"L&#8217;Ascension, bon film\ufeff Fran\u00e7ais avec Ahmed Sylla"},"content":{"rendered":"<p><span class=\"embed-youtube\" style=\"text-align:center; display: block;\"><iframe loading=\"lazy\" class=\"youtube-player\" width=\"584\" height=\"329\" src=\"https:\/\/www.youtube.com\/embed\/5dGyDzZIbXI?version=3&#038;rel=1&#038;showsearch=0&#038;showinfo=1&#038;iv_load_policy=1&#038;fs=1&#038;hl=de-DE&#038;autohide=2&#038;wmode=transparent\" allowfullscreen=\"true\" style=\"border:0;\" sandbox=\"allow-scripts allow-same-origin allow-popups allow-presentation allow-popups-to-escape-sandbox\"><\/iframe><\/span><\/p>\n<div class=\"titlebar \">\n<h2 class=\"titlebar-title titlebar-title-md\">Synopsis et d\u00e9tails<\/h2>\n<\/div>\n<div class=\"content-txt\">&#8222;<em>Pour toi, je pourrais gravir l\u2019Everest !\u00bb Samy aurait mieux fait de se taire ce jour-l\u00e0&#8230; D\u2019autant que Nadia ne croit pas beaucoup \u00e0 ses belles paroles. Et pourtant\u2026 Par amour pour elle, Samy quitte sa cit\u00e9 HLM et part gravir les mythiques 8848 m\u00e8tres qui font de l\u2019Everest le Toit du monde. Un d\u00e9part qui fait vibrer ses copains, puis tout le 93 et c\u2019est bient\u00f4t la France enti\u00e8re qui suit avec \u00e9motion les exploits de ce jeune mec ordinaire mais amoureux. A la cl\u00e9, un message d\u2019espoir : \u00e0 chacun d\u2019inventer son avenir, puisque tout est possible<\/em>&#8222;. <a href=\"http:\/\/www.allocine.fr\/film\/fichefilm_gen_cfilm=247045.html\">Source<\/a><\/div>\n","protected":false},"excerpt":{"rendered":"<p>Synopsis et d\u00e9tails &#8222;Pour toi, je pourrais gravir l\u2019Everest !\u00bb Samy aurait mieux fait de se taire ce jour-l\u00e0&#8230; D\u2019autant que Nadia ne croit pas beaucoup \u00e0 ses belles paroles. Et pourtant\u2026 Par amour pour elle, Samy quitte sa cit\u00e9 &hellip; <a href=\"https:\/\/sven-teuber.info\/wordpress\/lascension-bon-film%ef%bb%bf-francais-avec-ahmed-sylla\/\">Weiterlesen <span class=\"meta-nav\">&rarr;<\/span><\/a><\/p>\n","protected":false},"author":2,"featured_media":0,"comment_status":"open","ping_status":"open","sticky":false,"template":"","format":"standard","meta":{"_crdt_document":"","jetpack_post_was_ever_published":false,"_jetpack_newsletter_access":"","_jetpack_dont_email_post_to_subs":false,"_jetpack_newsletter_tier_id":0,"_jetpack_memberships_contains_paywalled_content":false,"_jetpack_memberships_contains_paid_content":false,"footnotes":"","jetpack_publicize_message":"","jetpack_publicize_feature_enabled":true,"jetpack_social_post_already_shared":true,"jetpack_social_options":{"image_generator_settings":{"template":"highway","default_image_id":0,"font":"","enabled":false},"version":2}},"categories":[310,22],"tags":[700],"class_list":["post-4518","post","type-post","status-publish","format-standard","hentry","category-cinema","category-video","tag-lascension"],"jetpack_publicize_connections":[],"jetpack_featured_media_url":"","jetpack_sharing_enabled":true,"jetpack_shortlink":"https:\/\/wp.me\/p3CWBT-1aS","jetpack-related-posts":[{"id":3339,"url":"https:\/\/sven-teuber.info\/wordpress\/quand-lallemagne-bien-pensante-perd-le-controle-delle-meme\/","url_meta":{"origin":4518,"position":0},"title":"Quand l\u2019Allemagne bien-pensante perd le contr\u00f4le d\u2019elle-m\u00eame.","author":"steuber","date":"29. Januar 2016","format":false,"excerpt":"Fin de l\u2019\u00e9t\u00e9 2015, tout partait d\u2019un bon sentiment : Angela Merkel s\u2019apitoie sur le sort des r\u00e9fugi\u00e9s qui affluent aux fronti\u00e8res europ\u00e9ennes, des images insupportables tournent en boucle, et, contrairement \u00e0 ses habitudes empreintes de pragmatisme, elle d\u00e9cide en solo de faire de l\u2019Allemagne une terre d\u2019accueil et des\u2026","rel":"","context":"In &quot;For your Information&quot;","block_context":{"text":"For your Information","link":"https:\/\/sven-teuber.info\/wordpress\/category\/for-your-information\/"},"img":{"alt_text":"","src":"","width":0,"height":0},"classes":[]},{"id":2598,"url":"https:\/\/sven-teuber.info\/wordpress\/a-propos-de-la-philosophie-de-hegel\/","url_meta":{"origin":4518,"position":1},"title":"A propos de la philosophie de Hegel","author":"steuber","date":"14. Januar 2015","format":false,"excerpt":"Voici un grand article que nous faisons para\u00eetre en 3 parties sur Hegel (photo) et sa conception de l\u2019ath\u00e9isme, par Paul Dubouchet, Ma\u00eetre de conf\u00e9rence de droit public \u00e0 l\u2019Universit\u00e9 de Corse, qui a consacr\u00e9 ses recherches \u00e0 une exploration de la raison pratique \u00e0 partir de l\u2019exp\u00e9rience privil\u00e9gi\u00e9e du\u2026","rel":"","context":"In &quot;Allgemein&quot;","block_context":{"text":"Allgemein","link":"https:\/\/sven-teuber.info\/wordpress\/category\/allgemein\/"},"img":{"alt_text":"","src":"","width":0,"height":0},"classes":[]},{"id":4198,"url":"https:\/\/sven-teuber.info\/wordpress\/lettre-ouverte-au-ministere-de-leducation-nationale\/","url_meta":{"origin":4518,"position":2},"title":"Lettre ouverte au Minist\u00e8re de l\u2019Education nationale","author":"steuber","date":"8. September 2017","format":"chat","excerpt":"Minist\u00e8re de l\u2019Education nationale, Monsieur Jean-Michel Blanquer, Ministre de l\u2019Education nationale, Madame Fr\u00e9d\u00e9rique Vidal, Ministre de l\u2019Enseignement sup\u00e9rieur et de la Recherche, Je souhaiterais, par la pr\u00e9sente, vous faire part de quelques constats regrettables relatifs au fonctionnement de votre administration \/ vos administrations. Vivant en Allemagne, ces dysfonctionnements me sont\u2026","rel":"","context":"In &quot;For your Information&quot;","block_context":{"text":"For your Information","link":"https:\/\/sven-teuber.info\/wordpress\/category\/for-your-information\/"},"img":{"alt_text":"","src":"https:\/\/i0.wp.com\/sven-teuber.info\/wordpress\/wp-content\/uploads\/2017\/09\/Linien-2.jpg?resize=350%2C200","width":350,"height":200,"srcset":"https:\/\/i0.wp.com\/sven-teuber.info\/wordpress\/wp-content\/uploads\/2017\/09\/Linien-2.jpg?resize=350%2C200 1x, https:\/\/i0.wp.com\/sven-teuber.info\/wordpress\/wp-content\/uploads\/2017\/09\/Linien-2.jpg?resize=525%2C300 1.5x, https:\/\/i0.wp.com\/sven-teuber.info\/wordpress\/wp-content\/uploads\/2017\/09\/Linien-2.jpg?resize=700%2C400 2x"},"classes":[]},{"id":3731,"url":"https:\/\/sven-teuber.info\/wordpress\/lallemagne-et-sa-sacro-sainte-liberte-religieuse\/","url_meta":{"origin":4518,"position":3},"title":"L\u2019Allemagne et sa sacro-sainte libert\u00e9 religieuse","author":"steuber","date":"22. August 2016","format":false,"excerpt":"Avanc\u00e9e de l\u2019islamisme, attentats au nom d\u2019Allah, agressions sexuelles, haine des juifs et des homosexuels, des millions de musulmans fuyant les pays islamiques pour se r\u00e9fugier chez les m\u00e9cr\u00e9ants: la crise des r\u00e9fugi\u00e9s nous en fait de bonnes et empeste les d\u00e9bats sur le r\u00f4le de l\u2019Islam, religion de paix\u2026","rel":"","context":"In &quot;Allgemein&quot;","block_context":{"text":"Allgemein","link":"https:\/\/sven-teuber.info\/wordpress\/category\/allgemein\/"},"img":{"alt_text":"Marx_FR","src":"https:\/\/i0.wp.com\/sven-teuber.info\/wordpress\/wp-content\/uploads\/2016\/08\/Marx_FR.jpg?resize=350%2C200","width":350,"height":200,"srcset":"https:\/\/i0.wp.com\/sven-teuber.info\/wordpress\/wp-content\/uploads\/2016\/08\/Marx_FR.jpg?resize=350%2C200 1x, https:\/\/i0.wp.com\/sven-teuber.info\/wordpress\/wp-content\/uploads\/2016\/08\/Marx_FR.jpg?resize=525%2C300 1.5x, https:\/\/i0.wp.com\/sven-teuber.info\/wordpress\/wp-content\/uploads\/2016\/08\/Marx_FR.jpg?resize=700%2C400 2x"},"classes":[]},{"id":2629,"url":"https:\/\/sven-teuber.info\/wordpress\/warum-ich-charlie-bin-pourquoi-je-suis-charlie-defr\/","url_meta":{"origin":4518,"position":4},"title":"Warum ich Charlie bin \/ Pourquoi je suis Charlie (DE\/FR)","author":"steuber","date":"16. Januar 2015","format":false,"excerpt":"Ich bin Franz\u00f6sin, Laizistin und ich bin Charlie. Unter den Laizisten geh\u00f6re ich zu den Atheisten. Da es f\u00fcr mich keinen Gott gibt, gibt es auch keine Blasphemie. Jeder hat das Recht, sich zu seinem Glauben zu bekennen oder auch zu seinem Nicht-Glauben. Es geht nicht darum, was man denkt\u2026","rel":"","context":"In &quot;Allgemein&quot;","block_context":{"text":"Allgemein","link":"https:\/\/sven-teuber.info\/wordpress\/category\/allgemein\/"},"img":{"alt_text":"","src":"","width":0,"height":0},"classes":[]},{"id":4751,"url":"https:\/\/sven-teuber.info\/wordpress\/quest-ce-que-dada\/","url_meta":{"origin":4518,"position":5},"title":"Qu&#8217;est-ce que Dada!","author":"steuber","date":"31. M\u00e4rz 2019","format":false,"excerpt":"Zitat: \"Hans Arp\". Tout est dada. Chaqun a ses dadas. \"Vous v\u00e9n\u00e9rez vos dadas dont vous avez fait des dieux. Les dada\u00efstes connaissent leurs dadas et s'en moquent. C'est grande sup\u00e9riorit\u00e9 qu'ils ont sur vous. Dada n'est pas une \u00e9cole litt\u00e9raire ni une doctrine esth\u00e9tique. Dada est une attitude fonci\u00e8rement\u2026","rel":"","context":"In &quot;For your Information&quot;","block_context":{"text":"For your Information","link":"https:\/\/sven-teuber.info\/wordpress\/category\/for-your-information\/"},"img":{"alt_text":"","src":"https:\/\/i0.wp.com\/sven-teuber.info\/wordpress\/wp-content\/uploads\/2019\/03\/Dada_ist.jpg?resize=350%2C200&ssl=1","width":350,"height":200,"srcset":"https:\/\/i0.wp.com\/sven-teuber.info\/wordpress\/wp-content\/uploads\/2019\/03\/Dada_ist.jpg?resize=350%2C200&ssl=1 1x, https:\/\/i0.wp.com\/sven-teuber.info\/wordpress\/wp-content\/uploads\/2019\/03\/Dada_ist.jpg?resize=525%2C300&ssl=1 1.5x, https:\/\/i0.wp.com\/sven-teuber.info\/wordpress\/wp-content\/uploads\/2019\/03\/Dada_ist.jpg?resize=700%2C400&ssl=1 2x, https:\/\/i0.wp.com\/sven-teuber.info\/wordpress\/wp-content\/uploads\/2019\/03\/Dada_ist.jpg?resize=1050%2C600&ssl=1 3x"},"classes":[]}],"jetpack_likes_enabled":true,"_links":{"self":[{"href":"https:\/\/sven-teuber.info\/wordpress\/wp-json\/wp\/v2\/posts\/4518","targetHints":{"allow":["GET"]}}],"collection":[{"href":"https:\/\/sven-teuber.info\/wordpress\/wp-json\/wp\/v2\/posts"}],"about":[{"href":"https:\/\/sven-teuber.info\/wordpress\/wp-json\/wp\/v2\/types\/post"}],"author":[{"embeddable":true,"href":"https:\/\/sven-teuber.info\/wordpress\/wp-json\/wp\/v2\/users\/2"}],"replies":[{"embeddable":true,"href":"https:\/\/sven-teuber.info\/wordpress\/wp-json\/wp\/v2\/comments?post=4518"}],"version-history":[{"count":4,"href":"https:\/\/sven-teuber.info\/wordpress\/wp-json\/wp\/v2\/posts\/4518\/revisions"}],"predecessor-version":[{"id":4522,"href":"https:\/\/sven-teuber.info\/wordpress\/wp-json\/wp\/v2\/posts\/4518\/revisions\/4522"}],"wp:attachment":[{"href":"https:\/\/sven-teuber.info\/wordpress\/wp-json\/wp\/v2\/media?parent=4518"}],"wp:term":[{"taxonomy":"category","embeddable":true,"href":"https:\/\/sven-teuber.info\/wordpress\/wp-json\/wp\/v2\/categories?post=4518"},{"taxonomy":"post_tag","embeddable":true,"href":"https:\/\/sven-teuber.info\/wordpress\/wp-json\/wp\/v2\/tags?post=4518"}],"curies":[{"name":"wp","href":"https:\/\/api.w.org\/{rel}","templated":true}]}}