{"id":4569,"date":"2018-09-21T23:05:03","date_gmt":"2018-09-21T21:05:03","guid":{"rendered":"http:\/\/sven-teuber.info\/wordpress\/?p=4569"},"modified":"2018-09-21T23:17:17","modified_gmt":"2018-09-21T21:17:17","slug":"la-fiesta-de-los-muertos","status":"publish","type":"post","link":"https:\/\/sven-teuber.info\/wordpress\/la-fiesta-de-los-muertos\/","title":{"rendered":"Ausstellung, LA FIESTA DE LOS MUERTOS"},"content":{"rendered":"\r\n<figure class=\"wp-block-image\"><img data-recalc-dims=\"1\" loading=\"lazy\" decoding=\"async\" width=\"454\" height=\"513\" data-attachment-id=\"4568\" data-permalink=\"https:\/\/sven-teuber.info\/wordpress\/santa-muerte\/\" data-orig-file=\"https:\/\/i0.wp.com\/sven-teuber.info\/wordpress\/wp-content\/uploads\/2018\/09\/Santa-Muerte.jpg?fit=454%2C513&amp;ssl=1\" data-orig-size=\"454,513\" data-comments-opened=\"1\" data-image-meta=\"{&quot;aperture&quot;:&quot;0&quot;,&quot;credit&quot;:&quot;&quot;,&quot;camera&quot;:&quot;&quot;,&quot;caption&quot;:&quot;&quot;,&quot;created_timestamp&quot;:&quot;1536517080&quot;,&quot;copyright&quot;:&quot;&quot;,&quot;focal_length&quot;:&quot;0&quot;,&quot;iso&quot;:&quot;0&quot;,&quot;shutter_speed&quot;:&quot;0&quot;,&quot;title&quot;:&quot;&quot;,&quot;orientation&quot;:&quot;1&quot;}\" data-image-title=\"Santa Muerte\" data-image-description=\"\" data-image-caption=\"\" data-large-file=\"https:\/\/i0.wp.com\/sven-teuber.info\/wordpress\/wp-content\/uploads\/2018\/09\/Santa-Muerte.jpg?fit=454%2C513&amp;ssl=1\" class=\"wp-image-4568\" src=\"https:\/\/i0.wp.com\/sven-teuber.info\/wordpress\/wp-content\/uploads\/2018\/09\/Santa-Muerte.jpg?resize=454%2C513&#038;ssl=1\" alt=\"\" srcset=\"https:\/\/i0.wp.com\/sven-teuber.info\/wordpress\/wp-content\/uploads\/2018\/09\/Santa-Muerte.jpg?w=454&amp;ssl=1 454w, https:\/\/i0.wp.com\/sven-teuber.info\/wordpress\/wp-content\/uploads\/2018\/09\/Santa-Muerte.jpg?resize=265%2C300&amp;ssl=1 265w, https:\/\/i0.wp.com\/sven-teuber.info\/wordpress\/wp-content\/uploads\/2018\/09\/Santa-Muerte.jpg?resize=212%2C240&amp;ssl=1 212w\" sizes=\"auto, (max-width: 454px) 100vw, 454px\" \/><figcaption>ST Titel: Santa Muerte, 2018\r\n\r\n<span style=\"margin: 0px; color: black; line-height: 110%; font-family: 'Arial','sans-serif'; font-size: 18pt;\">ARISTOKRASS GALERIE <\/span><span style=\"margin: 0px; color: red; line-height: 110%; font-family: 'Arial','sans-serif'; font-size: 18pt;\">Huhnsgasse 46 | 50676 K\u00f6ln | <\/span><span style=\"margin: 0px; line-height: 110%; font-family: 'Times New Roman','serif'; font-size: 13.5pt;\"><a href=\"http:\/\/www.aristokrass.com\/\"><span style=\"margin: 0px; color: red; line-height: 110%; font-family: 'Arial','sans-serif'; font-size: 18pt;\">www.aristokrass.com<\/span><\/a><\/span><span style=\"margin: 0px; color: red; line-height: 110%; font-family: 'Arial','sans-serif'; font-size: 18pt;\"> | <\/span><span style=\"margin: 0px; line-height: 110%; font-family: 'Times New Roman','serif'; font-size: 13.5pt;\"><a><span style=\"margin: 0px; color: red; line-height: 110%; font-family: 'Arial','sans-serif'; font-size: 18pt;\">info@aristokrass.com<\/span><\/a><\/span><span style=\"margin: 0px; color: black; font-family: 'Arial','sans-serif'; font-size: 18pt;\">\u00d6<\/span><span style=\"margin: 0px; color: red; font-family: 'Arial','sans-serif'; font-size: 18pt;\">F<\/span><span style=\"margin: 0px; color: black; font-family: 'Arial','sans-serif'; font-size: 18pt;\">FNNUNGSZEITEN: <\/span><span style=\"margin: 0px; color: red; font-family: 'Arial','sans-serif'; font-size: 18pt;\">Mi.-Sa. | 16-20 Uhr\r\n<\/span><span style=\"margin: 0px; font-family: 'Arial','sans-serif'; font-size: 18pt;\"><span style=\"color: #000000;\">LA F<\/span>IE<span style=\"color: #000000;\">STA DE LOS MUERTOS\r\n<\/span><\/span><span style=\"margin: 0px; font-family: 'Arial','sans-serif'; font-size: 18pt;\"><span style=\"color: #000000;\">AUSSTELLUNG <\/span>vom <span style=\"color: #000000;\">19.10.18 &#8211; 24<\/span>.11.18<\/span><strong><span style=\"margin: 0px; color: black; font-family: 'Arial','sans-serif'; font-size: 18pt;\">Vernissage am 19.10.18 ab 19 Uhr <\/span><\/strong><\/figcaption><\/figure>\r\n<!--more-->\r\n<figure class=\"wp-block-image\"><span style=\"margin: 0px; font-family: 'Verdana','sans-serif'; font-size: 10pt;\"><span style=\"color: #000000;\">In der neuen Ausstellungsreihe \u201eLA FIESTA DE LOS MUERTOS\u201c von ARISTOKRASS wird die Galerie ARISTOKRASS zu einem multidimensionalen Ort der Darstellung und Auseinandersetzung mit unterschiedlichen gesellschaftlichen Ph\u00e4nomenen erweitert, die kritisch, subversiv, verspielt oder auch ironisch beleuchtet werden. <\/span><\/span><span style=\"margin: 0px; font-family: 'Verdana','sans-serif'; font-size: 10pt;\"><span style=\"color: #000000;\">LA FIESTA DE LOS MUERTOS, inspiriert von \u201eLa D\u00eda de Muertos\u201c (Der \u201eTag der Toten\u201c), einem der wichtigsten mexikanischen Feiertage, an dem in Mexiko traditionell der Verstorbenen gedacht wird. Die Akteure aus unterschiedlichsten Richtungen (Fotografie, Malerei, Digitale Kunst, Street Art, Installation, Grafik, Tattoo, Skulptur, Musik, Kabarett, Performance&#8230;) setzen sich mit folgenden Themen auseinander: <\/span><\/span><span style=\"margin: 0px; font-family: 'Verdana','sans-serif'; font-size: 10pt;\"><span style=\"color: #000000;\">&#8211; Die Verbindung von indigener und christlicher Tradition <\/span><\/span><span style=\"margin: 0px; font-family: 'Verdana','sans-serif'; font-size: 10pt;\"><span style=\"color: #000000;\">&#8211; Der Vorstellung, dass auch der Tod der Freundschaft und Liebe nichts anhaben kann, denn sie halten \u00fcber diesen hinaus.<\/span><\/span><span style=\"margin: 0px; font-family: 'Verdana','sans-serif'; font-size: 10pt;\"><span style=\"color: #000000;\">&#8211; Dem Versuch, dem Tod seinen Schrecken zu nehmen <\/span><\/span>\r\n\r\n<span style=\"margin: 0px; font-family: 'Verdana','sans-serif'; font-size: 10pt;\"><span style=\"color: #000000;\">Aus dieser mexikanischen Popul\u00e4rkultur werden Zeichen, Motive und Symbole genommen, verarbeitet und neuen Bedeutungen zugef\u00fchrt: Totenk\u00f6pfe, morbide S\u00fc\u00dfigkeiten und Skelette, <\/span><\/span><span style=\"margin: 0px; font-family: 'Verdana','sans-serif'; font-size: 10pt;\"><span style=\"color: #000000;\">S\u00e4rge, Blumen und Kerzen.<\/span><\/span>\r\n\r\n<span style=\"margin: 0px; font-family: 'Verdana','sans-serif'; font-size: 10pt;\"><span style=\"color: #000000;\">LA FIESTA DE LOS MUERTOS \u00fcberwindet damit die Kluft zwischen K\u00fcnstler und Publikum, <\/span><\/span><span style=\"margin: 0px; font-family: 'Verdana','sans-serif'; font-size: 10pt;\"><span style=\"color: #000000;\">befreit von Begrenzungen durch die traditionelle \u201ehohe Kunst\u201c und schafft Platz f\u00fcr popul\u00e4res Material, f\u00fcr unerwartete Elemente, sowie v\u00f6llig neue Blickwinkel und Ausdrucksformen. Durch die geschaffene Atmosph\u00e4re (Raum Gestaltung, Performance) taucht der Zuschauer in diese Mythologie ein und kann mit den \u201eunsterblichen Seelen\u201c feiern&#8230; <\/span><\/span>\r\n\r\n<span style=\"margin: 0px; font-family: 'Verdana','sans-serif'; font-size: 10pt;\"><span style=\"color: #000000;\">K\u00dcNSTLERINNEN ALBRECHT LUCIE, ATZENBECK THOMAS, BENTO MONTEIRO KRISSTINE, BERGMANN ANNO, BERGMANN GUDRUN, BLACK RIO, B\u00d6XKES ANDR\u00c9, B\u00dcCHEL ELENA, DUBOSE GEORGE, F\u00dcGER CLAUDIA, GOSSE AGII, HARTUNG ROLF, HAVVA SARI, HERMAN ERMA, FISCHENICH PETER, HARTUNG ROLF, KING PIN, LINKE ILONA, M\u00dcCK PETER, PASKALI IRENA, RISTAU ISABEL, RODOVALDO CLAVIJO VELEZ, ROMERO NOBERTO LUIS, SCHENCKER HANS, TIBORI EDGAR, TEUBER SVEN, ZYDEK THOMAS.<\/span><\/span><\/figure>\r\n\r\n\r\n\r\n\r\n","protected":false},"excerpt":{"rendered":"","protected":false},"author":2,"featured_media":0,"comment_status":"open","ping_status":"open","sticky":false,"template":"","format":"standard","meta":{"_crdt_document":"","jetpack_post_was_ever_published":false,"_jetpack_newsletter_access":"","_jetpack_dont_email_post_to_subs":false,"_jetpack_newsletter_tier_id":0,"_jetpack_memberships_contains_paywalled_content":false,"_jetpack_memberships_contains_paid_content":false,"footnotes":"","jetpack_publicize_message":"","jetpack_publicize_feature_enabled":true,"jetpack_social_post_already_shared":true,"jetpack_social_options":{"image_generator_settings":{"template":"highway","default_image_id":0,"font":"","enabled":false},"version":2}},"categories":[2],"tags":[],"class_list":["post-4569","post","type-post","status-publish","format-standard","hentry","category-photographie"],"jetpack_publicize_connections":[],"jetpack_featured_media_url":"","jetpack_sharing_enabled":true,"jetpack_shortlink":"https:\/\/wp.me\/p3CWBT-1bH","jetpack-related-posts":[],"jetpack_likes_enabled":true,"_links":{"self":[{"href":"https:\/\/sven-teuber.info\/wordpress\/wp-json\/wp\/v2\/posts\/4569","targetHints":{"allow":["GET"]}}],"collection":[{"href":"https:\/\/sven-teuber.info\/wordpress\/wp-json\/wp\/v2\/posts"}],"about":[{"href":"https:\/\/sven-teuber.info\/wordpress\/wp-json\/wp\/v2\/types\/post"}],"author":[{"embeddable":true,"href":"https:\/\/sven-teuber.info\/wordpress\/wp-json\/wp\/v2\/users\/2"}],"replies":[{"embeddable":true,"href":"https:\/\/sven-teuber.info\/wordpress\/wp-json\/wp\/v2\/comments?post=4569"}],"version-history":[{"count":13,"href":"https:\/\/sven-teuber.info\/wordpress\/wp-json\/wp\/v2\/posts\/4569\/revisions"}],"predecessor-version":[{"id":4582,"href":"https:\/\/sven-teuber.info\/wordpress\/wp-json\/wp\/v2\/posts\/4569\/revisions\/4582"}],"wp:attachment":[{"href":"https:\/\/sven-teuber.info\/wordpress\/wp-json\/wp\/v2\/media?parent=4569"}],"wp:term":[{"taxonomy":"category","embeddable":true,"href":"https:\/\/sven-teuber.info\/wordpress\/wp-json\/wp\/v2\/categories?post=4569"},{"taxonomy":"post_tag","embeddable":true,"href":"https:\/\/sven-teuber.info\/wordpress\/wp-json\/wp\/v2\/tags?post=4569"}],"curies":[{"name":"wp","href":"https:\/\/api.w.org\/{rel}","templated":true}]}}