{"id":4626,"date":"2019-01-22T22:17:49","date_gmt":"2019-01-22T20:17:49","guid":{"rendered":"http:\/\/sven-teuber.info\/wordpress\/?p=4626"},"modified":"2019-01-22T22:17:58","modified_gmt":"2019-01-22T20:17:58","slug":"der-lokomotivfuehrer","status":"publish","type":"post","link":"https:\/\/sven-teuber.info\/wordpress\/der-lokomotivfuehrer\/","title":{"rendered":"Der Lokomotivf\u00fchrer"},"content":{"rendered":"\n<figure class=\"wp-block-image\"><img data-recalc-dims=\"1\" loading=\"lazy\" decoding=\"async\" width=\"584\" height=\"971\" data-attachment-id=\"4625\" data-permalink=\"https:\/\/sven-teuber.info\/wordpress\/der-lokomotivfuehrer\/89647a84-e80c-4b58-b1fc-b94977556857\/\" data-orig-file=\"https:\/\/i0.wp.com\/sven-teuber.info\/wordpress\/wp-content\/uploads\/2019\/01\/89647A84-E80C-4B58-B1FC-B94977556857.jpeg?fit=711%2C1181&amp;ssl=1\" data-orig-size=\"711,1181\" data-comments-opened=\"1\" data-image-meta=\"{&quot;aperture&quot;:&quot;0&quot;,&quot;credit&quot;:&quot;&quot;,&quot;camera&quot;:&quot;&quot;,&quot;caption&quot;:&quot;&quot;,&quot;created_timestamp&quot;:&quot;0&quot;,&quot;copyright&quot;:&quot;&quot;,&quot;focal_length&quot;:&quot;0&quot;,&quot;iso&quot;:&quot;0&quot;,&quot;shutter_speed&quot;:&quot;0&quot;,&quot;title&quot;:&quot;&quot;,&quot;orientation&quot;:&quot;1&quot;}\" data-image-title=\"89647A84-E80C-4B58-B1FC-B94977556857\" data-image-description=\"\" data-image-caption=\"\" data-large-file=\"https:\/\/i0.wp.com\/sven-teuber.info\/wordpress\/wp-content\/uploads\/2019\/01\/89647A84-E80C-4B58-B1FC-B94977556857.jpeg?fit=584%2C971&amp;ssl=1\" src=\"https:\/\/i0.wp.com\/sven-teuber.info\/wordpress\/wp-content\/uploads\/2019\/01\/89647A84-E80C-4B58-B1FC-B94977556857.jpeg?resize=584%2C971&#038;ssl=1\" alt=\"\" class=\"wp-image-4625\" srcset=\"https:\/\/i0.wp.com\/sven-teuber.info\/wordpress\/wp-content\/uploads\/2019\/01\/89647A84-E80C-4B58-B1FC-B94977556857.jpeg?resize=616%2C1024&amp;ssl=1 616w, https:\/\/i0.wp.com\/sven-teuber.info\/wordpress\/wp-content\/uploads\/2019\/01\/89647A84-E80C-4B58-B1FC-B94977556857.jpeg?resize=181%2C300&amp;ssl=1 181w, https:\/\/i0.wp.com\/sven-teuber.info\/wordpress\/wp-content\/uploads\/2019\/01\/89647A84-E80C-4B58-B1FC-B94977556857.jpeg?resize=144%2C240&amp;ssl=1 144w, https:\/\/i0.wp.com\/sven-teuber.info\/wordpress\/wp-content\/uploads\/2019\/01\/89647A84-E80C-4B58-B1FC-B94977556857.jpeg?w=711&amp;ssl=1 711w\" sizes=\"auto, (max-width: 584px) 100vw, 584px\" \/><\/figure>\n","protected":false},"excerpt":{"rendered":"","protected":false},"author":2,"featured_media":0,"comment_status":"open","ping_status":"open","sticky":false,"template":"","format":"standard","meta":{"_crdt_document":"","jetpack_post_was_ever_published":false,"_jetpack_newsletter_access":"","_jetpack_dont_email_post_to_subs":false,"_jetpack_newsletter_tier_id":0,"_jetpack_memberships_contains_paywalled_content":false,"_jetpack_memberships_contains_paid_content":false,"footnotes":"","jetpack_publicize_message":"","jetpack_publicize_feature_enabled":true,"jetpack_social_post_already_shared":true,"jetpack_social_options":{"image_generator_settings":{"template":"highway","default_image_id":0,"font":"","enabled":false},"version":2}},"categories":[1,637],"tags":[705],"class_list":["post-4626","post","type-post","status-publish","format-standard","hentry","category-allgemein","category-satire","tag-projektmanagement"],"jetpack_publicize_connections":[],"jetpack_featured_media_url":"","jetpack_sharing_enabled":true,"jetpack_shortlink":"https:\/\/wp.me\/p3CWBT-1cC","jetpack-related-posts":[{"id":5095,"url":"https:\/\/sven-teuber.info\/wordpress\/essbare-stadt-koeln\/","url_meta":{"origin":4626,"position":0},"title":"Essbare Stadt K\u00f6ln","author":"steuber","date":"27. August 2019","format":false,"excerpt":"Besser essen, 2019 Es gibt vielf\u00e4ltige M\u00f6glichkeiten, in der Stadt gr\u00fcne Oasen zu schaffen, die sich positiv auf die Artenvielfalt, das Klima und damit auch auf die Bewohnerinnen und Bewohner auswirken. Ob im Garten, auf dem Balkon, auf einer Baumscheibe vor der Haust\u00fcr oder am Stra\u00dfenrand -\u00a0Natur l\u00e4sst sich auch\u2026","rel":"","context":"In &quot;Allgemein&quot;","block_context":{"text":"Allgemein","link":"https:\/\/sven-teuber.info\/wordpress\/category\/allgemein\/"},"img":{"alt_text":"","src":"https:\/\/i0.wp.com\/sven-teuber.info\/wordpress\/wp-content\/uploads\/2019\/08\/DC71A3A1-A35B-408D-85F5-65DC6A94F5FC.png?resize=350%2C200&ssl=1","width":350,"height":200,"srcset":"https:\/\/i0.wp.com\/sven-teuber.info\/wordpress\/wp-content\/uploads\/2019\/08\/DC71A3A1-A35B-408D-85F5-65DC6A94F5FC.png?resize=350%2C200&ssl=1 1x, https:\/\/i0.wp.com\/sven-teuber.info\/wordpress\/wp-content\/uploads\/2019\/08\/DC71A3A1-A35B-408D-85F5-65DC6A94F5FC.png?resize=525%2C300&ssl=1 1.5x, https:\/\/i0.wp.com\/sven-teuber.info\/wordpress\/wp-content\/uploads\/2019\/08\/DC71A3A1-A35B-408D-85F5-65DC6A94F5FC.png?resize=700%2C400&ssl=1 2x, https:\/\/i0.wp.com\/sven-teuber.info\/wordpress\/wp-content\/uploads\/2019\/08\/DC71A3A1-A35B-408D-85F5-65DC6A94F5FC.png?resize=1050%2C600&ssl=1 3x, https:\/\/i0.wp.com\/sven-teuber.info\/wordpress\/wp-content\/uploads\/2019\/08\/DC71A3A1-A35B-408D-85F5-65DC6A94F5FC.png?resize=1400%2C800&ssl=1 4x"},"classes":[]},{"id":4969,"url":"https:\/\/sven-teuber.info\/wordpress\/eu-wahlplakat-satire\/","url_meta":{"origin":4626,"position":1},"title":"EU-Wahlplakat Satire","author":"steuber","date":"21. Mai 2019","format":false,"excerpt":"https:\/\/youtu.be\/z4a020dVqLk Langsam kommt der EU-Wahlkampf in die G\u00e4nge. Die ersten Wahlplakate der antretenden Parteien h\u00e4ngen bereits und die Wahl steht bevor.","rel":"","context":"In &quot;Allgemein&quot;","block_context":{"text":"Allgemein","link":"https:\/\/sven-teuber.info\/wordpress\/category\/allgemein\/"},"img":{"alt_text":"","src":"https:\/\/i0.wp.com\/img.youtube.com\/vi\/z4a020dVqLk\/0.jpg?resize=350%2C200","width":350,"height":200},"classes":[]},{"id":2587,"url":"https:\/\/sven-teuber.info\/wordpress\/kann-kunst-denn-kriege-verhindern-frau-karabaic-waz-de\/","url_meta":{"origin":4626,"position":2},"title":"Kann Kunst denn Kriege verhindern, Frau Karabaic? WAZ.de","author":"steuber","date":"13. Januar 2015","format":"quote","excerpt":"FOTO: ANW Flickr Am Niederrhein. \u00a0 Milena Karabaic ist LVR-Dezernentin und hat eine Talk-Runde vorbereitet: \u201eZeichen gegen den Krieg\u201c und die Rolle der Kunst. Donnerstag, im Lehmbruck-Museum Duisburg.Welche Rolle spielt die Kunst in Zeiten des Krieges? Welche M\u00f6glichkeit hat sie? Der Landschaftsverband Rheinland (LVR) l\u00e4dt im Rahmen des Verbundprojektes \u201e1914\u2026","rel":"","context":"In &quot;Allgemein&quot;","block_context":{"text":"Allgemein","link":"https:\/\/sven-teuber.info\/wordpress\/category\/allgemein\/"},"img":{"alt_text":"","src":"","width":0,"height":0},"classes":[]},{"id":5111,"url":"https:\/\/sven-teuber.info\/wordpress\/elektromobile-zukunft-erleben\/","url_meta":{"origin":4626,"position":3},"title":"Elektromobile Zukunft erleben","author":"steuber","date":"6. September 2019","format":false,"excerpt":"Smarter fahren f\u00fcr jedermann Elektromobilit\u00e4t ist weltweit der Schl\u00fcssel klimafreundlicher Mobilit\u00e4t. Der Betrieb von Elektrofahrzeugen erzeugt insbesondere in Verbindung mit regenerativ erzeugtem Strom deutlich weniger CO2. Zus\u00e4tzlich k\u00f6nnen Elektrofahrzeuge mit ihren Energiespeichern die Schwankungen von Wind- und Sonnenkraft k\u00fcnftig ausgleichen und so den Ausbau und die Marktintegration dieser unsteten Energiequellen\u2026","rel":"","context":"In &quot;Allgemein&quot;","block_context":{"text":"Allgemein","link":"https:\/\/sven-teuber.info\/wordpress\/category\/allgemein\/"},"img":{"alt_text":"","src":"https:\/\/i0.wp.com\/sven-teuber.info\/wordpress\/wp-content\/uploads\/2019\/09\/22C0F738-4F52-45E8-86B7-9C4217AA2272.jpeg?resize=350%2C200&ssl=1","width":350,"height":200,"srcset":"https:\/\/i0.wp.com\/sven-teuber.info\/wordpress\/wp-content\/uploads\/2019\/09\/22C0F738-4F52-45E8-86B7-9C4217AA2272.jpeg?resize=350%2C200&ssl=1 1x, https:\/\/i0.wp.com\/sven-teuber.info\/wordpress\/wp-content\/uploads\/2019\/09\/22C0F738-4F52-45E8-86B7-9C4217AA2272.jpeg?resize=525%2C300&ssl=1 1.5x, https:\/\/i0.wp.com\/sven-teuber.info\/wordpress\/wp-content\/uploads\/2019\/09\/22C0F738-4F52-45E8-86B7-9C4217AA2272.jpeg?resize=700%2C400&ssl=1 2x, https:\/\/i0.wp.com\/sven-teuber.info\/wordpress\/wp-content\/uploads\/2019\/09\/22C0F738-4F52-45E8-86B7-9C4217AA2272.jpeg?resize=1050%2C600&ssl=1 3x, https:\/\/i0.wp.com\/sven-teuber.info\/wordpress\/wp-content\/uploads\/2019\/09\/22C0F738-4F52-45E8-86B7-9C4217AA2272.jpeg?resize=1400%2C800&ssl=1 4x"},"classes":[]},{"id":3972,"url":"https:\/\/sven-teuber.info\/wordpress\/titel-der-kreis\/","url_meta":{"origin":4626,"position":4},"title":"Titel: Fake News im 21 Jahrhundert","author":"steuber","date":"22. Januar 2017","format":"image","excerpt":"Was ist Wahrheit, was ist L\u00fcge und was ist Propaganda? Zensur und Propaganda werden zum Feind der Wahrheit und was ist mit den Fake News, handelt es sich hierbei um Agitation, Propaganda oder zum Teil auch nur um Satire? Die Paranoia sch\u00fcren steht f\u00fcr ein\u00a0heraufbeschw\u00f6ren von Angst, dass Wahlen in\u2026","rel":"","context":"In &quot;Allgemein&quot;","block_context":{"text":"Allgemein","link":"https:\/\/sven-teuber.info\/wordpress\/category\/allgemein\/"},"img":{"alt_text":"","src":"https:\/\/i0.wp.com\/sven-teuber.info\/wordpress\/wp-content\/uploads\/2017\/01\/Der-Kreis.jpg?resize=350%2C200","width":350,"height":200,"srcset":"https:\/\/i0.wp.com\/sven-teuber.info\/wordpress\/wp-content\/uploads\/2017\/01\/Der-Kreis.jpg?resize=350%2C200 1x, https:\/\/i0.wp.com\/sven-teuber.info\/wordpress\/wp-content\/uploads\/2017\/01\/Der-Kreis.jpg?resize=525%2C300 1.5x, https:\/\/i0.wp.com\/sven-teuber.info\/wordpress\/wp-content\/uploads\/2017\/01\/Der-Kreis.jpg?resize=700%2C400 2x"},"classes":[]},{"id":5445,"url":"https:\/\/sven-teuber.info\/wordpress\/corona-2\/","url_meta":{"origin":4626,"position":5},"title":"Der Corona Wahnsinn","author":"steuber","date":"6. Februar 2021","format":false,"excerpt":"Die Anstalt vom 2. Februar 2021. Chaostheorie, nichts ist so schlimm, dass es nicht noch schlimmer sein k\u00f6nnte. https:\/\/www.zdf.de\/comedy\/die-anstalt\/die-anstalt-vom-2-februar-2021-100.html#xtor=CS5-21#xtor=CS5-95","rel":"","context":"In &quot;Allgemein&quot;","block_context":{"text":"Allgemein","link":"https:\/\/sven-teuber.info\/wordpress\/category\/allgemein\/"},"img":{"alt_text":"","src":"","width":0,"height":0},"classes":[]}],"jetpack_likes_enabled":true,"_links":{"self":[{"href":"https:\/\/sven-teuber.info\/wordpress\/wp-json\/wp\/v2\/posts\/4626","targetHints":{"allow":["GET"]}}],"collection":[{"href":"https:\/\/sven-teuber.info\/wordpress\/wp-json\/wp\/v2\/posts"}],"about":[{"href":"https:\/\/sven-teuber.info\/wordpress\/wp-json\/wp\/v2\/types\/post"}],"author":[{"embeddable":true,"href":"https:\/\/sven-teuber.info\/wordpress\/wp-json\/wp\/v2\/users\/2"}],"replies":[{"embeddable":true,"href":"https:\/\/sven-teuber.info\/wordpress\/wp-json\/wp\/v2\/comments?post=4626"}],"version-history":[{"count":2,"href":"https:\/\/sven-teuber.info\/wordpress\/wp-json\/wp\/v2\/posts\/4626\/revisions"}],"predecessor-version":[{"id":4628,"href":"https:\/\/sven-teuber.info\/wordpress\/wp-json\/wp\/v2\/posts\/4626\/revisions\/4628"}],"wp:attachment":[{"href":"https:\/\/sven-teuber.info\/wordpress\/wp-json\/wp\/v2\/media?parent=4626"}],"wp:term":[{"taxonomy":"category","embeddable":true,"href":"https:\/\/sven-teuber.info\/wordpress\/wp-json\/wp\/v2\/categories?post=4626"},{"taxonomy":"post_tag","embeddable":true,"href":"https:\/\/sven-teuber.info\/wordpress\/wp-json\/wp\/v2\/tags?post=4626"}],"curies":[{"name":"wp","href":"https:\/\/api.w.org\/{rel}","templated":true}]}}