{"id":47,"date":"2013-02-09T16:33:47","date_gmt":"2013-02-09T15:33:47","guid":{"rendered":"http:\/\/sven-teuber.info\/wordpress\/?p=47"},"modified":"2013-02-09T17:03:24","modified_gmt":"2013-02-09T16:03:24","slug":"peugeot-403-2","status":"publish","type":"post","link":"https:\/\/sven-teuber.info\/wordpress\/peugeot-403-2\/","title":{"rendered":"Peugeot 403"},"content":{"rendered":"<p>[imagebrowser id=2]<\/p>\n<h2>History<\/h2>\n<p>&#8222;<em>The 403 made its debut in saloon body style on 20 April 1955 at the Trocad\u00e9ro Palace in Paris. The engine size gave the car a &#8222;tax horsepower&#8220; of 8 CV (8\u00a0hp), which placed it a class below the soon-to-be-replaced 11 CV Citro\u00ebn Traction, but at least one class above the small cars produced by the principal competitor manufacturers. When it was first shown, and until after 1958, the leading edge of car&#8217;s nose carried an angular, forward-leaning chrome lion bonnet ornament \u2013 the lion image being Peugeot&#8217;s trade mark. That was removed in 1959, due to safety concerns, and the logo was incorporated into a shield-shaped grill emblem. Subsequently the semaphore-style trafficators on the C-pillars were replaced with flashing indicators within the light cluster. The front lights were modified to conform to new standards and in 1957 parallel windscreen wipers were substituted for the original &#8222;cross hands&#8220; ones featured at launch<\/em>&#8222;.<br \/>\nSource: <a href=\"http:\/\/en.wikipedia.org\/wiki\/Peugeot_403\" target=\"_blank\">Wikipedia <\/a><\/p>\n","protected":false},"excerpt":{"rendered":"<p>[imagebrowser id=2] History &#8222;The 403 made its debut in saloon body style on 20 April 1955 at the Trocad\u00e9ro Palace in Paris. The engine size gave the car a &#8222;tax horsepower&#8220; of 8 CV (8\u00a0hp), which placed it a class &hellip; <a href=\"https:\/\/sven-teuber.info\/wordpress\/peugeot-403-2\/\">Weiterlesen <span class=\"meta-nav\">&rarr;<\/span><\/a><\/p>\n","protected":false},"author":2,"featured_media":0,"comment_status":"open","ping_status":"closed","sticky":false,"template":"","format":"standard","meta":{"_crdt_document":"","jetpack_post_was_ever_published":false,"_jetpack_newsletter_access":"","_jetpack_dont_email_post_to_subs":false,"_jetpack_newsletter_tier_id":0,"_jetpack_memberships_contains_paywalled_content":false,"_jetpack_memberships_contains_paid_content":false,"footnotes":"","jetpack_publicize_message":"","jetpack_publicize_feature_enabled":true,"jetpack_social_post_already_shared":false,"jetpack_social_options":{"image_generator_settings":{"template":"highway","default_image_id":0,"font":"","enabled":false},"version":2}},"categories":[8],"tags":[14],"class_list":["post-47","post","type-post","status-publish","format-standard","hentry","category-foto-stretch","tag-peugeot-403"],"jetpack_publicize_connections":[],"jetpack_featured_media_url":"","jetpack_sharing_enabled":true,"jetpack_shortlink":"https:\/\/wp.me\/p3CWBT-L","jetpack-related-posts":[{"id":3273,"url":"https:\/\/sven-teuber.info\/wordpress\/dance-performance-with-drones-at-spiral-hall\/","url_meta":{"origin":47,"position":0},"title":"Dance performance with drones at Spiral Hall","author":"steuber","date":"1. Januar 2016","format":"video","excerpt":"This is a collaboration developed by elevenplay\u00d7Rhizomatiks who has been the pursuing possibilities of relationship and interaction between the body and technology by interacting with a variety of hardware and devices such as robot arms and motor-controlled floating balls. In this new work, objects are arranged three-dimensionally in real space\u2026","rel":"","context":"In &quot;Cinema&quot;","block_context":{"text":"Cinema","link":"https:\/\/sven-teuber.info\/wordpress\/category\/cinema\/"},"img":{"alt_text":"","src":"","width":0,"height":0},"classes":[]},{"id":3878,"url":"https:\/\/sven-teuber.info\/wordpress\/the-freedom-of-thought-report\/","url_meta":{"origin":47,"position":1},"title":"The Freedom of Thought Report","author":"steuber","date":"10. Dezember 2016","format":"link","excerpt":"A Global Report of Discrimination Against Humanists, Atheists and the Nonreligious The Freedom of Thought Report is an annual survey on discrimination and persecution against non-religious people in countries around the world. All the latest information is available in our Country Index. The\u00a0first report was\u00a0published\u00a0in 2012 on International Human Rights\u2026","rel":"","context":"In &quot;Allgemein&quot;","block_context":{"text":"Allgemein","link":"https:\/\/sven-teuber.info\/wordpress\/category\/allgemein\/"},"img":{"alt_text":"","src":"https:\/\/i0.wp.com\/sven-teuber.info\/wordpress\/wp-content\/uploads\/2016\/12\/Tabbelle-Germany.png?resize=350%2C200","width":350,"height":200,"srcset":"https:\/\/i0.wp.com\/sven-teuber.info\/wordpress\/wp-content\/uploads\/2016\/12\/Tabbelle-Germany.png?resize=350%2C200 1x, https:\/\/i0.wp.com\/sven-teuber.info\/wordpress\/wp-content\/uploads\/2016\/12\/Tabbelle-Germany.png?resize=525%2C300 1.5x"},"classes":[]},{"id":2400,"url":"https:\/\/sven-teuber.info\/wordpress\/snap-to-grid\/","url_meta":{"origin":47,"position":2},"title":"SNAP TO GRID","author":"steuber","date":"25. Oktober 2014","format":"aside","excerpt":"the UN-Juried Exhibit every entry shown! December 11, 2014-January 3, 2015 Opening Reception Thursday December 11, 7-9pm in conjunction with the Downtown Art Walk Installation shot, Snap to Grid 2013 Show your work in our un-juried exhibit featuring digital art and photography at the tenth anniversary exhibit of this very\u2026","rel":"","context":"In &quot;Events&quot;","block_context":{"text":"Events","link":"https:\/\/sven-teuber.info\/wordpress\/category\/events\/"},"img":{"alt_text":"snap to grid installation shot","src":"https:\/\/i0.wp.com\/lacda.com\/snap104.jpg?resize=350%2C200","width":350,"height":200,"srcset":"https:\/\/i0.wp.com\/lacda.com\/snap104.jpg?resize=350%2C200 1x, https:\/\/i0.wp.com\/lacda.com\/snap104.jpg?resize=525%2C300 1.5x"},"classes":[]},{"id":3772,"url":"https:\/\/sven-teuber.info\/wordpress\/notice-new-exhibition-100-year-anniversary-of-dada\/","url_meta":{"origin":47,"position":3},"title":"Notice new Exhibition: 100 year Anniversary of DADA!","author":"steuber","date":"17. Oktober 2016","format":false,"excerpt":"Dada Centennial: Day of the Dead \u00a0The International Museum of Collage, Assemblage and Construction with the International Society of Assemblage and Collage Artists in Santa Fe, New Mexico contribute to our celebration of the 100 year Anniversary of DADA! Because The Archives are in Santa Fe, we will also be\u2026","rel":"","context":"In &quot;Exhibition&quot;","block_context":{"text":"Exhibition","link":"https:\/\/sven-teuber.info\/wordpress\/category\/exhibition\/"},"img":{"alt_text":"Dada_Cream","src":"https:\/\/i0.wp.com\/sven-teuber.info\/wordpress\/wp-content\/uploads\/2016\/02\/Dada_Cream.jpg?resize=350%2C200","width":350,"height":200,"srcset":"https:\/\/i0.wp.com\/sven-teuber.info\/wordpress\/wp-content\/uploads\/2016\/02\/Dada_Cream.jpg?resize=350%2C200 1x, https:\/\/i0.wp.com\/sven-teuber.info\/wordpress\/wp-content\/uploads\/2016\/02\/Dada_Cream.jpg?resize=525%2C300 1.5x"},"classes":[]},{"id":3238,"url":"https:\/\/sven-teuber.info\/wordpress\/we-came-here-to-defend-journalism\/","url_meta":{"origin":47,"position":4},"title":"We came here to defend journalism","author":"steuber","date":"21. Dezember 2015","format":"status","excerpt":"Cumhuriyet daily\u2019s D\u00fcndar, G\u00fcl arrested over report on Syria arms transfer The editor-in-chief of the Cumhuriyet daily, Can D\u00fcndar, and the paper's Ankara representative Erdem G\u00fcl have been arrested on charges of being members of a terror organization, espionage and revealing confidential documents -- charges that could see them spend\u2026","rel":"","context":"In &quot;For your Information&quot;","block_context":{"text":"For your Information","link":"https:\/\/sven-teuber.info\/wordpress\/category\/for-your-information\/"},"img":{"alt_text":"","src":"","width":0,"height":0},"classes":[]},{"id":2023,"url":"https:\/\/sven-teuber.info\/wordpress\/urban-lights\/","url_meta":{"origin":47,"position":5},"title":"BORDERLAND &#8211; The entropy of identities. International Video Art","author":"steuber","date":"8. Februar 2014","format":"video","excerpt":"I have been selected finalist at the art competion \"BorderBody-Mixing Identities\" by International ArtExpo with the video \"Urban Lights\" that will be shown in Almeria ( Spain) at MECA Mediterr\u00e1neo Centro Art\u00edstico, the 13th and the 27th of March 2014. \"BORDERLAND - The entropy of identities\" international video art screening\u2026","rel":"","context":"In &quot;StreetArt&quot;","block_context":{"text":"StreetArt","link":"https:\/\/sven-teuber.info\/wordpress\/category\/streetart\/"},"img":{"alt_text":"","src":"","width":0,"height":0},"classes":[]}],"jetpack_likes_enabled":true,"_links":{"self":[{"href":"https:\/\/sven-teuber.info\/wordpress\/wp-json\/wp\/v2\/posts\/47","targetHints":{"allow":["GET"]}}],"collection":[{"href":"https:\/\/sven-teuber.info\/wordpress\/wp-json\/wp\/v2\/posts"}],"about":[{"href":"https:\/\/sven-teuber.info\/wordpress\/wp-json\/wp\/v2\/types\/post"}],"author":[{"embeddable":true,"href":"https:\/\/sven-teuber.info\/wordpress\/wp-json\/wp\/v2\/users\/2"}],"replies":[{"embeddable":true,"href":"https:\/\/sven-teuber.info\/wordpress\/wp-json\/wp\/v2\/comments?post=47"}],"version-history":[{"count":8,"href":"https:\/\/sven-teuber.info\/wordpress\/wp-json\/wp\/v2\/posts\/47\/revisions"}],"predecessor-version":[{"id":55,"href":"https:\/\/sven-teuber.info\/wordpress\/wp-json\/wp\/v2\/posts\/47\/revisions\/55"}],"wp:attachment":[{"href":"https:\/\/sven-teuber.info\/wordpress\/wp-json\/wp\/v2\/media?parent=47"}],"wp:term":[{"taxonomy":"category","embeddable":true,"href":"https:\/\/sven-teuber.info\/wordpress\/wp-json\/wp\/v2\/categories?post=47"},{"taxonomy":"post_tag","embeddable":true,"href":"https:\/\/sven-teuber.info\/wordpress\/wp-json\/wp\/v2\/tags?post=47"}],"curies":[{"name":"wp","href":"https:\/\/api.w.org\/{rel}","templated":true}]}}