{"id":4906,"date":"2019-04-27T15:17:54","date_gmt":"2019-04-27T13:17:54","guid":{"rendered":"http:\/\/sven-teuber.info\/wordpress\/?p=4906"},"modified":"2019-04-27T15:18:00","modified_gmt":"2019-04-27T13:18:00","slug":"100-jahre-bauhaus-dessau","status":"publish","type":"post","link":"https:\/\/sven-teuber.info\/wordpress\/100-jahre-bauhaus-dessau\/","title":{"rendered":"100 Jahre Bauhaus Dessau"},"content":{"rendered":"\n<figure class=\"wp-block-image\"><img data-recalc-dims=\"1\" loading=\"lazy\" decoding=\"async\" width=\"584\" height=\"518\" data-attachment-id=\"4905\" data-permalink=\"https:\/\/sven-teuber.info\/wordpress\/bauhaus-history_st\/\" data-orig-file=\"https:\/\/i0.wp.com\/sven-teuber.info\/wordpress\/wp-content\/uploads\/2019\/04\/Bauhaus-History_ST.jpg?fit=5000%2C4433&amp;ssl=1\" data-orig-size=\"5000,4433\" data-comments-opened=\"1\" data-image-meta=\"{&quot;aperture&quot;:&quot;0&quot;,&quot;credit&quot;:&quot;&quot;,&quot;camera&quot;:&quot;&quot;,&quot;caption&quot;:&quot;&quot;,&quot;created_timestamp&quot;:&quot;0&quot;,&quot;copyright&quot;:&quot;&quot;,&quot;focal_length&quot;:&quot;0&quot;,&quot;iso&quot;:&quot;0&quot;,&quot;shutter_speed&quot;:&quot;0&quot;,&quot;title&quot;:&quot;&quot;,&quot;orientation&quot;:&quot;1&quot;}\" data-image-title=\"Bauhaus-History_ST\" data-image-description=\"\" data-image-caption=\"&lt;p&gt;Bauhaus 100 Jahre&lt;\/p&gt;\n\" data-large-file=\"https:\/\/i0.wp.com\/sven-teuber.info\/wordpress\/wp-content\/uploads\/2019\/04\/Bauhaus-History_ST.jpg?fit=584%2C518&amp;ssl=1\" src=\"https:\/\/i0.wp.com\/sven-teuber.info\/wordpress\/wp-content\/uploads\/2019\/04\/Bauhaus-History_ST.jpg?resize=584%2C518&#038;ssl=1\" alt=\"\" class=\"wp-image-4905\" srcset=\"https:\/\/i0.wp.com\/sven-teuber.info\/wordpress\/wp-content\/uploads\/2019\/04\/Bauhaus-History_ST.jpg?resize=1024%2C908&amp;ssl=1 1024w, https:\/\/i0.wp.com\/sven-teuber.info\/wordpress\/wp-content\/uploads\/2019\/04\/Bauhaus-History_ST.jpg?resize=300%2C266&amp;ssl=1 300w, https:\/\/i0.wp.com\/sven-teuber.info\/wordpress\/wp-content\/uploads\/2019\/04\/Bauhaus-History_ST.jpg?resize=768%2C681&amp;ssl=1 768w, https:\/\/i0.wp.com\/sven-teuber.info\/wordpress\/wp-content\/uploads\/2019\/04\/Bauhaus-History_ST.jpg?resize=271%2C240&amp;ssl=1 271w, https:\/\/i0.wp.com\/sven-teuber.info\/wordpress\/wp-content\/uploads\/2019\/04\/Bauhaus-History_ST.jpg?resize=338%2C300&amp;ssl=1 338w, https:\/\/i0.wp.com\/sven-teuber.info\/wordpress\/wp-content\/uploads\/2019\/04\/Bauhaus-History_ST.jpg?w=1168&amp;ssl=1 1168w, https:\/\/i0.wp.com\/sven-teuber.info\/wordpress\/wp-content\/uploads\/2019\/04\/Bauhaus-History_ST.jpg?w=1752&amp;ssl=1 1752w\" sizes=\"auto, (max-width: 584px) 100vw, 584px\" \/><figcaption>ST, 2019, Title: 100 Jahre Bauhaus<\/figcaption><\/figure>\n\n\n\n<p class=\"has-drop-cap wp-block-paragraph\">Das Staatliche <a aria-label=\"Bauhaus (opens in a new tab)\" rel=\"noreferrer noopener\" href=\"https:\/\/www.bauhaus-dessau.de\/de\/index.html\" target=\"_blank\">Bauhaus<\/a>, inzwischen meist nur Bauhaus, wurde 1919 von Walter Gropius in Weimar als Kunstschule gegr\u00fcndet. Nach Art und Konzeption war es damals etwas v\u00f6llig Neues, da das Bauhaus eine Zusammenf\u00fchrung von Kunst und Handwerk darstellte. Das historische Bauhaus stellt heute die einflussreichste Bildungsst\u00e4tte im Bereich der Architektur, der Kunst und des Designs im 20. Jahrhundert dar. <\/p>\n\n\n\n<!--more-->\n\n\n\n<p class=\"has-drop-cap wp-block-paragraph\">Das Bauhaus bestand von 1919 bis 1933 und gilt heute weltweit als Heimst\u00e4tte der Avantgarde der Klassischen Moderne auf allen Gebieten der freien und angewandten Kunst und Architektur.<\/p>\n\n\n\n<p class=\"has-drop-cap wp-block-paragraph\">Vor 85 Jahren beschloss der Gemeinderat von Dessau auf Antrag der NSDAP-Fraktion das Ende des Bauhauses in Dessau. Dem vorangegangen war eine jahrelange Kampagne der Rechten gegen den \u201eBaubolschewismus\u201c.<br \/>Lehrende und Lernende versuchten, mit ihrem kreativen und k\u00fcnstlerischen Engagement den zerst\u00f6rerischen Kr\u00e4ften standzuhalten, Bauhaus-Bef\u00fcrworter traten in Politik, Industrie und Gesellschaft f\u00fcr die Institution ein. Im Sommer 1932 spitzte sich die Entwicklung jedoch zu, nachdem die NSDAP in Anhalt in Koalition mit den Deutschnationalen erstmalig eine Landesregierung hatte \u00fcbernehmen k\u00f6nnen: Eine Gruppe hochrangiger NS-Funktion\u00e4re inspizierte das Bauhaus, Hitler trat vor zehntausenden begeisterter Zuschauer in Dessau auf, 80.000 SA-Leuten marschieren in der Stadt auf und bei den Reichstagswahlen wurde die NSDAP st\u00e4rkste Fraktion. <\/p>\n\n\n\n<p class=\"has-drop-cap wp-block-paragraph\">Unter dem Eindruck dieser Ereignisse, votierte die Mehrheit des Gemeinderates \u2013 gegen die Stimmen der KPD-Abgeordneten und bei Stimmenthaltung der SPD-Fraktion \u2013 gegen eine Weiterfinanzierung der von Ludwig Mies van der Rohe geleiteten Kunst-, Design- und Architekturschule. Das Bauhaus Dessau wurde zum 1. Oktober 1932 geschlossen. <\/p>\n","protected":false},"excerpt":{"rendered":"<p>Das Staatliche Bauhaus, inzwischen meist nur Bauhaus, wurde 1919 von Walter Gropius in Weimar als Kunstschule gegr\u00fcndet. Nach Art und Konzeption war es damals etwas v\u00f6llig Neues, da das Bauhaus eine Zusammenf\u00fchrung von Kunst und Handwerk darstellte. Das historische Bauhaus &hellip; <a href=\"https:\/\/sven-teuber.info\/wordpress\/100-jahre-bauhaus-dessau\/\">Weiterlesen <span class=\"meta-nav\">&rarr;<\/span><\/a><\/p>\n","protected":false},"author":2,"featured_media":0,"comment_status":"open","ping_status":"open","sticky":false,"template":"","format":"standard","meta":{"_crdt_document":"","jetpack_post_was_ever_published":false,"_jetpack_newsletter_access":"","_jetpack_dont_email_post_to_subs":false,"_jetpack_newsletter_tier_id":0,"_jetpack_memberships_contains_paywalled_content":false,"_jetpack_memberships_contains_paid_content":false,"footnotes":"","jetpack_publicize_message":"","jetpack_publicize_feature_enabled":true,"jetpack_social_post_already_shared":true,"jetpack_social_options":{"image_generator_settings":{"template":"highway","default_image_id":0,"font":"","enabled":false},"version":2}},"categories":[1,4,10,502],"tags":[755,756,757],"class_list":["post-4906","post","type-post","status-publish","format-standard","hentry","category-allgemein","category-exhibition","category-peinture","category-politik","tag-bauhaus","tag-dessau","tag-walter-gropius"],"jetpack_publicize_connections":[],"jetpack_featured_media_url":"","jetpack_sharing_enabled":true,"jetpack_shortlink":"https:\/\/wp.me\/p3CWBT-1h8","jetpack-related-posts":[{"id":6596,"url":"https:\/\/sven-teuber.info\/wordpress\/dada-und-die-experimentelle-fotografie-konzepte-kuenstler-und-aktualitaet\/","url_meta":{"origin":4906,"position":0},"title":"Dada und die experimentelle Fotografie: Konzepte, K\u00fcnstler und Aktualit\u00e4t","author":"steuber","date":"18. August 2025","format":false,"excerpt":"1. Einleitung: Bedeutung von Dada in der Fotografie Die Dada-Bewegung, entstanden 1916 im Z\u00fcrcher Cabaret Voltaire, gilt als eine der radikalsten k\u00fcnstlerischen Str\u00f6mungen des 20. Jahrhunderts. Sie war weniger ein Stil als vielmehr eine Haltung: der bewusste Bruch mit tradierten Kunstnormen, die Ablehnung rationaler Systeme und die Hinwendung zum Absurden,\u2026","rel":"","context":"In &quot;Allgemein&quot;","block_context":{"text":"Allgemein","link":"https:\/\/sven-teuber.info\/wordpress\/category\/allgemein\/"},"img":{"alt_text":"","src":"","width":0,"height":0},"classes":[]},{"id":5948,"url":"https:\/\/sven-teuber.info\/wordpress\/koerner-strasse-koeln\/","url_meta":{"origin":4906,"position":1},"title":"K\u00f6rner Stra\u00dfe K\u00f6ln","author":"steuber","date":"13. Mai 2023","format":false,"excerpt":"Die K\u00f6rnerstra\u00dfe ist eine bunte und lebendige Einkaufsstra\u00dfe im Herzen von K\u00f6ln Ehrenfeld, die nicht nur mit charmanten Gesch\u00e4ften, Caf\u00e9s und Restaurants lockt, sondern auch mit einer vielf\u00e4ltigen und kreativen Stra\u00dfenkunstszene. Ob Graffiti, Sticker, Poster oder Skulpturen \u2013 an jeder Ecke gibt es etwas zu entdecken, das die Stra\u00dfe zu\u2026","rel":"","context":"In &quot;Allgemein&quot;","block_context":{"text":"Allgemein","link":"https:\/\/sven-teuber.info\/wordpress\/category\/allgemein\/"},"img":{"alt_text":"","src":"https:\/\/i0.wp.com\/sven-teuber.info\/wordpress\/wp-content\/uploads\/2023\/05\/PXL_20230513_125827691-01-1-scaled.jpeg?resize=350%2C200","width":350,"height":200,"srcset":"https:\/\/i0.wp.com\/sven-teuber.info\/wordpress\/wp-content\/uploads\/2023\/05\/PXL_20230513_125827691-01-1-scaled.jpeg?resize=350%2C200 1x, https:\/\/i0.wp.com\/sven-teuber.info\/wordpress\/wp-content\/uploads\/2023\/05\/PXL_20230513_125827691-01-1-scaled.jpeg?resize=525%2C300 1.5x, https:\/\/i0.wp.com\/sven-teuber.info\/wordpress\/wp-content\/uploads\/2023\/05\/PXL_20230513_125827691-01-1-scaled.jpeg?resize=700%2C400 2x, https:\/\/i0.wp.com\/sven-teuber.info\/wordpress\/wp-content\/uploads\/2023\/05\/PXL_20230513_125827691-01-1-scaled.jpeg?resize=1050%2C600 3x, https:\/\/i0.wp.com\/sven-teuber.info\/wordpress\/wp-content\/uploads\/2023\/05\/PXL_20230513_125827691-01-1-scaled.jpeg?resize=1400%2C800 4x"},"classes":[]},{"id":2587,"url":"https:\/\/sven-teuber.info\/wordpress\/kann-kunst-denn-kriege-verhindern-frau-karabaic-waz-de\/","url_meta":{"origin":4906,"position":2},"title":"Kann Kunst denn Kriege verhindern, Frau Karabaic? WAZ.de","author":"steuber","date":"13. Januar 2015","format":"quote","excerpt":"FOTO: ANW Flickr Am Niederrhein. \u00a0 Milena Karabaic ist LVR-Dezernentin und hat eine Talk-Runde vorbereitet: \u201eZeichen gegen den Krieg\u201c und die Rolle der Kunst. Donnerstag, im Lehmbruck-Museum Duisburg.Welche Rolle spielt die Kunst in Zeiten des Krieges? Welche M\u00f6glichkeit hat sie? Der Landschaftsverband Rheinland (LVR) l\u00e4dt im Rahmen des Verbundprojektes \u201e1914\u2026","rel":"","context":"In &quot;Allgemein&quot;","block_context":{"text":"Allgemein","link":"https:\/\/sven-teuber.info\/wordpress\/category\/allgemein\/"},"img":{"alt_text":"","src":"","width":0,"height":0},"classes":[]},{"id":5889,"url":"https:\/\/sven-teuber.info\/wordpress\/einladung-zur-ausstellung-vieles-ist-noch-moeglich\/","url_meta":{"origin":4906,"position":3},"title":"Einladung zur Ausstellung &#8222;VIELES IST NOCH M\u00d6GLICH&#8220;","author":"steuber","date":"11. M\u00e4rz 2023","format":false,"excerpt":"Wir laden euch herzlich zur Ausstellung \"VIELES IST NOCH M\u00d6GLICH\" in der Galerie eyegenart ein. Zus\u00e4tzlich zur dieser Ausstellung findet am 06. & 07.05.2023 in K\u00f6ln die Kunstroute statt, bei der wir und verschiedene andere Galerien und Ausstellungsorte ihre T\u00fcren \u00f6ffnen und Besucher einladen, die lokale K\u00f6lner Kunstszene zu entdecken.\u2026","rel":"","context":"In &quot;Exhibition&quot;","block_context":{"text":"Exhibition","link":"https:\/\/sven-teuber.info\/wordpress\/category\/exhibition\/"},"img":{"alt_text":"","src":"https:\/\/i0.wp.com\/sven-teuber.info\/wordpress\/wp-content\/uploads\/2023\/03\/Screenshot_20230315-230752.png?resize=350%2C200&ssl=1","width":350,"height":200,"srcset":"https:\/\/i0.wp.com\/sven-teuber.info\/wordpress\/wp-content\/uploads\/2023\/03\/Screenshot_20230315-230752.png?resize=350%2C200&ssl=1 1x, https:\/\/i0.wp.com\/sven-teuber.info\/wordpress\/wp-content\/uploads\/2023\/03\/Screenshot_20230315-230752.png?resize=525%2C300&ssl=1 1.5x, https:\/\/i0.wp.com\/sven-teuber.info\/wordpress\/wp-content\/uploads\/2023\/03\/Screenshot_20230315-230752.png?resize=700%2C400&ssl=1 2x, https:\/\/i0.wp.com\/sven-teuber.info\/wordpress\/wp-content\/uploads\/2023\/03\/Screenshot_20230315-230752.png?resize=1050%2C600&ssl=1 3x, https:\/\/i0.wp.com\/sven-teuber.info\/wordpress\/wp-content\/uploads\/2023\/03\/Screenshot_20230315-230752.png?resize=1400%2C800&ssl=1 4x"},"classes":[]},{"id":2802,"url":"https:\/\/sven-teuber.info\/wordpress\/ausstellung-dosenfutter-vernissage-17-03-ab-1800-buergeramt-kalk\/","url_meta":{"origin":4906,"position":4},"title":"Ausstellung &#8222;Dosenfutter&#8220;. Kunst im Bezirksrathaus Kalk bis 26 Mai","author":"steuber","date":"2. M\u00e4rz 2015","format":false,"excerpt":"Ab dem 17. M\u00e4rz verl\u00e4ngert bis zum 26. Mai 2015 stellt der K\u00fcnstler Sven Teuber aus H\u00fcrth seine Werke im B\u00fcrgeramt Kalk aus. (\u00d6ffnungszeiten: Mo.-Do.: 8 bis 12 und 14 bis 18 Uhr; Fr.: 8 bis 12 Uhr) 51103 K\u00f6ln, Kalker Hauptstr. 247 - 273 Vernissage 17.03.15, beginn 18:00 Uhr\u2026","rel":"","context":"In &quot;Allgemein&quot;","block_context":{"text":"Allgemein","link":"https:\/\/sven-teuber.info\/wordpress\/category\/allgemein\/"},"img":{"alt_text":"Dossenfutter-K\u00f6ln","src":"https:\/\/i0.wp.com\/sven-teuber.info\/wordpress\/wp-content\/uploads\/2015\/03\/Dossenfutter-K%C3%B6ln.jpg?resize=350%2C200","width":350,"height":200,"srcset":"https:\/\/i0.wp.com\/sven-teuber.info\/wordpress\/wp-content\/uploads\/2015\/03\/Dossenfutter-K%C3%B6ln.jpg?resize=350%2C200 1x, https:\/\/i0.wp.com\/sven-teuber.info\/wordpress\/wp-content\/uploads\/2015\/03\/Dossenfutter-K%C3%B6ln.jpg?resize=525%2C300 1.5x, https:\/\/i0.wp.com\/sven-teuber.info\/wordpress\/wp-content\/uploads\/2015\/03\/Dossenfutter-K%C3%B6ln.jpg?resize=700%2C400 2x"},"classes":[]},{"id":574,"url":"https:\/\/sven-teuber.info\/wordpress\/theater-mfc-meine-fresse-club\/","url_meta":{"origin":4906,"position":5},"title":"Theater: &#8222;MFC &#8211; Meine Fresse Club&#8220;","author":"steuber","date":"12. August 2013","format":false,"excerpt":"Liebe Freunde des anarchischen Theaters, hiermit laden wir herzlich ein: Fr., 16.8. - Einlass 20:30 Uhr - UKB \u20ac 7.-- \/ erm. 5.-- \"MFC - Meine Fresse Club\" Die verr\u00fcckte \"Theater\"-Truppe um und mit Walter Stehling wird wieder ihr Bestes geben. Das Publikum wird am\u00fcsiert und irritiert, aber immer respektiert.\u2026","rel":"","context":"In &quot;Allgemein&quot;","block_context":{"text":"Allgemein","link":"https:\/\/sven-teuber.info\/wordpress\/category\/allgemein\/"},"img":{"alt_text":"","src":"","width":0,"height":0},"classes":[]}],"jetpack_likes_enabled":true,"_links":{"self":[{"href":"https:\/\/sven-teuber.info\/wordpress\/wp-json\/wp\/v2\/posts\/4906","targetHints":{"allow":["GET"]}}],"collection":[{"href":"https:\/\/sven-teuber.info\/wordpress\/wp-json\/wp\/v2\/posts"}],"about":[{"href":"https:\/\/sven-teuber.info\/wordpress\/wp-json\/wp\/v2\/types\/post"}],"author":[{"embeddable":true,"href":"https:\/\/sven-teuber.info\/wordpress\/wp-json\/wp\/v2\/users\/2"}],"replies":[{"embeddable":true,"href":"https:\/\/sven-teuber.info\/wordpress\/wp-json\/wp\/v2\/comments?post=4906"}],"version-history":[{"count":4,"href":"https:\/\/sven-teuber.info\/wordpress\/wp-json\/wp\/v2\/posts\/4906\/revisions"}],"predecessor-version":[{"id":4910,"href":"https:\/\/sven-teuber.info\/wordpress\/wp-json\/wp\/v2\/posts\/4906\/revisions\/4910"}],"wp:attachment":[{"href":"https:\/\/sven-teuber.info\/wordpress\/wp-json\/wp\/v2\/media?parent=4906"}],"wp:term":[{"taxonomy":"category","embeddable":true,"href":"https:\/\/sven-teuber.info\/wordpress\/wp-json\/wp\/v2\/categories?post=4906"},{"taxonomy":"post_tag","embeddable":true,"href":"https:\/\/sven-teuber.info\/wordpress\/wp-json\/wp\/v2\/tags?post=4906"}],"curies":[{"name":"wp","href":"https:\/\/api.w.org\/{rel}","templated":true}]}}