{"id":4979,"date":"2019-06-14T23:44:37","date_gmt":"2019-06-14T21:44:37","guid":{"rendered":"http:\/\/sven-teuber.info\/wordpress\/?p=4979"},"modified":"2019-06-15T00:02:39","modified_gmt":"2019-06-14T22:02:39","slug":"phare-de-ploumanach-bretagne","status":"publish","type":"post","link":"https:\/\/sven-teuber.info\/wordpress\/phare-de-ploumanach-bretagne\/","title":{"rendered":"Phare de Ploumanac\u2019h, Bretagne"},"content":{"rendered":"\n<div id=\"attachment_4978\" style=\"width: 2366px\" class=\"wp-caption aligncenter\"><a href=\"https:\/\/i0.wp.com\/sven-teuber.info\/wordpress\/wp-content\/uploads\/2019\/06\/9AD09818-F915-483D-86C5-3153E65BB9CD.jpeg?ssl=1\" rel=\"lightbox[4979]\"><img data-recalc-dims=\"1\" loading=\"lazy\" decoding=\"async\" aria-describedby=\"caption-attachment-4978\" data-attachment-id=\"4978\" data-permalink=\"https:\/\/sven-teuber.info\/wordpress\/phare-de-ploumanach-bretagne\/9ad09818-f915-483d-86c5-3153e65bb9cd\/\" data-orig-file=\"https:\/\/i0.wp.com\/sven-teuber.info\/wordpress\/wp-content\/uploads\/2019\/06\/9AD09818-F915-483D-86C5-3153E65BB9CD.jpeg?fit=2356%2C1840&amp;ssl=1\" data-orig-size=\"2356,1840\" data-comments-opened=\"1\" data-image-meta=\"{&quot;aperture&quot;:&quot;0&quot;,&quot;credit&quot;:&quot;&quot;,&quot;camera&quot;:&quot;&quot;,&quot;caption&quot;:&quot;&quot;,&quot;created_timestamp&quot;:&quot;0&quot;,&quot;copyright&quot;:&quot;&quot;,&quot;focal_length&quot;:&quot;0&quot;,&quot;iso&quot;:&quot;0&quot;,&quot;shutter_speed&quot;:&quot;0&quot;,&quot;title&quot;:&quot;&quot;,&quot;orientation&quot;:&quot;0&quot;}\" data-image-title=\"Phare de Ploumanach\" data-image-description=\"\" data-image-caption=\"&lt;p&gt;ST, 2019, Titel: Phare de Ploumanac\u2019h&lt;\/p&gt;\n\" data-large-file=\"https:\/\/i0.wp.com\/sven-teuber.info\/wordpress\/wp-content\/uploads\/2019\/06\/9AD09818-F915-483D-86C5-3153E65BB9CD.jpeg?fit=584%2C456&amp;ssl=1\" class=\"wp-image-4978 size-full\" src=\"https:\/\/i0.wp.com\/sven-teuber.info\/wordpress\/wp-content\/uploads\/2019\/06\/9AD09818-F915-483D-86C5-3153E65BB9CD.jpeg?resize=584%2C456&#038;ssl=1\" alt=\"\" width=\"584\" height=\"456\" srcset=\"https:\/\/i0.wp.com\/sven-teuber.info\/wordpress\/wp-content\/uploads\/2019\/06\/9AD09818-F915-483D-86C5-3153E65BB9CD.jpeg?w=2356&amp;ssl=1 2356w, https:\/\/i0.wp.com\/sven-teuber.info\/wordpress\/wp-content\/uploads\/2019\/06\/9AD09818-F915-483D-86C5-3153E65BB9CD.jpeg?resize=300%2C234&amp;ssl=1 300w, https:\/\/i0.wp.com\/sven-teuber.info\/wordpress\/wp-content\/uploads\/2019\/06\/9AD09818-F915-483D-86C5-3153E65BB9CD.jpeg?resize=768%2C600&amp;ssl=1 768w, https:\/\/i0.wp.com\/sven-teuber.info\/wordpress\/wp-content\/uploads\/2019\/06\/9AD09818-F915-483D-86C5-3153E65BB9CD.jpeg?resize=1024%2C800&amp;ssl=1 1024w, https:\/\/i0.wp.com\/sven-teuber.info\/wordpress\/wp-content\/uploads\/2019\/06\/9AD09818-F915-483D-86C5-3153E65BB9CD.jpeg?resize=307%2C240&amp;ssl=1 307w, https:\/\/i0.wp.com\/sven-teuber.info\/wordpress\/wp-content\/uploads\/2019\/06\/9AD09818-F915-483D-86C5-3153E65BB9CD.jpeg?resize=384%2C300&amp;ssl=1 384w, https:\/\/i0.wp.com\/sven-teuber.info\/wordpress\/wp-content\/uploads\/2019\/06\/9AD09818-F915-483D-86C5-3153E65BB9CD.jpeg?w=1168&amp;ssl=1 1168w, https:\/\/i0.wp.com\/sven-teuber.info\/wordpress\/wp-content\/uploads\/2019\/06\/9AD09818-F915-483D-86C5-3153E65BB9CD.jpeg?w=1752&amp;ssl=1 1752w\" sizes=\"auto, (max-width: 584px) 100vw, 584px\" \/><\/a><p id=\"caption-attachment-4978\" class=\"wp-caption-text\">ST, 2019, Titel: Phare de Ploumanac\u2019h<\/p><\/div>\n<p>Phare de Ploumanac&#8217;h ist ein 1945 erbauter Leuchtturm an der Kanalk\u00fcste der Bretagne im D\u00e9partement C\u00f4tes-d&#8217;Armor, Frankreich.<\/p>\n","protected":false},"excerpt":{"rendered":"<p>Phare de Ploumanac&#8217;h ist ein 1945 erbauter Leuchtturm an der Kanalk\u00fcste der Bretagne im D\u00e9partement C\u00f4tes-d&#8217;Armor, Frankreich.<\/p>\n","protected":false},"author":2,"featured_media":0,"comment_status":"open","ping_status":"open","sticky":false,"template":"","format":"standard","meta":{"_crdt_document":"","jetpack_post_was_ever_published":false,"_jetpack_newsletter_access":"","_jetpack_dont_email_post_to_subs":false,"_jetpack_newsletter_tier_id":0,"_jetpack_memberships_contains_paywalled_content":false,"_jetpack_memberships_contains_paid_content":false,"footnotes":"","jetpack_publicize_message":"","jetpack_publicize_feature_enabled":true,"jetpack_social_post_already_shared":true,"jetpack_social_options":{"image_generator_settings":{"template":"highway","default_image_id":0,"font":"","enabled":false},"version":2}},"categories":[1,10],"tags":[606],"class_list":["post-4979","post","type-post","status-publish","format-standard","hentry","category-allgemein","category-peinture","tag-bretagne"],"jetpack_publicize_connections":[],"jetpack_featured_media_url":"","jetpack_sharing_enabled":true,"jetpack_shortlink":"https:\/\/wp.me\/p3CWBT-1ij","jetpack-related-posts":[{"id":4990,"url":"https:\/\/sven-teuber.info\/wordpress\/bretagne\/","url_meta":{"origin":4979,"position":0},"title":"Bretagne","author":"steuber","date":"14. Juni 2019","format":false,"excerpt":"ST, 2019","rel":"","context":"In &quot;Allgemein&quot;","block_context":{"text":"Allgemein","link":"https:\/\/sven-teuber.info\/wordpress\/category\/allgemein\/"},"img":{"alt_text":"","src":"","width":0,"height":0},"classes":[]},{"id":5023,"url":"https:\/\/sven-teuber.info\/wordpress\/pontrieux-bretagne\/","url_meta":{"origin":4979,"position":1},"title":"Pontrieux, Bretagne","author":"steuber","date":"16. Juni 2019","format":false,"excerpt":"In Pontrieux gibt es ca. 50 wundersch\u00f6n restaurierte und blumengeschm\u00fcckte Waschh\u00e4user. Diese reihen sich an den Ufern des Trieux aneinander. In jedem Fall bietet sich die Gelegenheit zu einem au\u00dferordentlich reizvollen Ausflug. Ganz in der N\u00e4he von dem Fachwerkhaus, rechts, ca. 50 Meter befindet sich die kleine Galerie und Werkstatt\u2026","rel":"","context":"In &quot;Allgemein&quot;","block_context":{"text":"Allgemein","link":"https:\/\/sven-teuber.info\/wordpress\/category\/allgemein\/"},"img":{"alt_text":"","src":"https:\/\/i0.wp.com\/sven-teuber.info\/wordpress\/wp-content\/uploads\/2019\/06\/P1040640-1.jpg?resize=350%2C200","width":350,"height":200,"srcset":"https:\/\/i0.wp.com\/sven-teuber.info\/wordpress\/wp-content\/uploads\/2019\/06\/P1040640-1.jpg?resize=350%2C200 1x, https:\/\/i0.wp.com\/sven-teuber.info\/wordpress\/wp-content\/uploads\/2019\/06\/P1040640-1.jpg?resize=525%2C300 1.5x, https:\/\/i0.wp.com\/sven-teuber.info\/wordpress\/wp-content\/uploads\/2019\/06\/P1040640-1.jpg?resize=700%2C400 2x, https:\/\/i0.wp.com\/sven-teuber.info\/wordpress\/wp-content\/uploads\/2019\/06\/P1040640-1.jpg?resize=1050%2C600 3x, https:\/\/i0.wp.com\/sven-teuber.info\/wordpress\/wp-content\/uploads\/2019\/06\/P1040640-1.jpg?resize=1400%2C800 4x"},"classes":[]},{"id":4172,"url":"https:\/\/sven-teuber.info\/wordpress\/la-france-est-un-petit-pays-coince-entre-la-bretagne-et-la-belgique\/","url_meta":{"origin":4979,"position":2},"title":"&#8222;La France est un petit pays coinc\u00e9 entre la Bretagne et la Belgique.&#8220;","author":"steuber","date":"30. Juni 2017","format":"gallery","excerpt":"Das Finistere\u00a0\u00a0ist das westlichste Departement Frankreichs . 795 Km K\u00fcste bieten ein unvergleichliches Erlebnis und bezaubern durch ihre Wildheit und das Spiel von Ebbe und Flut.","rel":"","context":"In &quot;Foto-stretch&quot;","block_context":{"text":"Foto-stretch","link":"https:\/\/sven-teuber.info\/wordpress\/category\/foto-stretch\/"},"img":{"alt_text":"","src":"https:\/\/i0.wp.com\/sven-teuber.info\/wordpress\/wp-content\/uploads\/2017\/06\/Bretagne_2017_Fuji-0298.jpg?resize=350%2C200","width":350,"height":200,"srcset":"https:\/\/i0.wp.com\/sven-teuber.info\/wordpress\/wp-content\/uploads\/2017\/06\/Bretagne_2017_Fuji-0298.jpg?resize=350%2C200 1x, https:\/\/i0.wp.com\/sven-teuber.info\/wordpress\/wp-content\/uploads\/2017\/06\/Bretagne_2017_Fuji-0298.jpg?resize=525%2C300 1.5x, https:\/\/i0.wp.com\/sven-teuber.info\/wordpress\/wp-content\/uploads\/2017\/06\/Bretagne_2017_Fuji-0298.jpg?resize=700%2C400 2x, https:\/\/i0.wp.com\/sven-teuber.info\/wordpress\/wp-content\/uploads\/2017\/06\/Bretagne_2017_Fuji-0298.jpg?resize=1050%2C600 3x"},"classes":[]},{"id":2936,"url":"https:\/\/sven-teuber.info\/wordpress\/photos-bretagne\/","url_meta":{"origin":4979,"position":3},"title":"Photos Bretagne","author":"steuber","date":"30. Juli 2015","format":"gallery","excerpt":"In a part of Brittany that has managed to protect its shore and cultural heritage.","rel":"","context":"In &quot;Foto-stretch&quot;","block_context":{"text":"Foto-stretch","link":"https:\/\/sven-teuber.info\/wordpress\/category\/foto-stretch\/"},"img":{"alt_text":"","src":"https:\/\/i0.wp.com\/sven-teuber.info\/wordpress\/wp-content\/uploads\/2015\/07\/Bretagne_2015-7.jpg?resize=350%2C200","width":350,"height":200,"srcset":"https:\/\/i0.wp.com\/sven-teuber.info\/wordpress\/wp-content\/uploads\/2015\/07\/Bretagne_2015-7.jpg?resize=350%2C200 1x, https:\/\/i0.wp.com\/sven-teuber.info\/wordpress\/wp-content\/uploads\/2015\/07\/Bretagne_2015-7.jpg?resize=525%2C300 1.5x"},"classes":[]},{"id":5966,"url":"https:\/\/sven-teuber.info\/wordpress\/ohne-phantasie-keine-kunst\/","url_meta":{"origin":4979,"position":4},"title":"Ohne Phantasie keine Kunst","author":"steuber","date":"15. Juni 2023","format":false,"excerpt":"Titel: Devenus, ST 2023","rel":"","context":"In &quot;Allgemein&quot;","block_context":{"text":"Allgemein","link":"https:\/\/sven-teuber.info\/wordpress\/category\/allgemein\/"},"img":{"alt_text":"","src":"https:\/\/i0.wp.com\/sven-teuber.info\/wordpress\/wp-content\/uploads\/2023\/06\/img_3889.png?resize=350%2C200&ssl=1","width":350,"height":200,"srcset":"https:\/\/i0.wp.com\/sven-teuber.info\/wordpress\/wp-content\/uploads\/2023\/06\/img_3889.png?resize=350%2C200&ssl=1 1x, https:\/\/i0.wp.com\/sven-teuber.info\/wordpress\/wp-content\/uploads\/2023\/06\/img_3889.png?resize=525%2C300&ssl=1 1.5x, https:\/\/i0.wp.com\/sven-teuber.info\/wordpress\/wp-content\/uploads\/2023\/06\/img_3889.png?resize=700%2C400&ssl=1 2x, https:\/\/i0.wp.com\/sven-teuber.info\/wordpress\/wp-content\/uploads\/2023\/06\/img_3889.png?resize=1050%2C600&ssl=1 3x, https:\/\/i0.wp.com\/sven-teuber.info\/wordpress\/wp-content\/uploads\/2023\/06\/img_3889.png?resize=1400%2C800&ssl=1 4x"},"classes":[]},{"id":5009,"url":"https:\/\/sven-teuber.info\/wordpress\/ploumanach-%e2%80%91-perros%e2%80%91guirec\/","url_meta":{"origin":4979,"position":5},"title":"Ploumanac&#8217;h \u2011 Perros\u2011Guirec","author":"steuber","date":"15. Juni 2019","format":false,"excerpt":"\u00a0 Die imposanten rosa Granitfelsen von Ploumanach\u2019h zwischen den Str\u00e4nden Trestraou und Saint-Guirec sind auf der ganzen Welt bekannt. Einige sind \u00fcber zwanzig Meter hoch! Sie sind 300 Millionen Jahre alt und bilden auf einer Fl\u00e4che von \u00fcber 25 Hektar eine prachtvolle Kulisse.\u00a0","rel":"","context":"In &quot;Allgemein&quot;","block_context":{"text":"Allgemein","link":"https:\/\/sven-teuber.info\/wordpress\/category\/allgemein\/"},"img":{"alt_text":"","src":"https:\/\/i0.wp.com\/sven-teuber.info\/wordpress\/wp-content\/uploads\/2019\/06\/IMG_1593.jpg?resize=350%2C200","width":350,"height":200,"srcset":"https:\/\/i0.wp.com\/sven-teuber.info\/wordpress\/wp-content\/uploads\/2019\/06\/IMG_1593.jpg?resize=350%2C200 1x, https:\/\/i0.wp.com\/sven-teuber.info\/wordpress\/wp-content\/uploads\/2019\/06\/IMG_1593.jpg?resize=525%2C300 1.5x, https:\/\/i0.wp.com\/sven-teuber.info\/wordpress\/wp-content\/uploads\/2019\/06\/IMG_1593.jpg?resize=700%2C400 2x, https:\/\/i0.wp.com\/sven-teuber.info\/wordpress\/wp-content\/uploads\/2019\/06\/IMG_1593.jpg?resize=1050%2C600 3x, https:\/\/i0.wp.com\/sven-teuber.info\/wordpress\/wp-content\/uploads\/2019\/06\/IMG_1593.jpg?resize=1400%2C800 4x"},"classes":[]}],"jetpack_likes_enabled":true,"_links":{"self":[{"href":"https:\/\/sven-teuber.info\/wordpress\/wp-json\/wp\/v2\/posts\/4979","targetHints":{"allow":["GET"]}}],"collection":[{"href":"https:\/\/sven-teuber.info\/wordpress\/wp-json\/wp\/v2\/posts"}],"about":[{"href":"https:\/\/sven-teuber.info\/wordpress\/wp-json\/wp\/v2\/types\/post"}],"author":[{"embeddable":true,"href":"https:\/\/sven-teuber.info\/wordpress\/wp-json\/wp\/v2\/users\/2"}],"replies":[{"embeddable":true,"href":"https:\/\/sven-teuber.info\/wordpress\/wp-json\/wp\/v2\/comments?post=4979"}],"version-history":[{"count":7,"href":"https:\/\/sven-teuber.info\/wordpress\/wp-json\/wp\/v2\/posts\/4979\/revisions"}],"predecessor-version":[{"id":4997,"href":"https:\/\/sven-teuber.info\/wordpress\/wp-json\/wp\/v2\/posts\/4979\/revisions\/4997"}],"wp:attachment":[{"href":"https:\/\/sven-teuber.info\/wordpress\/wp-json\/wp\/v2\/media?parent=4979"}],"wp:term":[{"taxonomy":"category","embeddable":true,"href":"https:\/\/sven-teuber.info\/wordpress\/wp-json\/wp\/v2\/categories?post=4979"},{"taxonomy":"post_tag","embeddable":true,"href":"https:\/\/sven-teuber.info\/wordpress\/wp-json\/wp\/v2\/tags?post=4979"}],"curies":[{"name":"wp","href":"https:\/\/api.w.org\/{rel}","templated":true}]}}