{"id":5332,"date":"2020-09-03T14:29:29","date_gmt":"2020-09-03T12:29:29","guid":{"rendered":"http:\/\/sven-teuber.info\/wordpress\/?p=5332"},"modified":"2020-09-03T14:29:33","modified_gmt":"2020-09-03T12:29:33","slug":"ausstellung-vernissage-global-change-vom-09-09-20-30-10-20","status":"publish","type":"post","link":"https:\/\/sven-teuber.info\/wordpress\/ausstellung-vernissage-global-change-vom-09-09-20-30-10-20\/","title":{"rendered":"Ausstellung \/ Vernissage Global Change vom 09.09.20 \u2013 30.10.20"},"content":{"rendered":"\n<p><a href=\"https:\/\/sven-teuber.info\/wordpress\/maarkus-schulze-earth-2020\/\"><img data-recalc-dims=\"1\" loading=\"lazy\" decoding=\"async\" data-attachment-id=\"5330\" data-permalink=\"https:\/\/sven-teuber.info\/wordpress\/ausstellung-vernissage-global-change-vom-09-09-20-30-10-20\/maarkus-schulze-earth-2020\/\" data-orig-file=\"https:\/\/i0.wp.com\/sven-teuber.info\/wordpress\/wp-content\/uploads\/2020\/09\/Maarkus-Schulze-Earth-2020.jpg?fit=2048%2C816&amp;ssl=1\" data-orig-size=\"2048,816\" data-comments-opened=\"1\" data-image-meta=\"{&quot;aperture&quot;:&quot;0&quot;,&quot;credit&quot;:&quot;Daniel BOYMANN&quot;,&quot;camera&quot;:&quot;&quot;,&quot;caption&quot;:&quot;&quot;,&quot;created_timestamp&quot;:&quot;0&quot;,&quot;copyright&quot;:&quot;&quot;,&quot;focal_length&quot;:&quot;0&quot;,&quot;iso&quot;:&quot;0&quot;,&quot;shutter_speed&quot;:&quot;0&quot;,&quot;title&quot;:&quot;&quot;,&quot;orientation&quot;:&quot;0&quot;}\" data-image-title=\"Maarkus-Schulze-Earth-2020\" data-image-description=\"\" data-image-caption=\"\" data-large-file=\"https:\/\/i0.wp.com\/sven-teuber.info\/wordpress\/wp-content\/uploads\/2020\/09\/Maarkus-Schulze-Earth-2020.jpg?fit=584%2C233&amp;ssl=1\" class=\"aligncenter size-full wp-image-5330\" src=\"https:\/\/i0.wp.com\/sven-teuber.info\/wordpress\/wp-content\/uploads\/2020\/09\/Maarkus-Schulze-Earth-2020.jpg?resize=584%2C233&#038;ssl=1\" alt=\"\" width=\"584\" height=\"233\" srcset=\"https:\/\/i0.wp.com\/sven-teuber.info\/wordpress\/wp-content\/uploads\/2020\/09\/Maarkus-Schulze-Earth-2020.jpg?w=2048&amp;ssl=1 2048w, https:\/\/i0.wp.com\/sven-teuber.info\/wordpress\/wp-content\/uploads\/2020\/09\/Maarkus-Schulze-Earth-2020.jpg?resize=300%2C120&amp;ssl=1 300w, https:\/\/i0.wp.com\/sven-teuber.info\/wordpress\/wp-content\/uploads\/2020\/09\/Maarkus-Schulze-Earth-2020.jpg?resize=1024%2C408&amp;ssl=1 1024w, https:\/\/i0.wp.com\/sven-teuber.info\/wordpress\/wp-content\/uploads\/2020\/09\/Maarkus-Schulze-Earth-2020.jpg?resize=768%2C306&amp;ssl=1 768w, https:\/\/i0.wp.com\/sven-teuber.info\/wordpress\/wp-content\/uploads\/2020\/09\/Maarkus-Schulze-Earth-2020.jpg?resize=602%2C240&amp;ssl=1 602w, https:\/\/i0.wp.com\/sven-teuber.info\/wordpress\/wp-content\/uploads\/2020\/09\/Maarkus-Schulze-Earth-2020.jpg?resize=1536%2C612&amp;ssl=1 1536w, https:\/\/i0.wp.com\/sven-teuber.info\/wordpress\/wp-content\/uploads\/2020\/09\/Maarkus-Schulze-Earth-2020.jpg?resize=1400%2C558&amp;ssl=1 1400w, https:\/\/i0.wp.com\/sven-teuber.info\/wordpress\/wp-content\/uploads\/2020\/09\/Maarkus-Schulze-Earth-2020.jpg?resize=600%2C239&amp;ssl=1 600w, https:\/\/i0.wp.com\/sven-teuber.info\/wordpress\/wp-content\/uploads\/2020\/09\/Maarkus-Schulze-Earth-2020.jpg?w=1168&amp;ssl=1 1168w, https:\/\/i0.wp.com\/sven-teuber.info\/wordpress\/wp-content\/uploads\/2020\/09\/Maarkus-Schulze-Earth-2020.jpg?w=1752&amp;ssl=1 1752w\" sizes=\"auto, (max-width: 584px) 100vw, 584px\" \/><\/a><\/p>\n<p>Eintritt mit\u00a0\u00a0<strong><u>Hygienema\u00dfnahmen, Datenabgabe und Mundschutz<\/u><\/strong><\/p>\n<p><strong>ARISTOKRASS GALERIE |\u00a0<a href=\"https:\/\/maps.google.com\/?q=Huhnsgasse+46%7C+50676+K+ln&amp;entry=gmail&amp;source=g\">Huhnsgasse 46| 50676 K<\/a>\u00f6<a href=\"https:\/\/maps.google.com\/?q=Huhnsgasse+46%7C+50676+K+ln&amp;entry=gmail&amp;source=g\">ln<\/a>\u00a0| www.aristokrass.com | info@aristokrass.com<\/strong><\/p>\n<p style=\"margin-bottom: 0cm;\"><em><span style=\"font-size: 12.0pt; font-family: 'Arial',sans-serif; color: black;\">EVENTS und LIVESTREAM( FB Krisstine Bento Monteiro, Youtube Aristokrasslive)<\/span><\/em><\/p>\n<p><strong>Global Change<\/strong><\/p>\n<div>\u00a0<\/div>\n<p><em>*K\u00dcNSTLER: AUERSWALD MICHAELA, BEHRENDT PASCAL, BENTO MONTEIRO KRISSTINE, BLUME RENEE, B\u00d6XKES ANDRE, DUBOSE GEORGE, J\u00d6HRING MARKUS, FISCHENICH PETER, GOSSE AGII , KLOC JANUSZ, KNECHT RUTH, MORTIMER MAC BROWN, NODEPOND,PASKALI IRENA, SCHULZE MARKUS<\/em>\u00a0<em>,STADT THILO,TEUBER SVEN, ZYDEK THOMAS.<\/em><\/p>\n<div>\n<p>\u00a0<em>EVENTS und LIVESTREAM( FB Krisstine Bento Monteiro, Youtube Aristokrasslive)<\/em><\/p>\n<\/div>\n<div>\n<p>\u00a0<strong>*09.09.20 Vernissage \u201e GLOBAL CHANGE\u201e<\/strong><\/p>\n<\/div>\n<p><strong>|16:00|Besichtigung<\/strong><strong>|20:00| Performance\/DJ Markus Schulze\u00a0<\/strong><strong>LUWN (locagency)&lt;stricktly Vynill<\/strong><\/p>\n<div>\n<p>\u00a0<strong>*25.09.20 |20:00|Lesung Chrizz B.Reuer Performance Krisstine Bento Monteiro<\/strong><\/p>\n<\/div>\n<p><strong>*26.09.20|20:00| Konzert \/DJ Lineout-Kistenfreestyle &#8211;<\/strong>improvisiert elektronische Musik<br \/>Nun schon zum vierten Mal geben Baker und Taper als \u201elineout kistenfreestyle&#8220; in der Galerie\u00a0<span class=\"il\">Aristokrass<\/span>\u00a0ihren elektronischen Freestyle zum Besten. Sie entwickeln dabei atmosph\u00e4rische Klangkollagen zu treibenden, bewegenden Musikst\u00fccken, unvorhersehbar und stetig zugleich.<\/p>\n<div>\n<p>\u00a0<strong>*10.10.20 |20:00|Installation Nodepond und Drehcommando Improvisiert electronischer Musik.<\/strong><\/p>\n<\/div>\n<p>*17.10.20 |19:00|&#8220;FUTURE FOR CULTURE &#8220;\u00a0<strong>PODIUMSDISKUSSION\u00a0<\/strong>\u00a0zur bedrohlichen Lage des gesamten Kulturbetriebs \u00a0mit interessantes Teilehnern aus den verschiededensten Kunst und Kultursbereichen.<\/p>\n<div>\n<p>\u00a0<strong>*24.10.20 |20:00|VIDEO RETROSPEKTIV\u00a0<span class=\"il\">ARISTOKRASS<\/span>\u00a0Dez 2017-Okt 2020\u00a0<\/strong><strong><u>Dj Ralf Gusek<\/u><\/strong><\/p>\n<\/div>\n<div>\u00a0<\/div>\n<p>In der neuen Ausstellungsreihe \u201eGlobal Change&#8220; verwandelt sich die Galerie\u00a0<span class=\"il\">ARISTOKRASS<\/span>\u00a0\u00a0in einem multidimensionalen Ort. Vielf\u00e4ltige k\u00fcnstlerische\u00a0<wbr><\/wbr>Auseinandersetzung beleuchten dabei\u00a0unterschiedliche gesellschaftliche Ph\u00e4nomene \u2013 \u00a0kritisch, subversiv, verspielt oder auch ironisch.<\/p>\n<div>\n<p>\u00a0Kern des vierw\u00f6chigen Kunst- und Kulturfestivals ist eine gemischte Gruppenausstellung, bestehend aus\u00a0Arbeiten von 20 modernen K\u00fcnstlerInnen.<\/p>\n<\/div>\n<div>\n<p>\u00a0Nach 2 Jahren und beeindruckenden 38 Gruppenausstellungen mit \u00fcber 100 K\u00fcnstlern, 112 Events mit Performern , Musikern, DJs, Autoren verwandelt die Galerie ihr Konzept,\u00a0in ein Online-Format.\u00a0Freuen Sie sich auf t\u00e4gliche Reportagen \u00fcber die freie K\u00f6lner K\u00fcnstlerszene (u. a. Street Art, Malerei, DigitalKunst, Installation, Fotografie, Performance, Literatur, Make Up Artist, Tattoo) und einem Kunst-Festival ab 2021.<\/p>\n<\/div>\n<div>\u00a0<\/div>\n<p>Diese letzte Ausstellung setzt sich mit dem Thema, das uns\u00a0seit Februar 2020\u00a0am meistens besch\u00e4ftigt, auseinander: die Covid-19-Epidemie und den\u00a0fatalen\u00a0Konsequenzen auf unser Leben \u2013 eine Ver\u00e4nderung unseres gesamtem Systems, die unsere Anpassungsf\u00e4higkeit und Kreativit\u00e4t herausfordert.<\/p>\n<p>Seit M\u00e4rz 2020 dokumentiert Die Fotowache mit Markus Schulze (Fotograf &amp; Dozent) und Mickey Auerswald in zwei unterschiedlichen, fotografischen Projekten die Auswirkungen der Krise auf unser Leben. Dabei zeigen sie beispielhafte Arbeiten aus\u00a0 ihrer eigenen Dokumentation. Noch spannender wird aber die erste Pr\u00e4sentation von Ergebnissen ihrer demokratischen Sammlung \u201eEarth 2020 \u2013 life changes&#8220;, die inzwischen aus Fotografien von \u00fcber 50 Teilnehmern besteht.<\/p>\n<p><a href=\"http:\/\/www.facebook.com\/pandemicinpictures\" target=\"_blank\" rel=\"noopener noreferrer\" data-saferedirecturl=\"https:\/\/www.google.com\/url?q=http:\/\/www.facebook.com\/pandemicinpictures&amp;source=gmail&amp;ust=1598358895915000&amp;usg=AFQjCNFHmUd5HlKSuCsVG9nEqIB96sWi_w\">www.facebook.com\/<wbr><\/wbr>pandemicinpictures<\/a><\/p>\n<p>Unter dem Titel \u201eInge, Willi, Corona und ich.&#8220; pr\u00e4sentiert Markus J\u00f6hring seinen humorvoll, kritischen Cartoon, den er seit M\u00e4rz in den sozialen Netzwerken ver\u00f6ffentlicht \u2013 ein bereits ausgezeichnetes Zeitdokument\u00a0(K\u00fcnstler-<wbr><\/wbr>Revierkunstpreis 2020), das\u00a0au\u00dferhalb der Mainstream-Medien einen Erkenntnisgewinn verspricht (<a href=\"http:\/\/www.markus-joehring.de\/\" target=\"_blank\" rel=\"noopener noreferrer\" data-saferedirecturl=\"https:\/\/www.google.com\/url?q=http:\/\/www.markus-joehring.de&amp;source=gmail&amp;ust=1598358895915000&amp;usg=AFQjCNHfiVSMhzcMcgGSkXrvrGIxp2QN4A\">www.markus-joehring.de<\/a>).<\/p>\n","protected":false},"excerpt":{"rendered":"<p>Eintritt mit\u00a0\u00a0Hygienema\u00dfnahmen, Datenabgabe und Mundschutz ARISTOKRASS GALERIE |\u00a0Huhnsgasse 46| 50676 K\u00f6ln\u00a0| www.aristokrass.com | info@aristokrass.com EVENTS und LIVESTREAM( FB Krisstine Bento Monteiro, Youtube Aristokrasslive) Global Change \u00a0 *K\u00dcNSTLER: AUERSWALD MICHAELA, BEHRENDT PASCAL, BENTO MONTEIRO KRISSTINE, BLUME RENEE, B\u00d6XKES ANDRE, DUBOSE GEORGE, &hellip; <a href=\"https:\/\/sven-teuber.info\/wordpress\/ausstellung-vernissage-global-change-vom-09-09-20-30-10-20\/\">Weiterlesen <span class=\"meta-nav\">&rarr;<\/span><\/a><\/p>\n","protected":false},"author":2,"featured_media":0,"comment_status":"open","ping_status":"open","sticky":false,"template":"","format":"standard","meta":{"_crdt_document":"","jetpack_post_was_ever_published":false,"_jetpack_newsletter_access":"","_jetpack_dont_email_post_to_subs":false,"_jetpack_newsletter_tier_id":0,"_jetpack_memberships_contains_paywalled_content":false,"_jetpack_memberships_contains_paid_content":false,"footnotes":"","jetpack_publicize_message":"","jetpack_publicize_feature_enabled":true,"jetpack_social_post_already_shared":true,"jetpack_social_options":{"image_generator_settings":{"template":"highway","default_image_id":0,"font":"","enabled":false},"version":2}},"categories":[1,23,4],"tags":[812,486,813,191],"class_list":["post-5332","post","type-post","status-publish","format-standard","hentry","category-allgemein","category-events","category-exhibition","tag-aristokrass-galerie","tag-ausstellung","tag-global-change","tag-vernissage"],"jetpack_publicize_connections":[],"jetpack_featured_media_url":"","jetpack_sharing_enabled":true,"jetpack_shortlink":"https:\/\/wp.me\/p3CWBT-1o0","jetpack-related-posts":[{"id":4600,"url":"https:\/\/sven-teuber.info\/wordpress\/finissage-la-fiesta-de-los-muertos-aristokrass-galerie\/","url_meta":{"origin":5332,"position":0},"title":"FINISSAGE, la fiesta de los Muertos. ARISTOKRASS GALERIE","author":"steuber","date":"20. November 2018","format":false,"excerpt":"ARISTOKRASS GALERIE | Huhnsgasse 46| 50676 K\u00f6ln | www.aristokrass.com | info@aristokrass.com \u00d6FNNUNGSZEITEN: Mi-Sa.16-20 Uhr Programm NOVEMBER 2018 Do 08 Nov|18 Uhr <PERFORMANCE K\u00fcnstler Nterview Fr 09 Nov |19 Uhr <Musik & Art Sa 10 Nov|20.00 Uhr <KONZERT CBUS Surf Rock Mi 14 Nov|18 Uhr <Art & Musik Do 15 Nov|19\u2026","rel":"","context":"In &quot;Events&quot;","block_context":{"text":"Events","link":"https:\/\/sven-teuber.info\/wordpress\/category\/events\/"},"img":{"alt_text":"","src":"https:\/\/i0.wp.com\/sven-teuber.info\/wordpress\/wp-content\/uploads\/2018\/11\/TIKKI.jpg?resize=350%2C200","width":350,"height":200,"srcset":"https:\/\/i0.wp.com\/sven-teuber.info\/wordpress\/wp-content\/uploads\/2018\/11\/TIKKI.jpg?resize=350%2C200 1x, https:\/\/i0.wp.com\/sven-teuber.info\/wordpress\/wp-content\/uploads\/2018\/11\/TIKKI.jpg?resize=525%2C300 1.5x, https:\/\/i0.wp.com\/sven-teuber.info\/wordpress\/wp-content\/uploads\/2018\/11\/TIKKI.jpg?resize=700%2C400 2x"},"classes":[]},{"id":5209,"url":"https:\/\/sven-teuber.info\/wordpress\/ausstellung-digital-shit-im-aristokrass-galerie-koeln-vom-29-02-20-04-04-20\/","url_meta":{"origin":5332,"position":1},"title":"Ausstellung Digital Shit in der Aristokrass Galerie (K\u00f6ln) vom 29.02.20 &#8211; 04.04.20","author":"steuber","date":"23. Februar 2020","format":false,"excerpt":"ARISTOKRASS GALERIE | Huhnsgasse 46| 50676 K\u00f6ln | www.aristokrass.com | info@aristokrass.com \u00d6FNNUNGSZEITEN: Mi-Sa.16-20 Uhr *K\u00dcNSTLER: BENTO MONTEIRO KRISSTINE, BERGMANN ANNO, BRAND AXEL, DUBOSE GEORGE, EMHA, FISCHENICH PETER, GAJD\u00c1CS ZAKARIAS, GOSSE AGII, HECKERT RICHARD ALEXANDER, J\u00d6HRING MARKUS, KLOC JANUSZ, KNECHT RUTH, NODEPOND, SARI HAVVA, SCHULZE MARKUS, TEUBER SVEN, ZYDEK THOMAS. In\u2026","rel":"","context":"In &quot;Allgemein&quot;","block_context":{"text":"Allgemein","link":"https:\/\/sven-teuber.info\/wordpress\/category\/allgemein\/"},"img":{"alt_text":"","src":"https:\/\/i0.wp.com\/sven-teuber.info\/wordpress\/wp-content\/uploads\/2020\/02\/Flyer-Digital-Kopie.jpg?resize=350%2C200","width":350,"height":200,"srcset":"https:\/\/i0.wp.com\/sven-teuber.info\/wordpress\/wp-content\/uploads\/2020\/02\/Flyer-Digital-Kopie.jpg?resize=350%2C200 1x, https:\/\/i0.wp.com\/sven-teuber.info\/wordpress\/wp-content\/uploads\/2020\/02\/Flyer-Digital-Kopie.jpg?resize=525%2C300 1.5x, https:\/\/i0.wp.com\/sven-teuber.info\/wordpress\/wp-content\/uploads\/2020\/02\/Flyer-Digital-Kopie.jpg?resize=700%2C400 2x, https:\/\/i0.wp.com\/sven-teuber.info\/wordpress\/wp-content\/uploads\/2020\/02\/Flyer-Digital-Kopie.jpg?resize=1050%2C600 3x, https:\/\/i0.wp.com\/sven-teuber.info\/wordpress\/wp-content\/uploads\/2020\/02\/Flyer-Digital-Kopie.jpg?resize=1400%2C800 4x"},"classes":[]},{"id":4463,"url":"https:\/\/sven-teuber.info\/wordpress\/aristokrass-praesentiert-world-trash-society\/","url_meta":{"origin":5332,"position":2},"title":"ARISTOKRASS pr\u00e4sentiert  WORLD TRASH SOCIETY Ausstellung vom 13.04.18 bis 28.04.18","author":"steuber","date":"26. M\u00e4rz 2018","format":false,"excerpt":"ARISTOKRASS pr\u00e4sentiert WORLD TRASH SOCIETY am 13.04.2018 bis 28.04.2018 ab 18 Uhr In Bunker K101. K\u00f6rner Str 101. 50823 K\u00d6LN Gruppenausstellung mit 35 K\u00fcnstler Gro\u00dfes Rahmenprogramm: 9 Kunst-Events mit Musik, Literatur, Performance, Video, Versteigerung von Kunstgegenst\u00e4nden sowie eine Podiumsdiskussion mit interessanten Teilnehmern aus den verschiedensten (Kunst) Bereichen: CROSSART, GALERIE EYEGENART,\u2026","rel":"","context":"In &quot;Events&quot;","block_context":{"text":"Events","link":"https:\/\/sven-teuber.info\/wordpress\/category\/events\/"},"img":{"alt_text":"","src":"https:\/\/i0.wp.com\/sven-teuber.info\/wordpress\/wp-content\/uploads\/2018\/03\/Plakat-World-Trash-Society.jpg?resize=350%2C200","width":350,"height":200,"srcset":"https:\/\/i0.wp.com\/sven-teuber.info\/wordpress\/wp-content\/uploads\/2018\/03\/Plakat-World-Trash-Society.jpg?resize=350%2C200 1x, https:\/\/i0.wp.com\/sven-teuber.info\/wordpress\/wp-content\/uploads\/2018\/03\/Plakat-World-Trash-Society.jpg?resize=525%2C300 1.5x"},"classes":[]},{"id":4569,"url":"https:\/\/sven-teuber.info\/wordpress\/la-fiesta-de-los-muertos\/","url_meta":{"origin":5332,"position":3},"title":"Ausstellung, LA FIESTA DE LOS MUERTOS","author":"steuber","date":"21. September 2018","format":false,"excerpt":"ST Titel: Santa Muerte, 2018 ARISTOKRASS GALERIE Huhnsgasse 46 | 50676 K\u00f6ln | www.aristokrass.com | info@aristokrass.com\u00d6FFNNUNGSZEITEN: Mi.-Sa. | 16-20 Uhr LA FIESTA DE LOS MUERTOS AUSSTELLUNG vom 19.10.18 - 24.11.18Vernissage am 19.10.18 ab 19 Uhr In der neuen Ausstellungsreihe \u201eLA FIESTA DE LOS MUERTOS\u201c von ARISTOKRASS wird die Galerie ARISTOKRASS\u2026","rel":"","context":"In &quot;Photographie&quot;","block_context":{"text":"Photographie","link":"https:\/\/sven-teuber.info\/wordpress\/category\/photographie\/"},"img":{"alt_text":"","src":"https:\/\/i0.wp.com\/sven-teuber.info\/wordpress\/wp-content\/uploads\/2018\/09\/Santa-Muerte.jpg?resize=350%2C200&ssl=1","width":350,"height":200},"classes":[]},{"id":6951,"url":"https:\/\/sven-teuber.info\/wordpress\/vernissage-eierplaetzchen-roadshow-18-04-19-04\/","url_meta":{"origin":5332,"position":4},"title":"Vernissage EIERPL\u00c4TZCHEN-ROADSHOW 18.04-19.04","author":"steuber","date":"3. April 2026","format":false,"excerpt":"Sehr geehrte Damen und Herren, liebe Kunstfreunde,wir laden ein zur Kunstausstellung: EIERPL\u00c4TZCHEN-ROADSHOWDie K\u00fcnstler des Eierpl\u00e4tzchen-Montmartres stellen aus:Vernissage\u00a018.04.2026.: 19.00 UhrGalerie Smend, Mainzer Str.37, 50678 K\u00f6ln\u00d6ffnungszeiten\u00a018.04.2026.: 14-22 Uhr,\u00a019.04.2026: 14-19\u00a0UhrParallel stattfindende Aktionen und Livepainting\u00a0am\u00a018.04.2026.: 14-19\u00a0Uhr,\u00a019.04.2026.: 14-19\u00a0Uhrauf dem Eierpl\u00e4tzchen (Kreisverkehr Teutoburger Str.\/Mainzer Str.)und in der Galerie Mainzer Str.37Beteiligte K\u00fcnstler:Peter M\u00fcck,Volker Paffenholz,Manfred F\u00fcrth,Reinhard Scheithauer,Elena Zibler,Maren\u2026","rel":"","context":"In &quot;Allgemein&quot;","block_context":{"text":"Allgemein","link":"https:\/\/sven-teuber.info\/wordpress\/category\/allgemein\/"},"img":{"alt_text":"","src":"","width":0,"height":0},"classes":[]},{"id":5926,"url":"https:\/\/sven-teuber.info\/wordpress\/eierplaetzchen-roadshow-vernissage\/","url_meta":{"origin":5332,"position":5},"title":"EIERPL\u00c4TZCHEN-ROADSHOW Vernissage","author":"steuber","date":"18. April 2023","format":false,"excerpt":"Sehr geehrte Damen und Herren, liebe Kunstfreunde, wir laden ein zur Kunstausstellung:Die K\u00fcnstler des Eierpl\u00e4tzchen-Montmartres stellen aus:Vernissage 6.5.23: 19.30 Uhr Galerie Smend, Mainzer Str.37, 50678 K\u00f6ln\u00d6ffnungszeiten 6.5.23: 14-22 Uhr, 7.5.23: 14-20 UhrParallel stattfindende Aktionen und Livepainting am 6.5.23: 14-22 Uhr, 7-5.23: 14-20 Uhr auf dem Eierpl\u00e4tzchen (Kreisverkehr Teutoburger Str.\/Mainzer Str.)\u2026","rel":"","context":"In &quot;Allgemein&quot;","block_context":{"text":"Allgemein","link":"https:\/\/sven-teuber.info\/wordpress\/category\/allgemein\/"},"img":{"alt_text":"","src":"https:\/\/i0.wp.com\/sven-teuber.info\/wordpress\/wp-content\/uploads\/2023\/04\/Plakat-roadschow-Vorderseite.jpg?resize=350%2C200&ssl=1","width":350,"height":200,"srcset":"https:\/\/i0.wp.com\/sven-teuber.info\/wordpress\/wp-content\/uploads\/2023\/04\/Plakat-roadschow-Vorderseite.jpg?resize=350%2C200&ssl=1 1x, https:\/\/i0.wp.com\/sven-teuber.info\/wordpress\/wp-content\/uploads\/2023\/04\/Plakat-roadschow-Vorderseite.jpg?resize=525%2C300&ssl=1 1.5x, https:\/\/i0.wp.com\/sven-teuber.info\/wordpress\/wp-content\/uploads\/2023\/04\/Plakat-roadschow-Vorderseite.jpg?resize=700%2C400&ssl=1 2x, https:\/\/i0.wp.com\/sven-teuber.info\/wordpress\/wp-content\/uploads\/2023\/04\/Plakat-roadschow-Vorderseite.jpg?resize=1050%2C600&ssl=1 3x, https:\/\/i0.wp.com\/sven-teuber.info\/wordpress\/wp-content\/uploads\/2023\/04\/Plakat-roadschow-Vorderseite.jpg?resize=1400%2C800&ssl=1 4x"},"classes":[]}],"jetpack_likes_enabled":true,"_links":{"self":[{"href":"https:\/\/sven-teuber.info\/wordpress\/wp-json\/wp\/v2\/posts\/5332","targetHints":{"allow":["GET"]}}],"collection":[{"href":"https:\/\/sven-teuber.info\/wordpress\/wp-json\/wp\/v2\/posts"}],"about":[{"href":"https:\/\/sven-teuber.info\/wordpress\/wp-json\/wp\/v2\/types\/post"}],"author":[{"embeddable":true,"href":"https:\/\/sven-teuber.info\/wordpress\/wp-json\/wp\/v2\/users\/2"}],"replies":[{"embeddable":true,"href":"https:\/\/sven-teuber.info\/wordpress\/wp-json\/wp\/v2\/comments?post=5332"}],"version-history":[{"count":1,"href":"https:\/\/sven-teuber.info\/wordpress\/wp-json\/wp\/v2\/posts\/5332\/revisions"}],"predecessor-version":[{"id":5333,"href":"https:\/\/sven-teuber.info\/wordpress\/wp-json\/wp\/v2\/posts\/5332\/revisions\/5333"}],"wp:attachment":[{"href":"https:\/\/sven-teuber.info\/wordpress\/wp-json\/wp\/v2\/media?parent=5332"}],"wp:term":[{"taxonomy":"category","embeddable":true,"href":"https:\/\/sven-teuber.info\/wordpress\/wp-json\/wp\/v2\/categories?post=5332"},{"taxonomy":"post_tag","embeddable":true,"href":"https:\/\/sven-teuber.info\/wordpress\/wp-json\/wp\/v2\/tags?post=5332"}],"curies":[{"name":"wp","href":"https:\/\/api.w.org\/{rel}","templated":true}]}}