{"id":5370,"date":"2020-11-13T18:00:00","date_gmt":"2020-11-13T16:00:00","guid":{"rendered":"http:\/\/sven-teuber.info\/wordpress\/?p=5370"},"modified":"2020-11-08T14:56:58","modified_gmt":"2020-11-08T12:56:58","slug":"buddhismus","status":"publish","type":"post","link":"https:\/\/sven-teuber.info\/wordpress\/buddhismus\/","title":{"rendered":"Buddhismus"},"content":{"rendered":"\n<p>\u00a0<\/p>\n\n\t\t<style type=\"text\/css\">\n\t\t\t#gallery-1 {\n\t\t\t\tmargin: auto;\n\t\t\t}\n\t\t\t#gallery-1 .gallery-item {\n\t\t\t\tfloat: left;\n\t\t\t\tmargin-top: 10px;\n\t\t\t\ttext-align: center;\n\t\t\t\twidth: 33%;\n\t\t\t}\n\t\t\t#gallery-1 img {\n\t\t\t\tborder: 2px solid #cfcfcf;\n\t\t\t}\n\t\t\t#gallery-1 .gallery-caption {\n\t\t\t\tmargin-left: 0;\n\t\t\t}\n\t\t\t\/* see gallery_shortcode() in wp-includes\/media.php *\/\n\t\t<\/style>\n\t\t<div data-carousel-extra='{&quot;blog_id&quot;:1,&quot;permalink&quot;:&quot;https:\/\/sven-teuber.info\/wordpress\/buddhismus\/&quot;}' id='gallery-1' class='gallery galleryid-5370 gallery-columns-3 gallery-size-thumbnail'><dl class='gallery-item'>\n\t\t\t<dt class='gallery-icon portrait'>\n\t\t\t\t<a href='https:\/\/sven-teuber.info\/wordpress\/buddhismus\/buddha-3\/'><img loading=\"lazy\" decoding=\"async\" width=\"150\" height=\"150\" src=\"https:\/\/i0.wp.com\/sven-teuber.info\/wordpress\/wp-content\/uploads\/2020\/11\/Buddha-3-scaled.jpg?resize=150%2C150&amp;ssl=1\" class=\"attachment-thumbnail size-thumbnail\" alt=\"\" srcset=\"https:\/\/i0.wp.com\/sven-teuber.info\/wordpress\/wp-content\/uploads\/2020\/11\/Buddha-3-scaled.jpg?resize=150%2C150&amp;ssl=1 150w, https:\/\/i0.wp.com\/sven-teuber.info\/wordpress\/wp-content\/uploads\/2020\/11\/Buddha-3-scaled.jpg?zoom=2&amp;resize=150%2C150&amp;ssl=1 300w, https:\/\/i0.wp.com\/sven-teuber.info\/wordpress\/wp-content\/uploads\/2020\/11\/Buddha-3-scaled.jpg?zoom=3&amp;resize=150%2C150&amp;ssl=1 450w\" sizes=\"auto, (max-width: 150px) 100vw, 150px\" data-attachment-id=\"5368\" data-permalink=\"https:\/\/sven-teuber.info\/wordpress\/buddhismus\/buddha-3\/\" data-orig-file=\"https:\/\/i0.wp.com\/sven-teuber.info\/wordpress\/wp-content\/uploads\/2020\/11\/Buddha-3-scaled.jpg?fit=1700%2C2560&amp;ssl=1\" data-orig-size=\"1700,2560\" data-comments-opened=\"1\" data-image-meta=\"{&quot;aperture&quot;:&quot;0&quot;,&quot;credit&quot;:&quot;&quot;,&quot;camera&quot;:&quot;&quot;,&quot;caption&quot;:&quot;&quot;,&quot;created_timestamp&quot;:&quot;0&quot;,&quot;copyright&quot;:&quot;&quot;,&quot;focal_length&quot;:&quot;0&quot;,&quot;iso&quot;:&quot;0&quot;,&quot;shutter_speed&quot;:&quot;0&quot;,&quot;title&quot;:&quot;&quot;,&quot;orientation&quot;:&quot;1&quot;}\" data-image-title=\"Buddha-3\" data-image-description=\"\" data-image-caption=\"\" data-large-file=\"https:\/\/i0.wp.com\/sven-teuber.info\/wordpress\/wp-content\/uploads\/2020\/11\/Buddha-3-scaled.jpg?fit=584%2C879&amp;ssl=1\" \/><\/a>\n\t\t\t<\/dt><\/dl><dl class='gallery-item'>\n\t\t\t<dt class='gallery-icon portrait'>\n\t\t\t\t<a href='https:\/\/sven-teuber.info\/wordpress\/buddhismus\/om-manipadme-hum\/'><img loading=\"lazy\" decoding=\"async\" width=\"150\" height=\"150\" src=\"https:\/\/i0.wp.com\/sven-teuber.info\/wordpress\/wp-content\/uploads\/2020\/11\/Om-Manipadme-hum.jpg?resize=150%2C150&amp;ssl=1\" class=\"attachment-thumbnail size-thumbnail\" alt=\"\" srcset=\"https:\/\/i0.wp.com\/sven-teuber.info\/wordpress\/wp-content\/uploads\/2020\/11\/Om-Manipadme-hum.jpg?resize=150%2C150&amp;ssl=1 150w, https:\/\/i0.wp.com\/sven-teuber.info\/wordpress\/wp-content\/uploads\/2020\/11\/Om-Manipadme-hum.jpg?zoom=2&amp;resize=150%2C150&amp;ssl=1 300w, https:\/\/i0.wp.com\/sven-teuber.info\/wordpress\/wp-content\/uploads\/2020\/11\/Om-Manipadme-hum.jpg?zoom=3&amp;resize=150%2C150&amp;ssl=1 450w\" sizes=\"auto, (max-width: 150px) 100vw, 150px\" data-attachment-id=\"5369\" data-permalink=\"https:\/\/sven-teuber.info\/wordpress\/buddhismus\/om-manipadme-hum\/\" data-orig-file=\"https:\/\/i0.wp.com\/sven-teuber.info\/wordpress\/wp-content\/uploads\/2020\/11\/Om-Manipadme-hum.jpg?fit=1136%2C1710&amp;ssl=1\" data-orig-size=\"1136,1710\" data-comments-opened=\"1\" data-image-meta=\"{&quot;aperture&quot;:&quot;0&quot;,&quot;credit&quot;:&quot;&quot;,&quot;camera&quot;:&quot;&quot;,&quot;caption&quot;:&quot;&quot;,&quot;created_timestamp&quot;:&quot;0&quot;,&quot;copyright&quot;:&quot;&quot;,&quot;focal_length&quot;:&quot;0&quot;,&quot;iso&quot;:&quot;0&quot;,&quot;shutter_speed&quot;:&quot;0&quot;,&quot;title&quot;:&quot;&quot;,&quot;orientation&quot;:&quot;1&quot;}\" data-image-title=\"Om Manipadme hum\" data-image-description=\"\" data-image-caption=\"\" data-large-file=\"https:\/\/i0.wp.com\/sven-teuber.info\/wordpress\/wp-content\/uploads\/2020\/11\/Om-Manipadme-hum.jpg?fit=584%2C879&amp;ssl=1\" \/><\/a>\n\t\t\t<\/dt><\/dl>\n\t\t\t<br style='clear: both' \/>\n\t\t<\/div>\n\n<p>&#8222;<em>Der Buddhismus kann Christen oder Muslimen schon etwas seltsam vorkommen. Denn in diesem Glauben gibt es kein Paradies und keinen allm\u00e4chtigen Gott. Heute bekennen sich rund 360 Millionen Menschen zu der friedlichen Lehre, deren Geschichte 2500 Jahre zur\u00fcckreicht<\/em>&#8222;.<\/p>\n<p>Buddhismus Konzeption und Praxis des Friedens<br \/>Laura LeyserKnut Rakus<\/p>\n<p>Seminararbeit im Rahmen des <a href=\"https:\/\/www.univie.ac.at\/suche\/?q=Buddhismus\">Seminars Globalisierung<\/a> und Philosophie (Friedensideen) im WS 2004\/2005 bei a.o. Univ.-Prof. Dr. Franz Martin Wimme. Link zu dem PDF <a href=\"https:\/\/homepage.univie.ac.at\/Franz.Martin.Wimmer\/stud-arbeiten\/se0405leyser_rakus.pdf\">Dokument<\/a><\/p>\n<div class=\"content-element-margin-small fusionresult\">\n<div class=\"small\">&#8222;Einf\u00fchrung<br \/><em>Die buddhistische Philosophie hat den generellen Ruf einer \u00fcberaus friedliebenden Weltanschauung. Diese Konzeption beruht auf dem Prinzip von ahimsa, des Nicht-Verletzens, das f\u00fcr alle Gesch\u00f6pfe dieser Welt gleicherma\u00dfen g\u00fcltig ist. Auch das eigentliche Konzept des Friedens ist in einer alles umfassenden Lehre der Ethik tief verwurzelt, dies bedeutet jedoch nicht, dass Buddhisten immer friedlich waren oder sind. Buddhistische K\u00f6nigreiche oder Nationen haben bzw. f\u00fchren noch immer Kriege aufgrund von Beweggr\u00fcnden, die anderswo auch ausschlaggebend sind. Trotzdem ist es faktisch unm\u00f6glich in der buddhistischen Lehre eine plausible Rechtfertigung f\u00fcr jegliche Arten der Gewalt gegen sich selbst und\/oder gegen andere, zu finden. Des Weiteren hat der Buddhismus ein besonders reiches Repertoire an Konfliktl\u00f6sungsans\u00e4tzen basierend auf der reichen Lehre der Ethik und der spezifischen Auffassung der kausalen Zusammenh\u00e4nge aller Dinge<\/em>&#8222;.<\/div>\n<\/div>\n","protected":false},"excerpt":{"rendered":"<p>\u00a0 &#8222;Der Buddhismus kann Christen oder Muslimen schon etwas seltsam vorkommen. Denn in diesem Glauben gibt es kein Paradies und keinen allm\u00e4chtigen Gott. Heute bekennen sich rund 360 Millionen Menschen zu der friedlichen Lehre, deren Geschichte 2500 Jahre zur\u00fcckreicht&#8222;. Buddhismus &hellip; <a href=\"https:\/\/sven-teuber.info\/wordpress\/buddhismus\/\">Weiterlesen <span class=\"meta-nav\">&rarr;<\/span><\/a><\/p>\n","protected":false},"author":2,"featured_media":0,"comment_status":"open","ping_status":"open","sticky":false,"template":"","format":"standard","meta":{"_crdt_document":"","jetpack_post_was_ever_published":false,"_jetpack_newsletter_access":"","_jetpack_dont_email_post_to_subs":false,"_jetpack_newsletter_tier_id":0,"_jetpack_memberships_contains_paywalled_content":false,"_jetpack_memberships_contains_paid_content":false,"footnotes":"","jetpack_publicize_message":"","jetpack_publicize_feature_enabled":true,"jetpack_social_post_already_shared":true,"jetpack_social_options":{"image_generator_settings":{"template":"highway","default_image_id":0,"font":"","enabled":false},"version":2}},"categories":[1,10,826],"tags":[827,832,833,829,835,834,828,831,830],"class_list":["post-5370","post","type-post","status-publish","format-standard","hentry","category-allgemein","category-peinture","category-religion","tag-buddhismus","tag-dhamma","tag-karma","tag-mahayana-buddhismus","tag-nibbana","tag-samsara","tag-theravada-buddhismus","tag-universelle-konzepte","tag-vajrayana-buddhismus"],"jetpack_publicize_connections":[],"jetpack_featured_media_url":"","jetpack_sharing_enabled":true,"jetpack_shortlink":"https:\/\/wp.me\/p3CWBT-1oC","jetpack-related-posts":[{"id":2679,"url":"https:\/\/sven-teuber.info\/wordpress\/das-manifest-der-vernunft\/","url_meta":{"origin":5370,"position":0},"title":"Das Manifest der Vernunft","author":"steuber","date":"30. Januar 2015","format":false,"excerpt":"Freunde des Kalifats, Extremisten und andere Psychopathen auf diesem Planeten, wir leben in einer Demokratie und praktizieren die Meinungs- und Glaubensfreiheit, das sollte auch so bleiben. Sch\u00f6n, dass ihr davon \u00fcberzeugt seid, dass euer Gott der Alleinige ist: \u201eIch bezeuge, dass es keine Gottheit au\u00dfer Gott gibt und dass Mohammed\u2026","rel":"","context":"In &quot;Allgemein&quot;","block_context":{"text":"Allgemein","link":"https:\/\/sven-teuber.info\/wordpress\/category\/allgemein\/"},"img":{"alt_text":"Brain-Wash","src":"https:\/\/i0.wp.com\/sven-teuber.info\/wordpress\/wp-content\/uploads\/2015\/01\/Brain-Wash.jpg?resize=350%2C200","width":350,"height":200,"srcset":"https:\/\/i0.wp.com\/sven-teuber.info\/wordpress\/wp-content\/uploads\/2015\/01\/Brain-Wash.jpg?resize=350%2C200 1x, https:\/\/i0.wp.com\/sven-teuber.info\/wordpress\/wp-content\/uploads\/2015\/01\/Brain-Wash.jpg?resize=525%2C300 1.5x, https:\/\/i0.wp.com\/sven-teuber.info\/wordpress\/wp-content\/uploads\/2015\/01\/Brain-Wash.jpg?resize=700%2C400 2x"},"classes":[]},{"id":3252,"url":"https:\/\/sven-teuber.info\/wordpress\/joseph-beuys\/","url_meta":{"origin":5370,"position":1},"title":"Joseph Beuys","author":"steuber","date":"22. Januar 2016","format":"video","excerpt":"Joseph Beuys (geboren am 12. Mai 1921 in Krefeld gestorben am 23. Januar 1986 in D\u00fcsseldorf) war ein deutscher Bildhauer, Zeichner sowie Aktionsk\u00fcnstler.\u00a0 Wie kaum ein anderer hat Joseph Beuys seit den 60er Jahren die Definition, was Kunst ist, relativiert. Sein Engagement gipfelte in der Aktion \"Jeder Mensch ist ein\u2026","rel":"","context":"In &quot;Allgemein&quot;","block_context":{"text":"Allgemein","link":"https:\/\/sven-teuber.info\/wordpress\/category\/allgemein\/"},"img":{"alt_text":"","src":"","width":0,"height":0},"classes":[]},{"id":4906,"url":"https:\/\/sven-teuber.info\/wordpress\/100-jahre-bauhaus-dessau\/","url_meta":{"origin":5370,"position":2},"title":"100 Jahre Bauhaus Dessau","author":"steuber","date":"27. April 2019","format":false,"excerpt":"ST, 2019, Title: 100 Jahre Bauhaus Das Staatliche Bauhaus, inzwischen meist nur Bauhaus, wurde 1919 von Walter Gropius in Weimar als Kunstschule gegr\u00fcndet. Nach Art und Konzeption war es damals etwas v\u00f6llig Neues, da das Bauhaus eine Zusammenf\u00fchrung von Kunst und Handwerk darstellte. Das historische Bauhaus stellt heute die einflussreichste\u2026","rel":"","context":"In &quot;Allgemein&quot;","block_context":{"text":"Allgemein","link":"https:\/\/sven-teuber.info\/wordpress\/category\/allgemein\/"},"img":{"alt_text":"","src":"https:\/\/i0.wp.com\/sven-teuber.info\/wordpress\/wp-content\/uploads\/2019\/04\/Bauhaus-History_ST.jpg?resize=350%2C200&ssl=1","width":350,"height":200,"srcset":"https:\/\/i0.wp.com\/sven-teuber.info\/wordpress\/wp-content\/uploads\/2019\/04\/Bauhaus-History_ST.jpg?resize=350%2C200&ssl=1 1x, https:\/\/i0.wp.com\/sven-teuber.info\/wordpress\/wp-content\/uploads\/2019\/04\/Bauhaus-History_ST.jpg?resize=525%2C300&ssl=1 1.5x, https:\/\/i0.wp.com\/sven-teuber.info\/wordpress\/wp-content\/uploads\/2019\/04\/Bauhaus-History_ST.jpg?resize=700%2C400&ssl=1 2x, https:\/\/i0.wp.com\/sven-teuber.info\/wordpress\/wp-content\/uploads\/2019\/04\/Bauhaus-History_ST.jpg?resize=1050%2C600&ssl=1 3x, https:\/\/i0.wp.com\/sven-teuber.info\/wordpress\/wp-content\/uploads\/2019\/04\/Bauhaus-History_ST.jpg?resize=1400%2C800&ssl=1 4x"},"classes":[]},{"id":5819,"url":"https:\/\/sven-teuber.info\/wordpress\/titel-und-besudelt-mit-der-schuld-derjenigen-die-dieses-verbrechen-begangen\/","url_meta":{"origin":5370,"position":3},"title":"Titel: Und besudelt mit der Schuld derjenigen, die dieses Verbrechen begangen","author":"steuber","date":"25. Januar 2023","format":false,"excerpt":"Titel: Und besudelt mit der Schuld derjenigen, die dieses Verbrechen begangen, 2023, ST Das G\u00f6ttliche ist Gottes Sache, das Menschliche Sache >>des Menschen<<Max Stirner PhilosophieWer Frieden will, r\u00fcste zum Krieg \"Angesichts von Putins\u00a0Krieg ist es hochaktuell, \u00fcber die Ursachen von Krieg und die Bedingungen f\u00fcr Frieden nachzudenken und sich mit\u2026","rel":"","context":"In &quot;Allgemein&quot;","block_context":{"text":"Allgemein","link":"https:\/\/sven-teuber.info\/wordpress\/category\/allgemein\/"},"img":{"alt_text":"","src":"https:\/\/i0.wp.com\/sven-teuber.info\/wordpress\/wp-content\/uploads\/2023\/01\/Und-besudelt-mit-der-Schuld-derjenigen-die-dieses-Verbrechen-begangen.jpg?resize=350%2C200&ssl=1","width":350,"height":200,"srcset":"https:\/\/i0.wp.com\/sven-teuber.info\/wordpress\/wp-content\/uploads\/2023\/01\/Und-besudelt-mit-der-Schuld-derjenigen-die-dieses-Verbrechen-begangen.jpg?resize=350%2C200&ssl=1 1x, https:\/\/i0.wp.com\/sven-teuber.info\/wordpress\/wp-content\/uploads\/2023\/01\/Und-besudelt-mit-der-Schuld-derjenigen-die-dieses-Verbrechen-begangen.jpg?resize=525%2C300&ssl=1 1.5x, https:\/\/i0.wp.com\/sven-teuber.info\/wordpress\/wp-content\/uploads\/2023\/01\/Und-besudelt-mit-der-Schuld-derjenigen-die-dieses-Verbrechen-begangen.jpg?resize=700%2C400&ssl=1 2x"},"classes":[]},{"id":3717,"url":"https:\/\/sven-teuber.info\/wordpress\/deutschland-und-seine-hoch-gehaltene-religionsfreiheit\/","url_meta":{"origin":5370,"position":4},"title":"Deutschland und seine hoch gehaltene Religionsfreiheit","author":"steuber","date":"21. August 2016","format":"gallery","excerpt":"Islamismus auf dem Vormarsch, Anschl\u00e4ge im Namen Allahs (Gott ist wohl eher b\u00f6se als gro\u00df\u2026), \u2018islamkonforme\u2019 sexuelle \u00dcbergriffe und Frauenverachtung, \u2019islambedingter\u2019 Homosexuellen- und Judenhass, Millionen Muslime auf der Flucht aus islamischen L\u00e4ndern in die L\u00e4nder der Ungl\u00e4ubigen: Die Fl\u00fcchtlingskrise hat es in sich und f\u00fchrte zu vergifteten Debatten \u00fcber die\u2026","rel":"","context":"In &quot;Allgemein&quot;","block_context":{"text":"Allgemein","link":"https:\/\/sven-teuber.info\/wordpress\/category\/allgemein\/"},"img":{"alt_text":"Marx","src":"https:\/\/i0.wp.com\/sven-teuber.info\/wordpress\/wp-content\/uploads\/2016\/08\/Marx.jpg?resize=350%2C200","width":350,"height":200,"srcset":"https:\/\/i0.wp.com\/sven-teuber.info\/wordpress\/wp-content\/uploads\/2016\/08\/Marx.jpg?resize=350%2C200 1x, https:\/\/i0.wp.com\/sven-teuber.info\/wordpress\/wp-content\/uploads\/2016\/08\/Marx.jpg?resize=525%2C300 1.5x, https:\/\/i0.wp.com\/sven-teuber.info\/wordpress\/wp-content\/uploads\/2016\/08\/Marx.jpg?resize=700%2C400 2x"},"classes":[]},{"id":3131,"url":"https:\/\/sven-teuber.info\/wordpress\/karl-popper-philosophie-gegen-falsche-propheten-3sat2\/","url_meta":{"origin":5370,"position":5},"title":"Karl Popper Philosophie gegen falsche Propheten, 3sat2","author":"steuber","date":"21. November 2015","format":"video","excerpt":"","rel":"","context":"In &quot;Allgemein&quot;","block_context":{"text":"Allgemein","link":"https:\/\/sven-teuber.info\/wordpress\/category\/allgemein\/"},"img":{"alt_text":"","src":"","width":0,"height":0},"classes":[]}],"jetpack_likes_enabled":true,"_links":{"self":[{"href":"https:\/\/sven-teuber.info\/wordpress\/wp-json\/wp\/v2\/posts\/5370","targetHints":{"allow":["GET"]}}],"collection":[{"href":"https:\/\/sven-teuber.info\/wordpress\/wp-json\/wp\/v2\/posts"}],"about":[{"href":"https:\/\/sven-teuber.info\/wordpress\/wp-json\/wp\/v2\/types\/post"}],"author":[{"embeddable":true,"href":"https:\/\/sven-teuber.info\/wordpress\/wp-json\/wp\/v2\/users\/2"}],"replies":[{"embeddable":true,"href":"https:\/\/sven-teuber.info\/wordpress\/wp-json\/wp\/v2\/comments?post=5370"}],"version-history":[{"count":1,"href":"https:\/\/sven-teuber.info\/wordpress\/wp-json\/wp\/v2\/posts\/5370\/revisions"}],"predecessor-version":[{"id":5371,"href":"https:\/\/sven-teuber.info\/wordpress\/wp-json\/wp\/v2\/posts\/5370\/revisions\/5371"}],"wp:attachment":[{"href":"https:\/\/sven-teuber.info\/wordpress\/wp-json\/wp\/v2\/media?parent=5370"}],"wp:term":[{"taxonomy":"category","embeddable":true,"href":"https:\/\/sven-teuber.info\/wordpress\/wp-json\/wp\/v2\/categories?post=5370"},{"taxonomy":"post_tag","embeddable":true,"href":"https:\/\/sven-teuber.info\/wordpress\/wp-json\/wp\/v2\/tags?post=5370"}],"curies":[{"name":"wp","href":"https:\/\/api.w.org\/{rel}","templated":true}]}}