{"id":5491,"date":"2021-10-03T19:12:31","date_gmt":"2021-10-03T17:12:31","guid":{"rendered":"http:\/\/sven-teuber.info\/wordpress\/arles-50-ans-de-photographie-2021\/"},"modified":"2021-10-03T19:12:31","modified_gmt":"2021-10-03T17:12:31","slug":"arles-50-ans-de-photographie-2021","status":"publish","type":"post","link":"https:\/\/sven-teuber.info\/wordpress\/arles-50-ans-de-photographie-2021\/","title":{"rendered":"Arles 50 ans de photographie 2021"},"content":{"rendered":"\n<p class=\"wp-block-paragraph\">CURATORIALE DES RENCONTRES D&#8217;ARLES<br \/>APPEL \u00c0 CANDIDATURES<br \/>24 SEPTEMBRE \u2014 15 D\u00c9CEMBRE 2021<br \/>La bourse de recherche curatoriale des Rencontres d&#8217;Arles d\u2019un montant de 20 000 euros est ouverte \u00e0 tou\u00b7te\u00b7s les commissaires d\u2019exposition.<\/p>\n\n\n\n<p class=\"wp-block-paragraph\">https:\/\/www.rencontres-arles.com\/<\/p>\n","protected":false},"excerpt":{"rendered":"<p>CURATORIALE DES RENCONTRES D&#8217;ARLESAPPEL \u00c0 CANDIDATURES24 SEPTEMBRE \u2014 15 D\u00c9CEMBRE 2021La bourse de recherche curatoriale des Rencontres d&#8217;Arles d\u2019un montant de 20 000 euros est ouverte \u00e0 tou\u00b7te\u00b7s les commissaires d\u2019exposition. https:\/\/www.rencontres-arles.com\/<\/p>\n","protected":false},"author":2,"featured_media":0,"comment_status":"open","ping_status":"open","sticky":false,"template":"","format":"standard","meta":{"_crdt_document":"","jetpack_post_was_ever_published":false,"_jetpack_newsletter_access":"","_jetpack_dont_email_post_to_subs":false,"_jetpack_newsletter_tier_id":0,"_jetpack_memberships_contains_paywalled_content":false,"_jetpack_memberships_contains_paid_content":false,"footnotes":"","jetpack_publicize_message":"","jetpack_publicize_feature_enabled":true,"jetpack_social_post_already_shared":true,"jetpack_social_options":{"image_generator_settings":{"template":"highway","default_image_id":0,"font":"","enabled":false},"version":2}},"categories":[1],"tags":[],"class_list":["post-5491","post","type-post","status-publish","format-standard","hentry","category-allgemein"],"jetpack_publicize_connections":[],"jetpack_featured_media_url":"","jetpack_sharing_enabled":true,"jetpack_shortlink":"https:\/\/wp.me\/p3CWBT-1qz","jetpack-related-posts":[{"id":3086,"url":"https:\/\/sven-teuber.info\/wordpress\/marionnettistes-simulateur-de-bebe\/","url_meta":{"origin":5491,"position":0},"title":"Marionnettistes: Simulateur de b\u00e9b\u00e9","author":"steuber","date":"30. Oktober 2015","format":"chat","excerpt":"Simulateur de b\u00e9b\u00e9 comprenant : une poup\u00e9e ayant au moins un torse et une t\u00eate connect\u00e9e de mani\u00e8re flasque au torse. Il n'y a rien de plus beau au monde que les visages des enfants qui sont heureux et radiants. Nous sommes convaincus que l'autonomisation de nos collaborateurs favorise la\u2026","rel":"","context":"In &quot;Photographie&quot;","block_context":{"text":"Photographie","link":"https:\/\/sven-teuber.info\/wordpress\/category\/photographie\/"},"img":{"alt_text":"OLYMPUS DIGITAL CAMERA","src":"https:\/\/i0.wp.com\/sven-teuber.info\/wordpress\/wp-content\/uploads\/2015\/10\/P3150042-copy1.jpg?resize=350%2C200","width":350,"height":200,"srcset":"https:\/\/i0.wp.com\/sven-teuber.info\/wordpress\/wp-content\/uploads\/2015\/10\/P3150042-copy1.jpg?resize=350%2C200 1x, https:\/\/i0.wp.com\/sven-teuber.info\/wordpress\/wp-content\/uploads\/2015\/10\/P3150042-copy1.jpg?resize=525%2C300 1.5x, https:\/\/i0.wp.com\/sven-teuber.info\/wordpress\/wp-content\/uploads\/2015\/10\/P3150042-copy1.jpg?resize=700%2C400 2x"},"classes":[]},{"id":47,"url":"https:\/\/sven-teuber.info\/wordpress\/peugeot-403-2\/","url_meta":{"origin":5491,"position":1},"title":"Peugeot 403","author":"steuber","date":"9. Februar 2013","format":false,"excerpt":"[imagebrowser id=2] History \"The 403 made its debut in saloon body style on 20 April 1955 at the Trocad\u00e9ro Palace in Paris. The engine size gave the car a \"tax horsepower\" of 8 CV (8\u00a0hp), which placed it a class below the soon-to-be-replaced 11 CV Citro\u00ebn Traction, but at least\u2026","rel":"","context":"In &quot;Foto-stretch&quot;","block_context":{"text":"Foto-stretch","link":"https:\/\/sven-teuber.info\/wordpress\/category\/foto-stretch\/"},"img":{"alt_text":"","src":"","width":0,"height":0},"classes":[]},{"id":4129,"url":"https:\/\/sven-teuber.info\/wordpress\/obtaining-the-air-quality-certificate-for-france\/","url_meta":{"origin":5491,"position":2},"title":"Obtaining the Air Quality Certificate for France","author":"steuber","date":"20. April 2017","format":"aside","excerpt":"Obtaining the Air Quality Certificate for France The Air Quality Certificate is a secure document issued on the basis of information which appears on the vehicle registration certificate . It certifies the vehicle's environmental class based on pollutant emissions. In just a few clicks, you can use this service to:\u2026","rel":"","context":"In &quot;Allgemein&quot;","block_context":{"text":"Allgemein","link":"https:\/\/sven-teuber.info\/wordpress\/category\/allgemein\/"},"img":{"alt_text":"","src":"https:\/\/i0.wp.com\/sven-teuber.info\/wordpress\/wp-content\/uploads\/2017\/04\/Vignette_TW_QualiteAir_Tableau_880x440-1.png?resize=350%2C200","width":350,"height":200,"srcset":"https:\/\/i0.wp.com\/sven-teuber.info\/wordpress\/wp-content\/uploads\/2017\/04\/Vignette_TW_QualiteAir_Tableau_880x440-1.png?resize=350%2C200 1x, https:\/\/i0.wp.com\/sven-teuber.info\/wordpress\/wp-content\/uploads\/2017\/04\/Vignette_TW_QualiteAir_Tableau_880x440-1.png?resize=525%2C300 1.5x, https:\/\/i0.wp.com\/sven-teuber.info\/wordpress\/wp-content\/uploads\/2017\/04\/Vignette_TW_QualiteAir_Tableau_880x440-1.png?resize=700%2C400 2x"},"classes":[]},{"id":2400,"url":"https:\/\/sven-teuber.info\/wordpress\/snap-to-grid\/","url_meta":{"origin":5491,"position":3},"title":"SNAP TO GRID","author":"steuber","date":"25. Oktober 2014","format":"aside","excerpt":"the UN-Juried Exhibit every entry shown! December 11, 2014-January 3, 2015 Opening Reception Thursday December 11, 7-9pm in conjunction with the Downtown Art Walk Installation shot, Snap to Grid 2013 Show your work in our un-juried exhibit featuring digital art and photography at the tenth anniversary exhibit of this very\u2026","rel":"","context":"In &quot;Events&quot;","block_context":{"text":"Events","link":"https:\/\/sven-teuber.info\/wordpress\/category\/events\/"},"img":{"alt_text":"snap to grid installation shot","src":"https:\/\/i0.wp.com\/lacda.com\/snap104.jpg?resize=350%2C200","width":350,"height":200,"srcset":"https:\/\/i0.wp.com\/lacda.com\/snap104.jpg?resize=350%2C200 1x, https:\/\/i0.wp.com\/lacda.com\/snap104.jpg?resize=525%2C300 1.5x"},"classes":[]},{"id":3887,"url":"https:\/\/sven-teuber.info\/wordpress\/the-jihadi-threat-what-does-all-that-have-to-do-with-berlin-christmas-market-terrorist-attack\/","url_meta":{"origin":5491,"position":4},"title":"THE JIHADI THREAT: What does all that have to do with Berlin Christmas market terrorist attack?","author":"steuber","date":"21. Dezember 2016","format":"quote","excerpt":"THE JIHADI THREAT ISIS , Daesh, al-Qaeda and beyond. What does all that have to do with Berlin Christmas market terrorist attack? \"The West failed to predict the emergence of al-Qaeda in new forms across the Middle East and North Africa. It was blindsided by the ISIS sweep across Syria\u2026","rel":"","context":"In &quot;Politik&quot;","block_context":{"text":"Politik","link":"https:\/\/sven-teuber.info\/wordpress\/category\/politik\/"},"img":{"alt_text":"","src":"https:\/\/i0.wp.com\/sven-teuber.info\/wordpress\/wp-content\/uploads\/2016\/12\/Quelle.jpg?resize=350%2C200","width":350,"height":200,"srcset":"https:\/\/i0.wp.com\/sven-teuber.info\/wordpress\/wp-content\/uploads\/2016\/12\/Quelle.jpg?resize=350%2C200 1x, https:\/\/i0.wp.com\/sven-teuber.info\/wordpress\/wp-content\/uploads\/2016\/12\/Quelle.jpg?resize=525%2C300 1.5x"},"classes":[]},{"id":4198,"url":"https:\/\/sven-teuber.info\/wordpress\/lettre-ouverte-au-ministere-de-leducation-nationale\/","url_meta":{"origin":5491,"position":5},"title":"Lettre ouverte au Minist\u00e8re de l\u2019Education nationale","author":"steuber","date":"8. September 2017","format":"chat","excerpt":"Minist\u00e8re de l\u2019Education nationale, Monsieur Jean-Michel Blanquer, Ministre de l\u2019Education nationale, Madame Fr\u00e9d\u00e9rique Vidal, Ministre de l\u2019Enseignement sup\u00e9rieur et de la Recherche, Je souhaiterais, par la pr\u00e9sente, vous faire part de quelques constats regrettables relatifs au fonctionnement de votre administration \/ vos administrations. Vivant en Allemagne, ces dysfonctionnements me sont\u2026","rel":"","context":"In &quot;For your Information&quot;","block_context":{"text":"For your Information","link":"https:\/\/sven-teuber.info\/wordpress\/category\/for-your-information\/"},"img":{"alt_text":"","src":"https:\/\/i0.wp.com\/sven-teuber.info\/wordpress\/wp-content\/uploads\/2017\/09\/Linien-2.jpg?resize=350%2C200","width":350,"height":200,"srcset":"https:\/\/i0.wp.com\/sven-teuber.info\/wordpress\/wp-content\/uploads\/2017\/09\/Linien-2.jpg?resize=350%2C200 1x, https:\/\/i0.wp.com\/sven-teuber.info\/wordpress\/wp-content\/uploads\/2017\/09\/Linien-2.jpg?resize=525%2C300 1.5x, https:\/\/i0.wp.com\/sven-teuber.info\/wordpress\/wp-content\/uploads\/2017\/09\/Linien-2.jpg?resize=700%2C400 2x"},"classes":[]}],"jetpack_likes_enabled":true,"_links":{"self":[{"href":"https:\/\/sven-teuber.info\/wordpress\/wp-json\/wp\/v2\/posts\/5491","targetHints":{"allow":["GET"]}}],"collection":[{"href":"https:\/\/sven-teuber.info\/wordpress\/wp-json\/wp\/v2\/posts"}],"about":[{"href":"https:\/\/sven-teuber.info\/wordpress\/wp-json\/wp\/v2\/types\/post"}],"author":[{"embeddable":true,"href":"https:\/\/sven-teuber.info\/wordpress\/wp-json\/wp\/v2\/users\/2"}],"replies":[{"embeddable":true,"href":"https:\/\/sven-teuber.info\/wordpress\/wp-json\/wp\/v2\/comments?post=5491"}],"version-history":[{"count":0,"href":"https:\/\/sven-teuber.info\/wordpress\/wp-json\/wp\/v2\/posts\/5491\/revisions"}],"wp:attachment":[{"href":"https:\/\/sven-teuber.info\/wordpress\/wp-json\/wp\/v2\/media?parent=5491"}],"wp:term":[{"taxonomy":"category","embeddable":true,"href":"https:\/\/sven-teuber.info\/wordpress\/wp-json\/wp\/v2\/categories?post=5491"},{"taxonomy":"post_tag","embeddable":true,"href":"https:\/\/sven-teuber.info\/wordpress\/wp-json\/wp\/v2\/tags?post=5491"}],"curies":[{"name":"wp","href":"https:\/\/api.w.org\/{rel}","templated":true}]}}